{"id":34426,"date":"2025-09-13T15:44:11","date_gmt":"2025-09-13T15:44:11","guid":{"rendered":"https:\/\/www.europesays.com\/no\/34426\/"},"modified":"2025-09-13T15:44:11","modified_gmt":"2025-09-13T15:44:11","slug":"minst-25-skadet-i-eksplosjon-i-madrid","status":"publish","type":"post","link":"https:\/\/www.europesays.com\/no\/34426\/","title":{"rendered":"Minst 25 skadet i eksplosjon i Madrid"},"content":{"rendered":"\n<p class=\"_lead_ew2ao_2 _lead_xtcu6_50 layout-component text-serif-m layout-normal text-serif-l layout-component layout-wide layout-padded _wide_17hqh_1 layout-padded\">Minst 25 er skadet i en gasseksplosjon ved et utested i Madrid, melder spanske medier.<\/p>\n<p><img alt=\"EKSPLOSJON: N\u00f8detatene jobber p\u00e5 stedet og har delt bilder p\u00e5 X, tidligere Twitter.  Foto: @EmergenciasMad\/X\" class=\"_image_qp4xg_65 layout-component layout-wide\" data-fullscreen- data-track-element-type=\"Article image fullscreen\" data-track-name=\"ImageFullscreen\" fetchpriority=\"high\" decoding=\"sync\" loading=\"eager\" height=\"768\" itemprop=\"image\"  src=\"https:\/\/www.europesays.com\/no\/wp-content\/uploads\/2025\/09\/89ed3a2d-5eed-4035-9f57-93201091de40\"  style=\"object-position:0% 0%\" width=\"1024\"\/>EKSPLOSJON: N\u00f8detatene jobber p\u00e5 stedet og har delt bilder p\u00e5 X, tidligere Twitter.  Foto: @EmergenciasMad\/X<\/p>\n<ul aria-hidden=\"true\" class=\"_images_1y6fe_106\">\n<li><a class=\"_link_1y6fe_111\" href=\"https:\/\/www.vg.no\/forfatter\/joern-e-kaalstad\" style=\"z-index:2\" title=\"J\u00f8rn E. Kaalstad\" rel=\"nofollow noopener\" target=\"_blank\"><img alt=\"Bilde av J\u00f8rn E. Kaalstad\" class=\"_image_1y6fe_88\" fetchpriority=\"low\" loading=\"lazy\" decoding=\"async\" itemprop=\"image\"  src=\"https:\/\/www.europesays.com\/no\/wp-content\/uploads\/2025\/09\/1757778248_874_669373df-e8fd-4864-880f-5035f6f30b0b\"  width=\"480\"\/><\/a><\/li>\n<li><a class=\"_link_1y6fe_111\" href=\"https:\/\/www.vg.no\/forfatter\/elise-kvien\" style=\"z-index:1\" title=\"Elise Kvien\" rel=\"nofollow noopener\" target=\"_blank\"><img alt=\"Bilde av Elise Kvien\" class=\"_image_1y6fe_88\" fetchpriority=\"low\" loading=\"lazy\" decoding=\"async\" itemprop=\"image\"  src=\"https:\/\/www.europesays.com\/no\/wp-content\/uploads\/2025\/09\/1757778249_818_e9d71b6f-2a15-4dd1-85be-ea8fb873046c\"  width=\"480\"\/><\/a><\/li>\n<\/ul>\n<p> Oppdatert l\u00f8rdag 13. september kl. 17:41     <\/p>\n<p class=\"_paragraph_ew2ao_4 _paragraph_xtcu6_10 layout-component text-serif-m layout-normal text-serif-m layout-padded\">Minst 25 personer ble skadet, tre alvorlig og to potensielt alvorlig, i en gasseksplosjon som skjedde denne l\u00f8rdagen p\u00e5 et sted i Puente de Vallecas i Madrid, if\u00f8lge politibetjenter som var til stede p\u00e5 stedet, skriver den spanske avisen<a href=\"https:\/\/elpais.com\/espana\/madrid\/2025-09-13\/una-explosion-en-un-bar-de-madrid-causa-al-menos-14-heridos.html\" class=\"_link_ew2ao_39\" rel=\"nofollow noopener\" target=\"_blank\"> El Pais<\/a>.<\/p>\n<p class=\"_paragraph_ew2ao_4 _paragraph_xtcu6_10 layout-component text-serif-m layout-normal text-serif-m layout-padded\">Eksplosjonen, som skjedde rundt klokken 15.00 p\u00e5 Calle Manuel Maroto, rammet boligbygningen over stedet og baren Mis Tesoros ved siden av. <\/p>\n<p class=\"_paragraph_ew2ao_4 _paragraph_xtcu6_10 layout-component text-serif-m layout-normal text-serif-m layout-padded\">Brannmannskaper rydder opp rundt eksplosjonsstedet manuelt p\u00e5 grunn av at bygningen er ustabil, skriver avisen <a href=\"https:\/\/www.20minutos.es\/madrid\/explosion-bar-madrid-vallecas-heridos_6325780_0.html\" class=\"_link_ew2ao_39\" rel=\"nofollow noopener\" target=\"_blank\">20 minutos<\/a>.<\/p>\n<p class=\"_paragraph_ew2ao_4 _paragraph_xtcu6_10 layout-component text-serif-m layout-normal text-serif-m layout-padded\">Hele bygningen er evakuert, i f\u00f8lge spansk politi.<\/p>\n<p class=\"_paragraph_ew2ao_4 _paragraph_xtcu6_10 layout-component text-serif-m layout-normal text-serif-m layout-padded\">Naboer sier til El Pais at lokalet der eksplosjonen skjedde var en bebodd kjeller. Eksplosjonen raste ned deler av den tilst\u00f8tende inngangen og en av veggene i baren, som ligger inntil den bebodde delen.<\/p>\n<p class=\"_paragraph_ew2ao_4 _paragraph_xtcu6_10 layout-component text-serif-m layout-normal text-serif-m layout-padded\">Luftst\u00f8tteseksjonen p\u00e5 @policiademadrid jobber p\u00e5 stedet med droner. Politiet har ogs\u00e5 sendt hunder inn i omr\u00e5det.<\/p>\n<p><img alt=\"Foto: @EmergenciasMad\/X\" class=\"_image_qp4xg_65 layout-component layout-normal\" data-fullscreen- data-track-element-type=\"Article image fullscreen\" data-track-name=\"ImageFullscreen\" decoding=\"async\" loading=\"lazy\" height=\"768\" itemprop=\"image\"  src=\"https:\/\/www.europesays.com\/no\/wp-content\/uploads\/2025\/09\/d72c428f-1872-4528-96ea-3aa8460ec1b3\"  style=\"object-position:0% 0%\" width=\"1024\"\/>Foto: @EmergenciasMad\/X    <img decoding=\"async\" alt=\"Tips oss illustrasjon\" width=\"62px\" height=\"auto\" src=\"https:\/\/www.europesays.com\/no\/wp-content\/uploads\/2025\/08\/1754784428_95_W9avJzE.png\"\/>    <\/p>\n<p class=\"title-serif-s\">Har du tips til oss?<\/p>\n<p class=\"text-sans-m\">Send oss informasjon, bilder eller video<\/p>\n<p>  <a href=\"https:\/\/www.vg.no\/tips-oss\" rel=\"nofollow noopener\" target=\"_blank\"> Tips oss <\/a>      <\/p>\n","protected":false},"excerpt":{"rendered":"Minst 25 er skadet i en gasseksplosjon ved et utested i Madrid, melder spanske medier. EKSPLOSJON: N\u00f8detatene jobber&hellip;\n","protected":false},"author":2,"featured_media":34427,"comment_status":"","ping_status":"","sticky":false,"template":"","format":"standard","meta":{"footnotes":""},"categories":[12],"tags":[31,20,21,24,25,15,22,23,13,30,28,29,14,16,26,27,42,43,44,45],"class_list":{"0":"post-34426","1":"post","2":"type-post","3":"status-publish","4":"format-standard","5":"has-post-thumbnail","7":"category-verden","8":"tag-breaking","9":"tag-breaking-news","10":"tag-breakingnews","11":"tag-featured-news","12":"tag-featurednews","13":"tag-headlines","14":"tag-latest-news","15":"tag-latestnews","16":"tag-news","17":"tag-no","18":"tag-norge","19":"tag-norway","20":"tag-nyheter","21":"tag-overskrifter","22":"tag-top-stories","23":"tag-topstories","24":"tag-verden","25":"tag-world","26":"tag-world-news","27":"tag-worldnews"},"share_on_mastodon":{"url":"","error":""},"_links":{"self":[{"href":"https:\/\/www.europesays.com\/no\/wp-json\/wp\/v2\/posts\/34426","targetHints":{"allow":["GET"]}}],"collection":[{"href":"https:\/\/www.europesays.com\/no\/wp-json\/wp\/v2\/posts"}],"about":[{"href":"https:\/\/www.europesays.com\/no\/wp-json\/wp\/v2\/types\/post"}],"author":[{"embeddable":true,"href":"https:\/\/www.europesays.com\/no\/wp-json\/wp\/v2\/users\/2"}],"replies":[{"embeddable":true,"href":"https:\/\/www.europesays.com\/no\/wp-json\/wp\/v2\/comments?post=34426"}],"version-history":[{"count":0,"href":"https:\/\/www.europesays.com\/no\/wp-json\/wp\/v2\/posts\/34426\/revisions"}],"wp:featuredmedia":[{"embeddable":true,"href":"https:\/\/www.europesays.com\/no\/wp-json\/wp\/v2\/media\/34427"}],"wp:attachment":[{"href":"https:\/\/www.europesays.com\/no\/wp-json\/wp\/v2\/media?parent=34426"}],"wp:term":[{"taxonomy":"category","embeddable":true,"href":"https:\/\/www.europesays.com\/no\/wp-json\/wp\/v2\/categories?post=34426"},{"taxonomy":"post_tag","embeddable":true,"href":"https:\/\/www.europesays.com\/no\/wp-json\/wp\/v2\/tags?post=34426"}],"curies":[{"name":"wp","href":"https:\/\/api.w.org\/{rel}","templated":true}]}}