{"id":344289,"date":"2026-09-04T19:00:12","date_gmt":"2026-09-04T19:00:12","guid":{"rendered":"https:\/\/www.europesays.com\/no\/344289\/"},"modified":"2026-09-04T19:00:12","modified_gmt":"2026-09-04T19:00:12","slug":"amalie-iuel-lop-karrierens-nest-siste-internasjonale-konkurranse","status":"publish","type":"post","link":"https:\/\/www.europesays.com\/no\/344289\/","title":{"rendered":"Amalie Iuel l\u00f8p karrierens nest siste internasjonale konkurranse"},"content":{"rendered":"\n<p class=\"_lead_145nj_2 _lead_6fko5_53 layout-component text-serif-m layout-normal text-serif-l layout-component layout-wide layout-padded _wide_17hqh_1 layout-padded\">Amalie Iuel (32) fikk et vanskelig utgangspunkt og endte sist i karrierens siste Diamond League-l\u00f8p.<\/p>\n<p><img alt=\"Amalie Iuel etter m\u00e5lgang i Brussel. Foto: Omar Havana \/ AP \/ NTB\" class=\"_image_jw3bv_65 layout-component layout-wide\" data-fullscreen- data-track-element-type=\"Article image fullscreen\" data-track-name=\"ImageFullscreen\" fetchpriority=\"high\" decoding=\"sync\" loading=\"eager\" height=\"4000\" itemprop=\"image\"  src=\"https:\/\/www.europesays.com\/no\/wp-content\/uploads\/2026\/09\/096d5921-0208-329e-9ecf-6f26ff9f8ed0.jpeg\"  style=\"object-position:0% 0%\" width=\"6000\"\/>Amalie Iuel etter m\u00e5lgang i Brussel. Foto: Omar Havana \/ AP \/ NTB<\/p>\n<ul aria-hidden=\"true\" class=\"_images_ntbth_112\">\n<li><a class=\"_link_ntbth_117\" href=\"https:\/\/www.vg.no\/forfatter\/hans-christian-boge-fredriksen\" style=\"z-index:2\" title=\"Hans Christian Boge-Fredriksen\" rel=\"nofollow noopener\" target=\"_blank\"><img alt=\"Bilde av Hans Christian Boge-Fredriksen\" class=\"_image_ntbth_93\" fetchpriority=\"low\" loading=\"lazy\" decoding=\"async\" itemprop=\"image\"  src=\"https:\/\/www.europesays.com\/no\/wp-content\/uploads\/2026\/09\/551ee0ce-30c6-3cf9-9206-9bb4776be93e.jpeg\"  width=\"480\"\/><\/a><\/li>\n<li><a class=\"_link_ntbth_117\" href=\"https:\/\/www.vg.no\/forfatter\/niklas-furuhaug\" style=\"z-index:1\" title=\"Niklas Furuhaug\" rel=\"nofollow noopener\" target=\"_blank\"><img alt=\"Bilde av Niklas Furuhaug\" class=\"_image_ntbth_93\" fetchpriority=\"low\" loading=\"lazy\" decoding=\"async\" itemprop=\"image\"  src=\"https:\/\/www.europesays.com\/no\/wp-content\/uploads\/2026\/09\/1788548412_458_78c9726a-8f5c-375e-9116-add3c984b425.jpeg\"  width=\"480\"\/><\/a><\/li>\n<\/ul>\n<p> Oppdatert fredag 4. september kl. 20:55     <\/p>\n<p class=\"_paragraph_145nj_4 _paragraph_6fko5_10 layout-component text-serif-m layout-normal text-serif-m layout-padded\">Hekkel\u00f8peren er inne i sin siste sesong og hadde kvalifisert seg til fredagens 400 meter hekk under Diamond League-finalen i Brussel.<\/p>\n<p class=\"_paragraph_145nj_4 _paragraph_6fko5_10 layout-component text-serif-m layout-normal text-serif-m layout-padded\"><strong class=\"_strong_145nj_25\">Der endte Iuel sist av de \u00e5tte i feltet med tiden 54,90 sekunder. Anna Cockrell fra USA vant p\u00e5 53,01.<\/strong><\/p>\n<p class=\"_paragraph_145nj_4 _paragraph_6fko5_10 layout-component text-serif-m layout-normal text-serif-m layout-padded\">\u2013 Jeg kjente det var t\u00f8ft p\u00e5 oppl\u00f8pet. Det var litt surr med stegrytmen min ut av svingen, sier Iuel til <a href=\"https:\/\/www.nrk.no\/sport\/amalie-iuel-sist-i-diamond-league-finalen-1.18014961\" class=\"_link_145nj_39\" rel=\"nofollow noopener\" target=\"_blank\">NRK<\/a>.<\/p>\n<p class=\"_paragraph_145nj_4 _paragraph_6fko5_10 layout-component text-serif-m layout-normal text-serif-m layout-padded\">Iuel debuterte p\u00e5 en annen arena tidligere denne uken:<\/p>\n<p class=\"_paragraph_145nj_4 _paragraph_6fko5_10 layout-component text-serif-m layout-normal text-serif-m layout-padded\">Som da Iuel l\u00f8p 54,12 i Z\u00fcrich forrige uke, ble hun plassert i den vanskelige bane 1den vanskelige bane 1Svingene blir litt krappere fra den innerste banen..<\/p>\n<p class=\"_paragraph_145nj_4 _paragraph_6fko5_10 layout-component text-serif-m layout-normal text-serif-m layout-padded\">\u2013 Jeg hadde unt Amalie en bedre bane enn bane 1 i dette siste l\u00f8pet, men hun gjorde et hederlig fors\u00f8k, sier NRKs ekspertkommentator Vebj\u00f8rn Rodal.<\/p>\n<p class=\"_paragraph_145nj_4 _paragraph_6fko5_10 layout-component text-serif-m layout-normal text-serif-m layout-padded\">\u2014 Jeg pr\u00f8vde meg med en hardere \u00e5pning. Jeg pr\u00f8vde \u00e5 ikke bli hektet av fra start, men jeg kjente det kostet litt p\u00e5 slutten, sier Iuel.<\/p>\n<p class=\"_paragraph_145nj_4 _paragraph_6fko5_10 layout-component text-serif-m layout-normal text-serif-m layout-padded\">Iuel har tidligere denne sesongen satt personlig rekord p\u00e5 400 meter hekk med 54,05. Hun jakter fortsatt den norske rekorden til Line Kloster p\u00e5 53,91.<\/p>\n<p class=\"_paragraph_145nj_4 _paragraph_6fko5_10 layout-component text-serif-m layout-normal text-serif-m layout-padded\">32-\u00e5ringen har n\u00e5 bare \u00e9n internasjonal konkurranse igjen av friidrettskarrieren. Den skjer i nyvinningen Ultimate Championship i Budapest neste helg.<\/p>\n<p>Dette er Ultimate Championship<\/p>\n<p class=\"_paragraph_145nj_4 _paragraph_6fko5_10 _paragraph_1kitn_11 layout-component text-serif-m layout-normal text-sans-m layout-padded\">World Athletics Ultimate Championship er et nytt globalt friidrettsmesterskap som arrangeres for f\u00f8rste gang i Budapest 11.\u201313. september 2026, med verdensmestere, OL-mestere, Diamond League-vinnere og \u00e5rets beste ut\u00f8vere.<\/p>\n<p class=\"_paragraph_145nj_4 _paragraph_6fko5_10 _paragraph_1kitn_11 layout-component text-serif-m layout-normal text-sans-m layout-padded\">Mesterskapet er laget som en kompakt sesongfinale med 28 \u00f8velser fordelt p\u00e5 tre kvelder, der det i hovedsak er rett til semifinaler og finaler. Den totale premiepotten er p\u00e5 rekordh\u00f8ye 10 millioner dollar, og vinneren av hver individuelle \u00f8velse f\u00e5r 150.000 dollar.<\/p>\n<p>Vis mer<\/p>\n<p class=\"_paragraph_145nj_4 _paragraph_6fko5_10 layout-component text-serif-m layout-normal layout-padded\"><strong class=\"_strong_145nj_25\">Les ogs\u00e5:<\/strong> <a href=\"https:\/\/www.vg.no\/i\/bOjnkB\" data-track-element-type=\"Link\" data-track-id=\"link:bOjnkB\" class=\"_link_145nj_39\" rel=\"nofollow noopener\" target=\"_blank\">Iuel r\u00f8per planene etter karrieren: \u2013 V\u00e6rt litt t\u00f8ff i trynet<\/a><\/p>\n<p class=\"_paragraph_145nj_4 _paragraph_6fko5_10 layout-component text-serif-m layout-normal text-serif-m layout-padded\">Flere norske ut\u00f8vere deltar under den NRK-sendte Diamond League-finalen i Brussel denne helgen:<\/p>\n<ul class=\"_list_145nj_3 _list_6fko5_9 _unordered_145nj_106 layout-component text-serif-m layout-normal text-serif-m layout-padded\">\n<li class=\"_item_145nj_30\"><strong class=\"_strong_145nj_25\">Sondre Guttormsen<\/strong> deltar i stavsprang som p\u00e5g\u00e5r. Der trakk for \u00f8vrig den svenske stjernen Armand \u00abMondo\u00bb Duplantis seg rett f\u00f8r konkurransen startet med muskeltr\u00f8bbel.<\/li>\n<li class=\"_item_145nj_30\"><strong class=\"_strong_145nj_25\">Tobias Gr\u00f8nstad<\/strong> ble nummer syv p\u00e5 800 meter med tiden 1.44,86. Emmanuel Wanyonyi vant p\u00e5 1.41,80.<\/li>\n<li class=\"_item_145nj_30\">Klokken 21:26: <strong class=\"_strong_145nj_25\">Jakob Asserson Ingebrigtsen<\/strong> l\u00f8per 1500 meter.<\/li>\n<li class=\"_item_145nj_30\">L\u00f8rdag l\u00f8per <strong class=\"_strong_145nj_25\">Henriette J\u00e6ge<\/strong>r 400 meter, mens <strong class=\"_strong_145nj_25\">Sigrid Borge<\/strong> kaster spyd.<\/li>\n<\/ul>\n<p class=\"_paragraph_145nj_4 _paragraph_6fko5_10 layout-component text-serif-m layout-normal text-serif-m layout-padded\"><strong class=\"_strong_145nj_25\">PS! <\/strong>Karsten Warholm droppet Diamond League-finalen etter <a href=\"https:\/\/www.vg.no\/sport\/i\/n1Xw6o\/warholm-dropper-diamond-league-finale\" data-track-element-type=\"Link\" data-track-id=\"link:n1Xw6o\" class=\"_link_145nj_39\" rel=\"nofollow noopener\" target=\"_blank\">pengekrangel med arrang\u00f8ren<\/a>.<\/p>\n<p class=\"_paragraph_145nj_4 _paragraph_6fko5_10 layout-component text-serif-m layout-normal layout-padded\"><strong class=\"_strong_145nj_25\">Les ogs\u00e5:<\/strong> <a href=\"https:\/\/www.vg.no\/i\/n1Xw6o\" data-track-element-type=\"Link\" data-track-id=\"link:n1Xw6o\" class=\"_link_145nj_39\" rel=\"nofollow noopener\" target=\"_blank\">Dropper Diamond League-finale etter pengekrangel: \u2013 Har v\u00e6rt litt kjipe<\/a><\/p>\n","protected":false},"excerpt":{"rendered":"Amalie Iuel (32) fikk et vanskelig utgangspunkt og endte sist i karrierens siste Diamond League-l\u00f8p. Amalie Iuel etter&hellip;\n","protected":false},"author":2,"featured_media":344290,"comment_status":"","ping_status":"","sticky":false,"template":"","format":"standard","meta":{"footnotes":"","_share_on_mastodon":"0"},"categories":[59],"tags":[1669,2049,423,422,30,28,29,83,82],"class_list":["post-344289","post","type-post","status-publish","format-standard","has-post-thumbnail","category-sport","tag-amalie-iuel","tag-diamond-league","tag-friidrett","tag-jakob-ingebrigtsen","tag-no","tag-norge","tag-norway","tag-sport","tag-sports"],"share_on_mastodon":{"url":"https:\/\/pubeurope.com\/@no\/117214316693884635","error":""},"_links":{"self":[{"href":"https:\/\/www.europesays.com\/no\/wp-json\/wp\/v2\/posts\/344289","targetHints":{"allow":["GET"]}}],"collection":[{"href":"https:\/\/www.europesays.com\/no\/wp-json\/wp\/v2\/posts"}],"about":[{"href":"https:\/\/www.europesays.com\/no\/wp-json\/wp\/v2\/types\/post"}],"author":[{"embeddable":true,"href":"https:\/\/www.europesays.com\/no\/wp-json\/wp\/v2\/users\/2"}],"replies":[{"embeddable":true,"href":"https:\/\/www.europesays.com\/no\/wp-json\/wp\/v2\/comments?post=344289"}],"version-history":[{"count":0,"href":"https:\/\/www.europesays.com\/no\/wp-json\/wp\/v2\/posts\/344289\/revisions"}],"wp:featuredmedia":[{"embeddable":true,"href":"https:\/\/www.europesays.com\/no\/wp-json\/wp\/v2\/media\/344290"}],"wp:attachment":[{"href":"https:\/\/www.europesays.com\/no\/wp-json\/wp\/v2\/media?parent=344289"}],"wp:term":[{"taxonomy":"category","embeddable":true,"href":"https:\/\/www.europesays.com\/no\/wp-json\/wp\/v2\/categories?post=344289"},{"taxonomy":"post_tag","embeddable":true,"href":"https:\/\/www.europesays.com\/no\/wp-json\/wp\/v2\/tags?post=344289"}],"curies":[{"name":"wp","href":"https:\/\/api.w.org\/{rel}","templated":true}]}}