{"id":344297,"date":"2026-09-04T19:18:16","date_gmt":"2026-09-04T19:18:16","guid":{"rendered":"https:\/\/www.europesays.com\/no\/344297\/"},"modified":"2026-09-04T19:18:16","modified_gmt":"2026-09-04T19:18:16","slug":"jens-petter-hauge-magi-reddet-bodo-glimt-i-generalproven-til-champions-league","status":"publish","type":"post","link":"https:\/\/www.europesays.com\/no\/344297\/","title":{"rendered":"Jens Petter Hauge-magi reddet Bod\u00f8\/Glimt i generalpr\u00f8ven til Champions League"},"content":{"rendered":"\n<p class=\"_lead_145nj_2 _lead_6fko5_53 layout-component text-serif-m layout-normal text-serif-l layout-component layout-wide layout-padded _wide_17hqh_1 layout-padded\">Et \u00f8yeblikks magi fra Jens Petter Hauge s\u00f8rget for at Bod\u00f8\/Glimt vant i Fredrikstad f\u00f8r Champions League-alvoret starter. <\/p>\n<p><img alt=\"Jens Petter Hauge jubler etter den avgj\u00f8rende scoringen. Foto: Thomas Andersen \/ NTB\" class=\"_image_jw3bv_65 layout-component layout-wide\" data-fullscreen- data-track-element-type=\"Article image fullscreen\" data-track-name=\"ImageFullscreen\" fetchpriority=\"high\" decoding=\"sync\" loading=\"eager\" height=\"2822\" itemprop=\"image\"  src=\"https:\/\/www.europesays.com\/no\/wp-content\/uploads\/2026\/09\/8f7a1db6-b447-3d98-9f2b-948d9a42c30b.jpeg\"  style=\"object-position:0% 0%\" width=\"4234\"\/>Jens Petter Hauge jubler etter den avgj\u00f8rende scoringen. Foto: Thomas Andersen \/ NTB<\/p>\n<ul aria-hidden=\"true\" class=\"_images_ntbth_112\">\n<li><a class=\"_link_ntbth_117\" href=\"https:\/\/www.vg.no\/forfatter\/helene-husvik\" style=\"z-index:1\" title=\"Helene Husvik\" rel=\"nofollow noopener\" target=\"_blank\"><img alt=\"Bilde av Helene Husvik\" class=\"_image_ntbth_93\" fetchpriority=\"low\" loading=\"lazy\" decoding=\"async\" itemprop=\"image\"  src=\"https:\/\/www.europesays.com\/no\/wp-content\/uploads\/2026\/09\/a3928b48-9cc9-4de6-95d7-c5a5e63b6a91.jpeg\"  width=\"480\"\/><\/a><\/li>\n<\/ul>\n<p> Oppdatert fredag 4. september kl. 21:14    <\/p>\n<ul class=\"_list_145nj_3 _list_64s2r_85 _unordered_145nj_106 text-sans-m\">\n<li class=\"_item_145nj_30\">Jens Petter Hauge avgjorde kampen med et kremmerhus for Bod\u00f8\/Glimt mot Fredrikstad f\u00f8r Champions League-eventyret starter mot Bayern M\u00fcnchen.<\/li>\n<li class=\"_item_145nj_30\">Ole Didrik Blomberg scoret f\u00f8rst, f\u00f8r nysigneringen Bryan Fiabema utlignet.<\/li>\n<li class=\"_item_145nj_30\">Bod\u00f8\/Glimt tok sin \u00e5ttende strake seier i Eliteserien.<\/li>\n<\/ul>\n<p>Vis mer <\/p>\n<p class=\"_paragraph_145nj_4 _paragraph_6fko5_10 layout-component text-serif-m layout-normal text-serif-m layout-padded\">En sm\u00e5skadet Jens Petter Hauge ble spart fra start, men entret banen da 69 minutter var spilt. Innbytteren trengte bare fire minutter p\u00e5 \u00e5 diske opp med en \u00abHauge spesial\u00bb og sikre 2-1-seier til Glimt.<\/p>\n<p class=\"_paragraph_145nj_4 _paragraph_6fko5_10 layout-component text-serif-m layout-normal text-serif-m layout-padded\">\u2013 Det er herlig spill. Det er kunst! Det er s\u00e5 vakkert. Det er ingen i <a href=\"https:\/\/www.vg.no\/tag\/eliteserien?utm_source=vg-article&amp;utm_medium=auto-tagger&amp;utm_campaign=wr5G1G\" class=\"_link_145nj_39\" rel=\"nofollow noopener\" target=\"_blank\">Eliteserien<\/a> som gj\u00f8r det bedre enn ham, sa TV 2s fotballekspert Simen Stams\u00f8 M\u00f8ller. <\/p>\n<p class=\"_paragraph_145nj_4 _paragraph_6fko5_10 layout-component text-serif-m layout-normal text-serif-m layout-padded\">\u2013 Det var et flott m\u00e5l. Jeg traff godt p\u00e5 touchene og skuddet, s\u00e5 det var deilig p\u00e5 en dag som i dag, sier Jens Petter Hauge selv til TV 2. <\/p>\n<p class=\"_paragraph_145nj_4 _paragraph_6fko5_10 layout-component text-serif-m layout-normal text-serif-m layout-padded\">Torsdag venter startskuddet for et nytt Champions League-eventyr n\u00e5r Kjetil Knutsens menn skal m\u00e5le krefter mot Bayern M\u00fcnchen i Tyskland. <\/p>\n<p class=\"_paragraph_145nj_4 _paragraph_6fko5_10 layout-component text-serif-m layout-normal text-serif-m layout-padded\">\u2013 Det blir veldig spennende. Vi g\u00e5r en artig tid i m\u00f8te. Torsdag skal vi kanskje spille den vanskeligste fotballkampen som finnes i verden. Du f\u00e5r det ikke mye t\u00f8ffere enn det. Da f\u00e5r vi virkelig testet oss, og det gleder vi oss til, sier Glimt-kaptein Patrick Berg til kanalen. <\/p>\n<p class=\"_paragraph_145nj_4 _paragraph_6fko5_10 layout-component text-serif-m layout-normal text-serif-m layout-padded\">I generalpr\u00f8ven borte mot Fredrikstad smalt det f\u00f8rst etter en liten halvtime:<\/p>\n<ul class=\"_list_145nj_3 _list_6fko5_9 _unordered_145nj_106 layout-component text-serif-m layout-normal text-serif-m layout-padded\">\n<li class=\"_item_145nj_30\">Patrick Berg vartet opp med definisjonen av en gjennombruddspasning fra midtstreken. Ole Didrik Blomberg timet l\u00f8pet perfekt, og satte sitt femte m\u00e5l for sesongen med en nydelig chip over en sjansel\u00f8s FFK-keeper, Martin B\u00f8rsheim.<\/li>\n<\/ul>\n<p class=\"_paragraph_145nj_4 _paragraph_6fko5_10 layout-component text-serif-m layout-normal text-serif-m layout-padded\">\u2013 Det er finesse, det er klasse! Det er s\u00e5 elegant og f\u00f8lsomt, sa en begeistret Morten Langli i TV 2s kommentatorboks. <\/p>\n<p><img alt=\"Foto: Thomas Andersen \/ NTB\" class=\"_image_jw3bv_65 layout-component layout-normal\" data-fullscreen- data-track-element-type=\"Article image fullscreen\" data-track-name=\"ImageFullscreen\" decoding=\"async\" loading=\"lazy\" height=\"4000\" itemprop=\"image\"  src=\"https:\/\/www.europesays.com\/no\/wp-content\/uploads\/2026\/09\/958f46f3-6d5a-3f27-a7fc-6d3247eaeb3d.jpeg\"  style=\"object-position:0% 0%\" width=\"6000\"\/>Foto: Thomas Andersen \/ NTB<\/p>\n<p class=\"_paragraph_145nj_4 _paragraph_6fko5_10 layout-component text-serif-m layout-normal text-serif-m layout-padded\">N\u00e5r Glimt scorer f\u00f8rst i kampene, taper de sjelden. Men hjemmelaget viste ved flere anledninger at ogs\u00e5 de kunne by p\u00e5 farligheter. Og etter pause l\u00f8snet det:<\/p>\n<ul class=\"_list_145nj_3 _list_6fko5_9 _unordered_145nj_106 layout-component text-serif-m layout-normal text-serif-m layout-padded\">\n<li class=\"_item_145nj_30\">Andre omgang var syv minutter gammel da Benjamin Faraas viste at ogs\u00e5 han har en f\u00f8lsom fot. En genial chip gjennom til Sondre S\u00f8rl\u00f8kk fikk hele stadion til \u00e5 gispe. Glimts sisteskanse Nikita Haikin vartet opp med en like god redning p\u00e5 avslutningen.<\/li>\n<li class=\"_item_145nj_30\">Fire minutter senere: Troms\u00f8-gutten Bryan Fiabema har hatt en merkverdig karriere hittil med mindre suksessrike opphold i diverse klubber i blant annet England, Spania, Polen og Nederland. 23-\u00e5ringen har ikke spilt fotball siden slutten av april, men m\u00e5 ha trent godt i mellomtiden. Fra 16 meter fyrte han av et skudd s\u00e5 knallhardt at m\u00e5let dirret til 1-1. En dr\u00f8mmedebut for nysigneringen.<\/li>\n<\/ul>\n<p class=\"_paragraph_145nj_4 _paragraph_6fko5_10 layout-component text-serif-m layout-normal text-serif-m layout-padded\">\u2013 En suser av de helt sjeldne! ropte Langli.<\/p>\n<p><img alt=\"Foto: Thomas Andersen \/ NTB\" class=\"_image_jw3bv_65 layout-component layout-normal\" data-fullscreen- data-track-element-type=\"Article image fullscreen\" data-track-name=\"ImageFullscreen\" decoding=\"async\" loading=\"lazy\" height=\"2229\" itemprop=\"image\"  src=\"https:\/\/www.europesays.com\/no\/wp-content\/uploads\/2026\/09\/e2b54e1c-0cca-3aad-ad75-281a7ee59cdf.jpeg\"  style=\"object-position:0% 0%\" width=\"3344\"\/>Foto: Thomas Andersen \/ NTB<\/p>\n<p class=\"_paragraph_145nj_4 _paragraph_6fko5_10 layout-component text-serif-m layout-normal text-serif-m layout-padded\">Bare fem minutter senere jublet hele stadion for det de trodde var vertenes andre m\u00e5l, men Henrik Skogvold ble avbl\u00e5st for offside. <\/p>\n<p class=\"_paragraph_145nj_4 _paragraph_6fko5_10 layout-component text-serif-m layout-normal text-serif-m layout-padded\">\u2013 Der er det mye motsatt trafikk med Berg som lar ballen g\u00e5. Den skal bli interessant \u00e5 se i reprise, sa Langli. <\/p>\n<p class=\"_paragraph_145nj_4 _paragraph_6fko5_10 layout-component text-serif-m layout-normal text-serif-m layout-padded\">Det ble ikke ekspert Simen Stams\u00f8 M\u00f8ller noe klokere av:<\/p>\n<p class=\"_paragraph_145nj_4 _paragraph_6fko5_10 layout-component text-serif-m layout-normal text-serif-m layout-padded\">\u2013 Akkurat der ser det ut som Skogvold er innerste mann, men vi ser ikke alle spillerne. Det er ikke et godt nok bilde for oss \u00e5 vurdere ut fra. <\/p>\n<p class=\"_paragraph_145nj_4 _paragraph_6fko5_10 layout-component text-serif-m layout-normal text-serif-m layout-padded\">Etter kampen viste TV 2 bildene av annulleringen til FFK-trener Casper Friis R\u00f8jkj\u00e6r. Han hevet \u00f8yenbryene og ristet lett p\u00e5 hodet da bildene rullet over skjermen. <\/p>\n<p class=\"_paragraph_145nj_4 _paragraph_6fko5_10 layout-component text-serif-m layout-normal text-serif-m layout-padded\">\u2013 Det er vanskelig for meg \u00e5 se herfra. Men vi m\u00e5 jo g\u00e5 ut ifra at de har alle hjelpemidler de skal bruke, s\u00e5 jeg m\u00e5 g\u00e5 ut ifra at de har sett en offside. Men jeg har vanskelig for \u00e5 se det her.<\/p>\n<p class=\"_paragraph_145nj_4 _paragraph_6fko5_10 layout-component text-serif-m layout-normal text-serif-m layout-padded\">\u2013 Hva skal jeg si? Jeg h\u00e5per de er sikre p\u00e5 at det er offside n\u00e5r de d\u00f8mmer det. <\/p>\n<p class=\"_paragraph_145nj_4 _paragraph_6fko5_10 layout-component text-serif-m layout-normal text-serif-m layout-padded\">I stedet skulle m\u00e5let komme andre veien. Med 2-1 tok Bod\u00f8\/Glimt sin \u00e5ttende strake seier i Eliteserien og holder fortsatt avstand til Viking p\u00e5 andreplassen. De spiller borte mot Sandefjord klokken 21. fredag kveld. <\/p>\n<p><img alt=\"Foto: Thomas Andersen \/ NTB\" class=\"_image_jw3bv_65 layout-component layout-normal\" data-fullscreen- data-track-element-type=\"Article image fullscreen\" data-track-name=\"ImageFullscreen\" decoding=\"async\" loading=\"lazy\" height=\"2432\" itemprop=\"image\"  src=\"https:\/\/www.europesays.com\/no\/wp-content\/uploads\/2026\/09\/1a23f102-69be-3303-8820-7fae991bd9f7.jpeg\"  style=\"object-position:0% 0%\" width=\"3648\"\/>Foto: Thomas Andersen \/ NTB<\/p>\n<p class=\"_paragraph_145nj_4 _paragraph_6fko5_10 layout-component text-serif-m layout-normal text-serif-m layout-padded\">Med en hektisk h\u00f8st i vente er Bod\u00f8\/Glimt-kjennere <a href=\"https:\/\/www.vg.no\/i\/K8kqV5\" data-track-element-type=\"Link\" data-track-id=\"link:K8kqV5\" class=\"_link_145nj_39\" rel=\"nofollow noopener\" target=\"_blank\">bekymret for tiden som kommer<\/a>. Kjetil Knutsens menn skal forsvare serieledelsen og ut i Champions League med en tropp som per dags dato teller 15 friske utespillere. <\/p>\n<p>Kampprogram og spillerstall:Slik er Bod\u00f8\/Glimts kampprogram: <\/p>\n<p class=\"_paragraph_145nj_4 _paragraph_6fko5_10 _paragraph_1kitn_11 layout-component text-serif-m layout-normal text-sans-m layout-padded\" itemprop=\"text\">10. september: Bayern M\u00fcnchen-Bod\u00f8\/Glimt<\/p>\n<p class=\"_paragraph_145nj_4 _paragraph_6fko5_10 _paragraph_1kitn_11 layout-component text-serif-m layout-normal text-sans-m layout-padded\" itemprop=\"text\">13. september: Bod\u00f8\/Glimt-Sandefjord<\/p>\n<p class=\"_paragraph_145nj_4 _paragraph_6fko5_10 _paragraph_1kitn_11 layout-component text-serif-m layout-normal text-sans-m layout-padded\" itemprop=\"text\">20. september: Brann-Bod\u00f8\/Glimt<\/p>\n<p class=\"_paragraph_145nj_4 _paragraph_6fko5_10 _paragraph_1kitn_11 layout-component text-serif-m layout-normal text-sans-m layout-padded\" itemprop=\"text\">S\u00e5 er det en mer enn to uker lang landslagspause.<\/p>\n<p class=\"_paragraph_145nj_4 _paragraph_6fko5_10 _paragraph_1kitn_11 layout-component text-serif-m layout-normal text-sans-m layout-padded\" itemprop=\"text\">Fra 11. oktober til 8. november spiller Glimt kamp anslagsvis hver fjerde dag.<\/p>\n<p class=\"_paragraph_145nj_4 _paragraph_6fko5_10 _paragraph_1kitn_11 layout-component text-serif-m layout-normal text-sans-m layout-padded\" itemprop=\"text\">Fra 22. november til og med 13. desember spiller Glimt periodevis hver tredje dag.<\/p>\n<p>Spillerstall (skader, nye spillere og spillere ut):<\/p>\n<p class=\"_paragraph_145nj_4 _paragraph_6fko5_10 _paragraph_1kitn_11 layout-component text-serif-m layout-normal text-sans-m layout-padded\" itemprop=\"text\"><strong class=\"_strong_145nj_25\">Keepere:<\/strong><\/p>\n<p class=\"_paragraph_145nj_4 _paragraph_6fko5_10 _paragraph_1kitn_11 layout-component text-serif-m layout-normal text-sans-m layout-padded\" itemprop=\"text\">Nikita Haikin, Julian Faye Lund, Isak Sjong<\/p>\n<p class=\"_paragraph_145nj_4 _paragraph_6fko5_10 _paragraph_1kitn_11 layout-component text-serif-m layout-normal text-sans-m layout-padded\" itemprop=\"text\"><strong class=\"_strong_145nj_25\">Forsvarsspillere:<\/strong><\/p>\n<p class=\"_paragraph_145nj_4 _paragraph_6fko5_10 _paragraph_1kitn_11 layout-component text-serif-m layout-normal text-sans-m layout-padded\" itemprop=\"text\">Villads Nielsen, Odin Bj\u00f8rtuft, Haitam Aleesami (SKADET), Jostein Gundersen (SKADET), Fredrik Bj\u00f8rkan, Fredrik Sj\u00f8vold, Magnus Riisn\u00e6s (SKADET), Isak M\u00e4\u00e4tt\u00e4<\/p>\n<p class=\"_paragraph_145nj_4 _paragraph_6fko5_10 _paragraph_1kitn_11 layout-component text-serif-m layout-normal text-sans-m layout-padded\" itemprop=\"text\"><strong class=\"_strong_145nj_25\">Midtbanespillere:<\/strong><\/p>\n<p class=\"_paragraph_145nj_4 _paragraph_6fko5_10 _paragraph_1kitn_11 layout-component text-serif-m layout-normal text-sans-m layout-padded\" itemprop=\"text\">Patrick Berg, Sondre Auklend, Ulrik Saltnes, Joshua Kitolano (ny i sommervinduet), Sondre Brunstad Fet, H\u00e5kon Evjen (SKADET)<\/p>\n<p class=\"_paragraph_145nj_4 _paragraph_6fko5_10 _paragraph_1kitn_11 layout-component text-serif-m layout-normal text-sans-m layout-padded\" itemprop=\"text\"><strong class=\"_strong_145nj_25\">Angrepsspillere:<\/strong> <\/p>\n<p class=\"_paragraph_145nj_4 _paragraph_6fko5_10 _paragraph_1kitn_11 layout-component text-serif-m layout-normal text-sans-m layout-padded\" itemprop=\"text\">Joel Mvuka (NY), Jens Petter Hauge, Ole Didrik Blomberg, Ola Brynhildsen, Andreas Helmersen, August Mikkelsen (SKADET).<\/p>\n<p class=\"_paragraph_145nj_4 _paragraph_6fko5_10 _paragraph_1kitn_11 layout-component text-serif-m layout-normal text-sans-m layout-padded\" itemprop=\"text\"><strong class=\"_strong_145nj_25\">Ut i sommervinduet:<\/strong><\/p>\n<p class=\"_paragraph_145nj_4 _paragraph_6fko5_10 _paragraph_1kitn_11 layout-component text-serif-m layout-normal text-sans-m layout-padded\" itemprop=\"text\">Kasper H\u00f8gh, Anders Klynge, Daniel Bassi, Mikkel Bro Hansen.<\/p>\n","protected":false},"excerpt":{"rendered":"Et \u00f8yeblikks magi fra Jens Petter Hauge s\u00f8rget for at Bod\u00f8\/Glimt vant i Fredrikstad f\u00f8r Champions League-alvoret starter.&hellip;\n","protected":false},"author":2,"featured_media":344298,"comment_status":"","ping_status":"","sticky":false,"template":"","format":"standard","meta":{"footnotes":"","_share_on_mastodon":"0"},"categories":[59],"tags":[517,134,92,487,3707,30,28,29,83,82],"class_list":["post-344297","post","type-post","status-publish","format-standard","has-post-thumbnail","category-sport","tag-bodo-glimt","tag-eliteserien","tag-fotball","tag-fredrikstad-fk","tag-jens-petter-hauge","tag-no","tag-norge","tag-norway","tag-sport","tag-sports"],"share_on_mastodon":{"url":"https:\/\/pubeurope.com\/@no\/117214387418233051","error":""},"_links":{"self":[{"href":"https:\/\/www.europesays.com\/no\/wp-json\/wp\/v2\/posts\/344297","targetHints":{"allow":["GET"]}}],"collection":[{"href":"https:\/\/www.europesays.com\/no\/wp-json\/wp\/v2\/posts"}],"about":[{"href":"https:\/\/www.europesays.com\/no\/wp-json\/wp\/v2\/types\/post"}],"author":[{"embeddable":true,"href":"https:\/\/www.europesays.com\/no\/wp-json\/wp\/v2\/users\/2"}],"replies":[{"embeddable":true,"href":"https:\/\/www.europesays.com\/no\/wp-json\/wp\/v2\/comments?post=344297"}],"version-history":[{"count":0,"href":"https:\/\/www.europesays.com\/no\/wp-json\/wp\/v2\/posts\/344297\/revisions"}],"wp:featuredmedia":[{"embeddable":true,"href":"https:\/\/www.europesays.com\/no\/wp-json\/wp\/v2\/media\/344298"}],"wp:attachment":[{"href":"https:\/\/www.europesays.com\/no\/wp-json\/wp\/v2\/media?parent=344297"}],"wp:term":[{"taxonomy":"category","embeddable":true,"href":"https:\/\/www.europesays.com\/no\/wp-json\/wp\/v2\/categories?post=344297"},{"taxonomy":"post_tag","embeddable":true,"href":"https:\/\/www.europesays.com\/no\/wp-json\/wp\/v2\/tags?post=344297"}],"curies":[{"name":"wp","href":"https:\/\/api.w.org\/{rel}","templated":true}]}}