{"id":344329,"date":"2026-09-04T20:37:10","date_gmt":"2026-09-04T20:37:10","guid":{"rendered":"https:\/\/www.europesays.com\/no\/344329\/"},"modified":"2026-09-04T20:37:10","modified_gmt":"2026-09-04T20:37:10","slug":"trump-sier-usa-kan-snart-angripe-iransk-atomanlegg","status":"publish","type":"post","link":"https:\/\/www.europesays.com\/no\/344329\/","title":{"rendered":"Trump sier USA kan snart angripe iransk atomanlegg"},"content":{"rendered":"\n<p class=\"_lead_145nj_2 _lead_6fko5_53 layout-component text-serif-m layout-normal text-serif-l layout-component layout-wide layout-padded _wide_17hqh_1 layout-padded\">USA kan finne p\u00e5 \u00e5 angripe et underjordisk atomanlegg snart, sier landets president Donald Trump.<\/p>\n<p><img alt=\"USAs president Donald Trump.  Foto: Jacquelyn Martin \/ AP \/ NTB\" class=\"_image_jw3bv_65 layout-component layout-wide\" data-fullscreen- data-track-element-type=\"Article image fullscreen\" data-track-name=\"ImageFullscreen\" fetchpriority=\"high\" decoding=\"sync\" loading=\"eager\" height=\"3744\" itemprop=\"image\"  src=\"https:\/\/www.europesays.com\/no\/wp-content\/uploads\/2026\/09\/2979c8ec-e5c9-352d-ba47-df7b4d07aae6.jpeg\"  style=\"object-position:0% 0%\" width=\"5616\"\/>USAs president Donald Trump.  Foto: Jacquelyn Martin \/ AP \/ NTB<\/p>\n<ul aria-hidden=\"true\" class=\"_images_ntbth_112\">\n<li><a class=\"_link_ntbth_117\" href=\"https:\/\/www.vg.no\/forfatter\/ntb\" style=\"z-index:1\" title=\"NTB\" rel=\"nofollow noopener\" target=\"_blank\"><img alt=\"Bilde av NTB\" class=\"_image_ntbth_93\" fetchpriority=\"low\" loading=\"lazy\" decoding=\"async\" itemprop=\"image\"  src=\"https:\/\/www.europesays.com\/no\/wp-content\/uploads\/2026\/09\/1788554230_795_c33980b0-5d07-4027-84a1-813f90a7c8d6.jpeg\"  width=\"480\"\/><\/a><\/li>\n<\/ul>\n<p> Oppdatert fredag 4. september kl. 21:50     <\/p>\n<p class=\"_paragraph_145nj_4 _paragraph_6fko5_10 layout-component text-serif-m layout-normal text-serif-m layout-padded\">Kolang Gaz La-fjellet er et tungt beskyttet atomanlegg langt under bakken i n\u00e6rheten av Natanz-anlegget. <\/p>\n<p class=\"_paragraph_145nj_4 _paragraph_6fko5_10 layout-component text-serif-m layout-normal text-serif-m layout-padded\"><strong class=\"_strong_145nj_25\">Her mistenkes iranerne for \u00e5 bygge et hemmelig anrikingsanlegg for uran, if\u00f8lge vestlig etterretning.<\/strong><\/p>\n<p class=\"_paragraph_145nj_4 _paragraph_6fko5_10 layout-component text-serif-m layout-normal text-serif-m layout-padded\">If\u00f8lge eksperter ligger de to tunnelanleggene i fjellet, p\u00e5 engelsk kjent ved navnet Pickaxe (Spisshakke), s\u00e5 dypt under bakken at de er utenfor rekkevidde for de kraftigste bombene som finnes i USAs arsenal.<\/p>\n<p class=\"_paragraph_145nj_4 _paragraph_6fko5_10 layout-component text-serif-m layout-normal text-serif-m layout-padded\">Ogs\u00e5 tidligere har Trump truet med at USA skal angripe anlegget.<\/p>\n","protected":false},"excerpt":{"rendered":"USA kan finne p\u00e5 \u00e5 angripe et underjordisk atomanlegg snart, sier landets president Donald Trump. USAs president Donald&hellip;\n","protected":false},"author":2,"featured_media":344330,"comment_status":"","ping_status":"","sticky":false,"template":"","format":"standard","meta":{"footnotes":"","_share_on_mastodon":"0"},"categories":[12],"tags":[20,21,55,24,25,15,3228,22,23,13,30,28,29,14,16,26,27,50,42,43,44,45],"class_list":["post-344329","post","type-post","status-publish","format-standard","has-post-thumbnail","category-verden","tag-breaking-news","tag-breakingnews","tag-donald-trump","tag-featured-news","tag-featurednews","tag-headlines","tag-iran","tag-latest-news","tag-latestnews","tag-news","tag-no","tag-norge","tag-norway","tag-nyheter","tag-overskrifter","tag-top-stories","tag-topstories","tag-usa","tag-verden","tag-world","tag-world-news","tag-worldnews"],"share_on_mastodon":{"url":"https:\/\/pubeurope.com\/@no\/117214697868559792","error":""},"_links":{"self":[{"href":"https:\/\/www.europesays.com\/no\/wp-json\/wp\/v2\/posts\/344329","targetHints":{"allow":["GET"]}}],"collection":[{"href":"https:\/\/www.europesays.com\/no\/wp-json\/wp\/v2\/posts"}],"about":[{"href":"https:\/\/www.europesays.com\/no\/wp-json\/wp\/v2\/types\/post"}],"author":[{"embeddable":true,"href":"https:\/\/www.europesays.com\/no\/wp-json\/wp\/v2\/users\/2"}],"replies":[{"embeddable":true,"href":"https:\/\/www.europesays.com\/no\/wp-json\/wp\/v2\/comments?post=344329"}],"version-history":[{"count":0,"href":"https:\/\/www.europesays.com\/no\/wp-json\/wp\/v2\/posts\/344329\/revisions"}],"wp:featuredmedia":[{"embeddable":true,"href":"https:\/\/www.europesays.com\/no\/wp-json\/wp\/v2\/media\/344330"}],"wp:attachment":[{"href":"https:\/\/www.europesays.com\/no\/wp-json\/wp\/v2\/media?parent=344329"}],"wp:term":[{"taxonomy":"category","embeddable":true,"href":"https:\/\/www.europesays.com\/no\/wp-json\/wp\/v2\/categories?post=344329"},{"taxonomy":"post_tag","embeddable":true,"href":"https:\/\/www.europesays.com\/no\/wp-json\/wp\/v2\/tags?post=344329"}],"curies":[{"name":"wp","href":"https:\/\/api.w.org\/{rel}","templated":true}]}}