{"id":344383,"date":"2026-09-04T21:44:17","date_gmt":"2026-09-04T21:44:17","guid":{"rendered":"https:\/\/www.europesays.com\/no\/344383\/"},"modified":"2026-09-04T21:44:17","modified_gmt":"2026-09-04T21:44:17","slug":"viking-sandefjord-1-1-henrik-bjordal-reddet-viking","status":"publish","type":"post","link":"https:\/\/www.europesays.com\/no\/344383\/","title":{"rendered":"Viking \u2013 Sandefjord 1-1: Henrik Bj\u00f8rdal reddet Viking"},"content":{"rendered":"\n<p class=\"_lead_145nj_2 _lead_6fko5_53 layout-component text-serif-m layout-normal text-serif-l layout-component layout-wide layout-padded _wide_17hqh_1 layout-padded\">Med straffebom og r\u00f8dt kort s\u00e5 Viking ut til \u00e5 tape tre viktige poeng i gullkampen borte mot Sandefjord. S\u00e5 dukket nysigneringen Henrik Bj\u00f8rdal opp p\u00e5 overtid. <\/p>\n<p><img alt=\" Foto: Trond R. Teigen \/ NTB\" class=\"_image_jw3bv_65 layout-component layout-wide\" data-fullscreen- data-track-element-type=\"Article image fullscreen\" data-track-name=\"ImageFullscreen\" fetchpriority=\"high\" decoding=\"sync\" loading=\"eager\" height=\"3759\" itemprop=\"image\"  src=\"https:\/\/www.europesays.com\/no\/wp-content\/uploads\/2026\/09\/e8e0bfda-3cc5-3cb0-bda8-f229e47167af.jpeg\"  style=\"object-position:0% 0%\" width=\"5638\"\/> Foto: Trond R. Teigen \/ NTB<\/p>\n<ul aria-hidden=\"true\" class=\"_images_ntbth_112\">\n<li><a class=\"_link_ntbth_117\" href=\"https:\/\/www.vg.no\/forfatter\/helene-husvik\" style=\"z-index:1\" title=\"Helene Husvik\" rel=\"nofollow noopener\" target=\"_blank\"><img alt=\"Bilde av Helene Husvik\" class=\"_image_ntbth_93\" fetchpriority=\"low\" loading=\"lazy\" decoding=\"async\" itemprop=\"image\"  src=\"https:\/\/www.europesays.com\/no\/wp-content\/uploads\/2026\/09\/1788558255_63_a3928b48-9cc9-4de6-95d7-c5a5e63b6a91.jpeg\"  width=\"480\"\/><\/a><\/li>\n<\/ul>\n<p> Oppdatert fredag 4. september kl. 23:20    <\/p>\n<ul class=\"_list_145nj_3 _list_64s2r_85 _unordered_145nj_106 text-sans-m\">\n<li class=\"_item_145nj_30\">Viking reddet ett poeng mot Sandefjord etter dramatisk kamp og Bj\u00f8rdal-scoring p\u00e5 overtid.<\/li>\n<li class=\"_item_145nj_30\">Jesper Daland fikk r\u00f8dt kort, og Sandefjord tok ledelsen etter 59 minutter.<\/li>\n<li class=\"_item_145nj_30\">Tripic bommet p\u00e5 straffe, men Bj\u00f8rdal sikret 1-1 og ett viktig poeng.<\/li>\n<li class=\"_item_145nj_30\">Botheim debuterte for Viking etter klubbens st\u00f8rste overgang noen sinne.<\/li>\n<\/ul>\n<p>Vis mer <\/p>\n<p class=\"_paragraph_145nj_4 _paragraph_6fko5_10 layout-component text-serif-m layout-normal text-serif-m layout-padded\">\u2013 Det er en scoring som kan vise seg \u00e5 v\u00e6re langt over 25 millioner i verdi! ropte TV 2s kommentator Petter B\u00f8 Tosterud da Bj\u00f8rdal stanget inn 1\u20131 p\u00e5 overtid for Viking.<\/p>\n<p class=\"_paragraph_145nj_4 _paragraph_6fko5_10 layout-component text-serif-m layout-normal text-serif-m layout-padded\">For med Bod\u00f8\/Glimts seier over Fredrikstad tidligere fredag kveld l\u00e5 presset p\u00e5 Viking for ikke \u00e5 \u00f8ke avstanden til serielederen fra nord. Lenge s\u00e5 det stygt ut for bortelaget. <\/p>\n<p class=\"_paragraph_145nj_4 _paragraph_6fko5_10 layout-component text-serif-m layout-normal text-serif-m layout-padded\"><a href=\"https:\/\/www.vg.no\/i\/2pKP0y\" data-track-element-type=\"Link\" data-track-id=\"link:2pKP0y\" class=\"_link_145nj_39\" rel=\"nofollow noopener\" target=\"_blank\">Ukens mye omtalte<\/a> signering innr\u00f8mmer at scoringen gjorde godt etter all oppmerksomheten de siste dagene.<\/p>\n<p class=\"_paragraph_145nj_4 _paragraph_6fko5_10 layout-component text-serif-m layout-normal text-serif-m layout-padded\">\u2013 Det er fantastisk. Det har v\u00e6rt noen spesielle dager. Da er det deilig \u00e5 starte s\u00e5nn, sier Bj\u00f8rdal selv til TV 2 etter kampslutt. <\/p>\n<p class=\"_paragraph_145nj_4 _paragraph_6fko5_10 layout-component text-serif-m layout-normal layout-padded\"><strong class=\"_strong_145nj_25\">Les ogs\u00e5:<\/strong> <a href=\"https:\/\/www.vg.no\/i\/5pkyPO\" data-track-element-type=\"Link\" data-track-id=\"link:5pkyPO\" class=\"_link_145nj_39\" rel=\"nofollow noopener\" target=\"_blank\">NFF ber om redegj\u00f8relse fra V\u00e5lerenga etter Bj\u00f8rdal-salg<\/a><\/p>\n<p class=\"_paragraph_145nj_4 _paragraph_6fko5_10 layout-component text-serif-m layout-normal text-serif-m layout-padded\">At V\u00e5lerenga solgte kapteinen sin til Viking, har skapt fullt kaos i gamleklubben. 29-\u00e5ringen innr\u00f8mmer at det er litt uvant \u00e5 ha p\u00e5 seg en annen drakt. <\/p>\n<p class=\"_paragraph_145nj_4 _paragraph_6fko5_10 layout-component text-serif-m layout-normal text-serif-m layout-padded\">\u2013 N\u00e5r jeg har g\u00e5tt i samme t\u00f8y i seks \u00e5r, er det selvf\u00f8lgelig spesielt. Men dette er den nye hverdagen, og jeg gleder meg veldig til det. <\/p>\n<p class=\"_paragraph_145nj_4 _paragraph_6fko5_10 layout-component text-serif-m layout-normal text-serif-m layout-padded\">De f\u00f8rste 45 minuttene var ingen omgang for historieb\u00f8kene. Andre omgang ble mer dramatisk. Og den startet grusomt for Viking.<\/p>\n<p class=\"_paragraph_145nj_4 _paragraph_6fko5_10 layout-component text-serif-m layout-normal text-serif-m layout-padded\">Bare et par minutter var spilt da Jesper Daland havnet bakp\u00e5 i l\u00f8psduellen med Oscar Kapskarmo, som var p\u00e5 vei gjennom mot Viking-m\u00e5let. Kapskarmo gikk i bakken, og dommer Sigurd Smehus Kringstad trakk resolutt frem det r\u00f8de kortet fra baklommen.<\/p>\n<p><img alt=\"Foto: Trond R. Teigen \/ NTB\" class=\"_image_jw3bv_65 layout-component layout-normal\" data-fullscreen- data-track-element-type=\"Article image fullscreen\" data-track-name=\"ImageFullscreen\" decoding=\"async\" loading=\"lazy\" height=\"1911\" itemprop=\"image\"  src=\"https:\/\/www.europesays.com\/no\/wp-content\/uploads\/2026\/09\/7a565ec9-04da-3f23-ace3-4993a7667b5f.jpeg\"  style=\"object-position:0% 0%\" width=\"2867\"\/>Foto: Trond R. Teigen \/ NTB<\/p>\n<p class=\"_paragraph_145nj_4 _paragraph_6fko5_10 layout-component text-serif-m layout-normal text-serif-m layout-padded\">\u2013 Det er urutinert av Daland \u00e5 havne p\u00e5 feil side der. Han b\u00f8r h\u00e5ndtere disse situasjonene bedre, konkluderte TV 2s fotballekspert Yaw Ihle Amankwah.<\/p>\n<p class=\"_paragraph_145nj_4 _paragraph_6fko5_10 layout-component text-serif-m layout-normal text-serif-m layout-padded\">Viking-leiren var sv\u00e6rt misforn\u00f8yd med avgj\u00f8relsen.<\/p>\n<p class=\"_paragraph_145nj_4 _paragraph_6fko5_10 layout-component text-serif-m layout-normal text-serif-m layout-padded\">\u2013 Jeg synes det ser soft ut. De har hevet seg gjennom hele f\u00f8rsteomgangen. Men han gir dommeren muligheten til \u00e5 gi kortet, s\u00e5 vi f\u00e5r ta konsekvensene av det, sa trener Morten Jensen til kanalen.<\/p>\n<p class=\"_paragraph_145nj_4 _paragraph_6fko5_10 layout-component text-serif-m layout-normal text-serif-m layout-padded\">S\u00e5 skulle vondt bli verre for siddisene:<\/p>\n<ul class=\"_list_145nj_3 _list_6fko5_9 _unordered_145nj_106 layout-component text-serif-m layout-normal text-serif-m layout-padded\">\n<li class=\"_item_145nj_30\">Sandefjord trykket p\u00e5 etter utvisningen og fikk betalt etter 59 minutter: Etter en corner s\u00f8rget nysigneringen Tobias B\u00f8rkeeiet for 1-0 til Sandefjord med sitt f\u00f8rste m\u00e5l p\u00e5 over fire \u00e5r.<\/li>\n<\/ul>\n<p><img alt=\"Foto: Trond R. Teigen \/ NTB\" class=\"_image_jw3bv_65 layout-component layout-normal\" data-fullscreen- data-track-element-type=\"Article image fullscreen\" data-track-name=\"ImageFullscreen\" decoding=\"async\" loading=\"lazy\" height=\"2290\" itemprop=\"image\"  src=\"https:\/\/www.europesays.com\/no\/wp-content\/uploads\/2026\/09\/f06f7d69-47e5-3a8c-89d9-668c3af34473.jpeg\"  style=\"object-position:0% 0%\" width=\"3435\"\/>Foto: Trond R. Teigen \/ NTB<\/p>\n<ul class=\"_list_145nj_3 _list_6fko5_9 _unordered_145nj_106 layout-component text-serif-m layout-normal text-serif-m layout-padded\">\n<li class=\"_item_145nj_30\">Henrik Bj\u00f8rdal som hadde kommet inn til pause for gjestene, skaffet straffe til Viking etter 62 minutter. Med strak vrist og maks kraft hamret Zlatko Tripic den knallhardt i tverrliggeren.<\/li>\n<\/ul>\n<p class=\"_paragraph_145nj_4 _paragraph_6fko5_10 layout-component text-serif-m layout-normal text-serif-m layout-padded\">\u2013 Det er selvf\u00f8lgelig s\u00e5nn som kan skje. N\u00e5 er det andre gangen jeg bommer, begge i tverrliggeren. Det er sm\u00e5 marginer. Det er en del av fotballen. Selvf\u00f8lgelig er det kjipt, men om det hadde endret kampbildet s\u00e5 utrolig mye &#8230; Kanskje hvis jeg hadde scoret. Men vi fikk en fortjent scoring mot slutten, sier Tripic til TV 2. <\/p>\n<p><img alt=\"Foto: Trond R. Teigen \/ NTB\" class=\"_image_jw3bv_65 layout-component layout-normal\" data-fullscreen- data-track-element-type=\"Article image fullscreen\" data-track-name=\"ImageFullscreen\" decoding=\"async\" loading=\"lazy\" height=\"4000\" itemprop=\"image\"  src=\"https:\/\/www.europesays.com\/no\/wp-content\/uploads\/2026\/09\/0d77feab-a714-3ced-b0fb-c37577d72307.jpeg\"  style=\"object-position:0% 0%\" width=\"6000\"\/>Foto: Trond R. Teigen \/ NTB<\/p>\n<p class=\"_paragraph_145nj_4 _paragraph_6fko5_10 layout-component text-serif-m layout-normal text-serif-m layout-padded\">Med et kvarter igjen av kampen gjorde gjestene et trippelbytte, og det var duket for ogs\u00e5 Erik Botheims Viking-debut etter klubbens st\u00f8rste overgang noen gang. <\/p>\n<p class=\"_paragraph_145nj_4 _paragraph_6fko5_10 layout-component text-serif-m layout-normal text-serif-m layout-padded\">\u2013 Jeg gleder meg til \u00e5 komme i gang og bli kjent med gutta og trenerne ordentlig. Jeg har knapt hatt en trening, men det blir bra, sier Botheim til TV 2. <\/p>\n<p class=\"_paragraph_145nj_4 _paragraph_6fko5_10 layout-component text-serif-m layout-normal text-serif-m layout-padded\">Med 1-1 \u00f8ker avstanden for Viking til tre poeng opp til serieleder Bod\u00f8\/Glimt. <\/p>\n","protected":false},"excerpt":{"rendered":"Med straffebom og r\u00f8dt kort s\u00e5 Viking ut til \u00e5 tape tre viktige poeng i gullkampen borte mot&hellip;\n","protected":false},"author":2,"featured_media":344384,"comment_status":"","ping_status":"","sticky":false,"template":"","format":"standard","meta":{"footnotes":"","_share_on_mastodon":"0"},"categories":[59],"tags":[134,92,30,28,29,1126,83,82,109],"class_list":["post-344383","post","type-post","status-publish","format-standard","has-post-thumbnail","category-sport","tag-eliteserien","tag-fotball","tag-no","tag-norge","tag-norway","tag-sandefjord-fotball","tag-sport","tag-sports","tag-viking-fk"],"share_on_mastodon":{"url":"https:\/\/pubeurope.com\/@no\/117214961512636084","error":""},"_links":{"self":[{"href":"https:\/\/www.europesays.com\/no\/wp-json\/wp\/v2\/posts\/344383","targetHints":{"allow":["GET"]}}],"collection":[{"href":"https:\/\/www.europesays.com\/no\/wp-json\/wp\/v2\/posts"}],"about":[{"href":"https:\/\/www.europesays.com\/no\/wp-json\/wp\/v2\/types\/post"}],"author":[{"embeddable":true,"href":"https:\/\/www.europesays.com\/no\/wp-json\/wp\/v2\/users\/2"}],"replies":[{"embeddable":true,"href":"https:\/\/www.europesays.com\/no\/wp-json\/wp\/v2\/comments?post=344383"}],"version-history":[{"count":0,"href":"https:\/\/www.europesays.com\/no\/wp-json\/wp\/v2\/posts\/344383\/revisions"}],"wp:featuredmedia":[{"embeddable":true,"href":"https:\/\/www.europesays.com\/no\/wp-json\/wp\/v2\/media\/344384"}],"wp:attachment":[{"href":"https:\/\/www.europesays.com\/no\/wp-json\/wp\/v2\/media?parent=344383"}],"wp:term":[{"taxonomy":"category","embeddable":true,"href":"https:\/\/www.europesays.com\/no\/wp-json\/wp\/v2\/categories?post=344383"},{"taxonomy":"post_tag","embeddable":true,"href":"https:\/\/www.europesays.com\/no\/wp-json\/wp\/v2\/tags?post=344383"}],"curies":[{"name":"wp","href":"https:\/\/api.w.org\/{rel}","templated":true}]}}