{"id":344481,"date":"2026-09-05T03:27:14","date_gmt":"2026-09-05T03:27:14","guid":{"rendered":"https:\/\/www.europesays.com\/no\/344481\/"},"modified":"2026-09-05T03:27:14","modified_gmt":"2026-09-05T03:27:14","slug":"apple-snurret-uventet-kurs-nar-det-gjaldt-den-ambisiose-enheten-til-sin-nye-administrerende-direktor-john-ternus","status":"publish","type":"post","link":"https:\/\/www.europesays.com\/no\/344481\/","title":{"rendered":"Apple \u00absnurret uventet kurs\u00bb n\u00e5r det gjaldt den ambisi\u00f8se enheten til sin nye administrerende direkt\u00f8r, John Ternus."},"content":{"rendered":"<p> If\u00f8lge en rapport fra analysefirmaet Omdia har <a class=\"data-link\" data-org-href=\"https:\/\/www.vietnam.vn\/no\/tag\/apple\" href=\"https:\/\/www.vietnam.vn\/no\/tag\/apple\" title=\"Eple\" target=\"_blank\" rel=\"nofollow noopener\">Apple<\/a> besluttet \u00e5 avbryte utviklingen av en sammenleggbar MacBook med skjermst\u00f8rrelser fra 16,1 til 18 tommer \u2013 et produkt som tidligere var planlagt lansert i 2026 og en prioritet for den nyutnevnte administrerende direkt\u00f8ren John Ternus. <\/p>\n<p><img decoding=\"async\" fetchpriority=\"high\" data-author=\"\" src=\"https:\/\/www.europesays.com\/no\/wp-content\/uploads\/2026\/09\/1788570195874_1-17885377489411287550410.jpeg\" id=\"img_243283368365092864\" w=\"1024\" h=\"684\" alt=\"Apple \u00absnudde uventet kursen\u00bb med den ambisi\u00f8se enheten til den nye administrerende direkt\u00f8ren John Ternus \u2013 Bilde 1.\" rel=\"lightbox\" photoid=\"243283368365092864\" data-original=\"https:\/\/images2.thanhnien.vn\/528068263637045248\/2026\/9\/4\/1-17885377489411287550410.jpg\" type=\"photo\" style=\"max-width:100%;;cursor:pointer\" width=\"1024\" height=\"684\" data-nosnippet=\"\"\/><\/p>\n<p data-placeholder=\"Nh\u1eadp ch\u00fa th\u00edch \u1ea3nh\" class=\"\"> Et av John Ternus&#8217; ambisi\u00f8se nye produkter har enn\u00e5 ikke blitt til noe.<\/p>\n<p> Tidligere ble denne enheten forsinket og ble ofte beskrevet som en st\u00f8rre sammenleggbar iPad snarere enn en sammenleggbar MacBook. Bloomberg-forsker Mark Gurman beskrev Apples \u00absammenleggbare iPad\u00bb som rundt 20 tommer stor. Selv om dette var en topprioritet for John Ternus, kan det hende at enheten forblev en prototype og aldri ble til.<\/p>\n<p> I tillegg har Apple midlertidig avviklet en annen serie MacBooks som fokuserte p\u00e5 OLED-skjermer, med st\u00f8rrelser fra 14,4 til 16,1 tommer. Denne serien ble designet for \u00e5 ligge mellom standard MacBook Pro-st\u00f8rrelser og den utg\u00e5tte serien med sammenleggbare MacBooks. Siden begge disse seriene er avviklet, vil st\u00f8rrelsesutvalget p\u00e5 14,3 til 16,3 tommer v\u00e6re eksklusivt for den fremtidige MacBook Pro-serien.<\/p>\n<p> <b>Apple har fortsatt ideen om \u00e5 lansere en OLED MacBook.<\/b><\/p>\n<p> Det interessante poenget i Omdias rapport er at Apples overordnede strategi om \u00e5 utstyre hele iPad- og MacBook-produktlinjen med OLED-skjermer forblir uendret. Selskapet justerte ganske enkelt listen over produkter som vil ha OLED-teknologi, i tr\u00e5d med den planlagte produktplanen for 2026 og 2027.<\/p>\n<p> N\u00e5r det gjelder Apples restruktureringsplan, forventes det at selskapet vil introdusere en ny 13,8-tommers MacBook, plassert mellom LCD MacBook Air og OLED MacBook Pro. Denne MacBook-modellen vil bruke neste generasjons OLED-teknologi, inkludert et LTPO+-panel, et kamera under skjermen og andre avanserte funksjoner.<\/p>\n<p> Omdia rapporterte ogs\u00e5 at Apple vil fortsette \u00e5 produsere eksisterende mini-LED MacBook Pro-modeller inntil OLED-versjoner introduseres. Apple vil selge begge typer skjermer side om side de neste \u00e5rene, og mini-LED-versjonen vil potensielt forbli tilgjengelig frem til minst 2028. <\/p>\n<p class=\"mb-0\"> Kilde: https:\/\/thanhnien.vn\/apple-bat-ngo-quay-xe-thiet-bi-day-tham-vong-cua-tan-ceo-john-ternus-185260904230519472.htm<\/p>\n","protected":false},"excerpt":{"rendered":"If\u00f8lge en rapport fra analysefirmaet Omdia har Apple besluttet \u00e5 avbryte utviklingen av en sammenleggbar MacBook med skjermst\u00f8rrelser&hellip;\n","protected":false},"author":2,"featured_media":344482,"comment_status":"","ping_status":"","sticky":false,"template":"","format":"standard","meta":{"footnotes":"","_share_on_mastodon":"0"},"categories":[57],"tags":[23902,2852,26387,26385,30,28,29,26386,65,63,64,66,70,69,67,68],"class_list":["post-344481","post","type-post","status-publish","format-standard","has-post-thumbnail","category-vitenskap-og-teknologi","tag-baerbar-pc","tag-eple","tag-john-ternus","tag-macbook-pro","tag-no","tag-norge","tag-norway","tag-sammenleggbar-macbook-skjerm","tag-science","tag-science-and-technology","tag-scienceandtechnology","tag-technology","tag-teknologi","tag-vitenskap","tag-vitenskap-og-teknologi","tag-vitenskapteknologi"],"share_on_mastodon":{"url":"https:\/\/pubeurope.com\/@no\/117216309995126181","error":""},"_links":{"self":[{"href":"https:\/\/www.europesays.com\/no\/wp-json\/wp\/v2\/posts\/344481","targetHints":{"allow":["GET"]}}],"collection":[{"href":"https:\/\/www.europesays.com\/no\/wp-json\/wp\/v2\/posts"}],"about":[{"href":"https:\/\/www.europesays.com\/no\/wp-json\/wp\/v2\/types\/post"}],"author":[{"embeddable":true,"href":"https:\/\/www.europesays.com\/no\/wp-json\/wp\/v2\/users\/2"}],"replies":[{"embeddable":true,"href":"https:\/\/www.europesays.com\/no\/wp-json\/wp\/v2\/comments?post=344481"}],"version-history":[{"count":0,"href":"https:\/\/www.europesays.com\/no\/wp-json\/wp\/v2\/posts\/344481\/revisions"}],"wp:featuredmedia":[{"embeddable":true,"href":"https:\/\/www.europesays.com\/no\/wp-json\/wp\/v2\/media\/344482"}],"wp:attachment":[{"href":"https:\/\/www.europesays.com\/no\/wp-json\/wp\/v2\/media?parent=344481"}],"wp:term":[{"taxonomy":"category","embeddable":true,"href":"https:\/\/www.europesays.com\/no\/wp-json\/wp\/v2\/categories?post=344481"},{"taxonomy":"post_tag","embeddable":true,"href":"https:\/\/www.europesays.com\/no\/wp-json\/wp\/v2\/tags?post=344481"}],"curies":[{"name":"wp","href":"https:\/\/api.w.org\/{rel}","templated":true}]}}