{"id":344505,"date":"2026-09-05T04:16:22","date_gmt":"2026-09-05T04:16:22","guid":{"rendered":"https:\/\/www.europesays.com\/no\/344505\/"},"modified":"2026-09-05T04:16:22","modified_gmt":"2026-09-05T04:16:22","slug":"opptatt-under-begravelsen","status":"publish","type":"post","link":"https:\/\/www.europesays.com\/no\/344505\/","title":{"rendered":"Opptatt under begravelsen"},"content":{"rendered":"<p>Det som ikke eksploderte i Leipzig, kan likevel vise seg \u00e5 bli en gnist.<\/p>\n<p>To droner, et ukrainsk fraktfly og en tysk flyplass har n\u00e5 havnet i sentrum av Europas voksende frykt:<\/p>\n<p class=\"font-weight-bold m-font-weight-bold\" data-lab-font_weight=\"font-weight-bold\">At Russlands skjulte krig mot Vesten kan komme ut av kontroll.<\/p>\n<p>If\u00f8lge <a href=\"https:\/\/www.nytimes.com\/2026\/09\/04\/world\/europe\/russia-europe-nato-sabotage.html\" target=\"_blank\" rel=\"nofollow noopener\">The New York Times<\/a> mener eksperter og vestlige tjenestemenn at det mislykkede droneangrepet mot Leipzig\/Halle lufthavn inng\u00e5r i et farlig m\u00f8nster av russisk sabotasje i Europa.<\/p>\n<p>Kolliderte med fly<\/p>\n<p>Tyske myndigheter har denne uka <a href=\"https:\/\/www.dagbladet.no\/nyheter\/tyskland-russland-ansvarlig-for-droneangrep\/85096744\" target=\"_blank\" rel=\"nofollow noopener\">pekt direkte p\u00e5 Russland<\/a> og sl\u00e5tt fast at russiske statlige akt\u00f8rer sto bak det mislykkede droneangrepet mot Leipzig\/Halle lufthavn 4. august.<\/p>\n<p>        <img loading=\"lazy\" decoding=\"async\" src=\"https:\/\/www.europesays.com\/no\/wp-content\/uploads\/2026\/09\/85112418.webp\" width=\"980\" height=\"559\" alt=\"\" class=\"\" style=\"--aspect-ratio-image: 1.75; \"\/><\/p>\n<p>\n        HYBRIDANGREP: Tysk antiterrorpoliti og en bomberobot avbildet p\u00e5 flyplassen i Leipzig 5. august, dagen etter at en drone med eksplosiver ble funnet n\u00e6r rullebanen. Foto: Reuters \/ NTB\n    <\/p>\n<p>\u00c9n drone traff et parkert ukrainsk fraktfly. En annen skal ha kollidert med et fly under avgang. Ingen av dem detonerte.<\/p>\n<p class=\"font-weight-bold m-font-weight-bold\" data-lab-font_weight=\"font-weight-bold\">Hadde de gjort det, kunne utfallet blitt dramatisk.<\/p>\n<p>&#8211; Dette kunne hatt rystende konsekvenser for menneskeliv og europeisk luftfart om det hadde lyktes, sa Sveriges statsminister Ulf Kristersson tirsdag, if\u00f8lge <a href=\"https:\/\/www.expressen.se\/nyheter\/sverige\/kallar-till-presstraff-efter-attentatsforsok-i-tyskland\/\" target=\"_blank\" rel=\"nofollow noopener\">Expressen<\/a>.<\/p>\n<p>    <a itemprop=\"url\" href=\"https:\/\/www.dagbladet.no\/nyheter\/kan-bli-putins-neste-mal\/85102971\" rel=\"nofollow noopener\" target=\"_blank\"><\/p>\n<p>        <img loading=\"lazy\" decoding=\"async\" src=\"https:\/\/www.europesays.com\/no\/wp-content\/uploads\/2026\/09\/85103047.webp\" width=\"147\" height=\"98\" alt=\"\" class=\"lazyload\" style=\"--aspect-ratio-image: 1.50; \"\/><\/p>\n<p>        Kan bli Putins neste m\u00e5l<\/p>\n<p>    <\/a><\/p>\n<p>Planer om brannbomber<\/p>\n<p>Flyplassen i Leipzig er ikke en hvilken som helst flyplass. Den brukes blant annet av Nato og av Antonov, det ukrainske selskapet som frakter tungt materiell.<\/p>\n<p>Antonov-flyene brukes til transport av milit\u00e6re forsyninger og v\u00e5pen til Ukraina. Dronene traff dermed et \u00f8mt punkt i Europas st\u00f8tte til Ukraina.<\/p>\n<p>        <img loading=\"lazy\" decoding=\"async\" src=\"https:\/\/www.europesays.com\/no\/wp-content\/uploads\/2026\/09\/85112417.webp\" width=\"980\" height=\"559\" alt=\"\" class=\"\" style=\"--aspect-ratio-image: 1.75; \"\/><\/p>\n<p>\n        LASTEFLY: Dronen ble funnet n\u00e6r et ukrainsk Antonov-lastefly p\u00e5 rullebanen ved flyplassen i Leipzig i Tyskland. Foto: AFP \/ NTB\n    <\/p>\n<p class=\"font-weight-bold m-font-weight-bold\" data-lab-font_weight=\"font-weight-bold\">Leipzig-angrepet er det mest dramatiske i en rekke hendelser der Russland anklages for \u00e5 st\u00e5 bak sabotasje, brannstiftelser og planlagte angrep i Europa.<\/p>\n<p>Blant det som trekkes fram, er planer om \u00e5 plassere brannbomber p\u00e5 DHL-fraktfly, sprenge jernbanespor i Polen og sette fyr p\u00e5 lagre og kj\u00f8pesentre.<\/p>\n<p>&#8211; Europeerne st\u00e5r overfor den harde sannheten at dette er den nye normalen, sa EU-kommisjonens president Ursula von der Leyen onsdag.<\/p>\n<p>    <a itemprop=\"url\" href=\"https:\/\/www.dagbladet.no\/nyheter\/tyskland-russland-ansvarlig-for-droneangrep\/85096744\" rel=\"nofollow noopener\" target=\"_blank\"><\/p>\n<p>        <img loading=\"lazy\" decoding=\"async\" src=\"https:\/\/www.europesays.com\/no\/wp-content\/uploads\/2026\/09\/85096752.webp\" width=\"147\" height=\"98\" alt=\"\" class=\"lazyload\" style=\"--aspect-ratio-image: 1.50; \"\/><\/p>\n<p>        Tyskland: Russland ansvarlig for droneangrep<\/p>\n<p>    <\/a><\/p>\n<p>Rekrutterer i Danmark  <\/p>\n<p>Ogs\u00e5 Danmark sl\u00e5r alarm. Etterretningstjenesten PET har advart om at Russland rekrutterer personer i Danmark til angrep mot forsvarsbedrifter.<\/p>\n<p class=\"font-weight-bold m-font-weight-bold\" data-lab-font_weight=\"font-weight-bold\">&#8211; Russland b\u00e5de planlegger og gjennomf\u00f8rer sabotasjehandlinger mot forsvarsbedrifter og forsvarsindustrien i Europa, heter det i en uttalelse fra PET.<\/p>\n<p>        <img loading=\"lazy\" decoding=\"async\" src=\"https:\/\/www.europesays.com\/no\/wp-content\/uploads\/2026\/09\/85112470.webp\" width=\"980\" height=\"559\" alt=\"\" class=\"\" style=\"--aspect-ratio-image: 1.75; \"\/><\/p>\n<p>\n        ETTERFORSKES: Politiet p\u00e5 stedet etter et mistenkt politisk motivert brannangrep utenfor forsvarsselskapet Rohde &amp; Schwarz i M\u00fcnchen. Foto: Louisa Off \/ Reuters \/ NTB\n    <\/p>\n<p>I Polen har det brutt ut brann ved en dronefabrikk. I Tyskland etterforskes mulige sabotasjeangrep mot en forsvarsleverand\u00f8r i M\u00fcnchen og to transformatorstasjoner.<\/p>\n<p>Hver for seg kan hendelsene virke som prikker p\u00e5 kartet. Samlet tegner de et m\u00f8rkere bilde.<\/p>\n<p>    <a itemprop=\"url\" href=\"https:\/\/www.dagbladet.no\/nyheter\/pentagon-krisen-tilspisser-seg\/85101478\" rel=\"nofollow noopener\" target=\"_blank\"><\/p>\n<p>        <img loading=\"lazy\" decoding=\"async\" src=\"https:\/\/www.europesays.com\/no\/wp-content\/uploads\/2026\/09\/1788581777_151_85102122.webp\" width=\"147\" height=\"98\" alt=\"\" class=\"lazyload\" style=\"--aspect-ratio-image: 1.50; \"\/><\/p>\n<p>        Pentagon-krisen tilspisser seg<\/p>\n<p>    <\/a><\/p>\n<p>Putin svarer  <\/p>\n<p>Kreml nekter for \u00e5 st\u00e5 bak. President Vladimir Putin har antydet at tyske myndigheter kan ha plantet bevis. Samtidig har han skrudd opp retorikken mot Vesten.<\/p>\n<p class=\"font-weight-bold m-font-weight-bold\" data-lab-font_weight=\"font-weight-bold\">&#8211; Hvis noen fors\u00f8ker \u00e5 trekke oss ned i n\u00e6ringskjeden og sluke oss, kan de f\u00e5 et slag i tennene, sa Putin p\u00e5 en pressekonferanse.<\/p>\n<p>        OPPSIKTSVEKKENDE: Putin f\u00e5r seg en overraskelse n\u00e5r en av hans n\u00e6rmeste allierte utfordrer han p\u00e5 krigen i Ukraina. Video: AP \/ Christian T. Castberg. Reporter: Fredrik Ouren Jostad.<\/p>\n<p>Han la til at Russland er klare til \u00e5 sl\u00e5 tilbake, \u00abselv om disse haiene f\u00e5r stadig st\u00f8rre appetitt og skarpere tenner\u00bb.<\/p>\n<p class=\"font-weight-bold m-font-weight-bold\" data-lab-font_weight=\"font-weight-bold\">Russland er presset i Ukraina. Framgangen p\u00e5 slagmarken er langsom, tapene store, og ukrainske angrep rammer stadig dypere inn i russisk oljeindustri, logistikk og milit\u00e6r infrastruktur.<\/p>\n<p>I Putins verdensbilde er krigen ikke bare mot Ukraina, men mot \u00abdet kollektive Vesten\u00bb &#8211; landene som leverer v\u00e5pen, etterretning og teknologi.<\/p>\n<p>    <a itemprop=\"url\" href=\"https:\/\/www.dagbladet.no\/sport\/her-dukket-putin-opp\/85092625\" rel=\"nofollow noopener\" target=\"_blank\"><\/p>\n<p>        <img loading=\"lazy\" decoding=\"async\" src=\"https:\/\/www.europesays.com\/no\/wp-content\/uploads\/2026\/09\/85092634.webp\" width=\"180\" height=\"81\" alt=\"\" class=\"lazyload\" style=\"--aspect-ratio-image: 2.22; \"\/><\/p>\n<p>        Her dukket Putin opp<\/p>\n<p>    <\/a><\/p>\n<p>&#8211; Hatt mye flaks<\/p>\n<p>&#8211; Jeg tror ikke de \u00f8nsker en tredje verdenskrig. Men de m\u00e5 vise alle at dette ikke er tiden for \u00e5 utfordre dem, sier Piotr Krawczyk, tidligere sjef for Polens utenlandsetterretning, til The New York Times.<\/p>\n<p class=\"font-weight-bold m-font-weight-bold\" data-lab-font_weight=\"font-weight-bold\">Nettopp derfor frykter vestlige tjenestemenn at Russland tester grensene.<\/p>\n<p>Ikke med stridsvogner over en Nato-grense, men med droner, branner, cyberangrep og skyggeoperasjoner som er vanskelige \u00e5 bevise og enda vanskeligere \u00e5 svare p\u00e5.<\/p>\n<p>Nato er bygget for \u00e5 avskrekke et \u00e5pent angrep. Sp\u00f8rsm\u00e5let er hva alliansen velger \u00e5 gj\u00f8re n\u00e5r angrepene kommer i gr\u00e5sonen, \u00e9n hendelse av gangen.<\/p>\n<p>        <img loading=\"lazy\" decoding=\"async\" src=\"https:\/\/www.europesays.com\/no\/wp-content\/uploads\/2026\/09\/85112454.webp\" width=\"980\" height=\"559\" alt=\"\" class=\"\" style=\"--aspect-ratio-image: 1.75; \"\/><\/p>\n<p>\n        ADVARER: USAs dav\u00e6rende Nato-ambassad\u00f8r Julianne Smith, her sammen med dav\u00e6rende Nato-sjef Jens Stoltenberg i 2024, advarer om at russisk sabotasje i Europa kan \u00abspore av\u00bb. Foto: John Thys \/ AFP \/ NTB\n    <\/p>\n<p class=\"font-weight-bold m-font-weight-bold\" data-lab-font_weight=\"font-weight-bold\">&#8211; Russland har hatt ganske mye flaks, sier Julianne Smith, tidligere amerikansk Nato-ambassad\u00f8r under Biden-administrasjonen, til The New York Times.<\/p>\n<p>Hun advarer om at situasjonen kan endre seg br\u00e5tt:<\/p>\n<p>&#8211; P\u00e5 et tidspunkt kommer dette til \u00e5 spore av, noen kommer til \u00e5 bli skadet. Og da vil alliansen st\u00e5 overfor et helt annet dilemma.<\/p>\n<p>    <a itemprop=\"url\" href=\"https:\/\/www.dagbladet.no\/nyheter\/putin-frykt-peker-pa-norge\/85087139\" rel=\"nofollow noopener\" target=\"_blank\"><\/p>\n<p>        <img loading=\"lazy\" decoding=\"async\" src=\"https:\/\/www.europesays.com\/no\/wp-content\/uploads\/2026\/09\/85033536.webp\" width=\"147\" height=\"98\" alt=\"\" class=\"lazyload\" style=\"--aspect-ratio-image: 1.50; \"\/><\/p>\n<p>        Putin-frykt: Peker p\u00e5 Norge<\/p>\n<p>    <\/a><\/p>\n<p>Norge med klar st\u00f8tte  <\/p>\n<p>Tyskland har svart med \u00e5 stenge Russlands konsulat i Bonn, kalle inn den russiske ambassad\u00f8ren og innf\u00f8re ytterligere reiserestriksjoner. Nato-sjef Mark Rutte har uttrykt full solidaritet med Tyskland.<\/p>\n<p class=\"font-weight-bold m-font-weight-bold\" data-lab-font_weight=\"font-weight-bold\">Statsminister Jonas Gahr St\u00f8re har ogs\u00e5 gitt klar st\u00f8tte.<\/p>\n<p>        <img loading=\"lazy\" decoding=\"async\" src=\"https:\/\/www.europesays.com\/no\/wp-content\/uploads\/2026\/09\/85112476.webp\" width=\"980\" height=\"559\" alt=\"\" class=\"\" style=\"--aspect-ratio-image: 1.75; \"\/><\/p>\n<p>\n        ST\u00d8TTER UKRAINA: I august reiste statsminister Jonas Gahr St\u00f8re til Ukraina. Der bes\u00f8kte han blant annet Lukianivska-distriktet i Kyiv som nylig var blitt rammet av russiske angrep. Foto: Javad Parsa \/ NTB\n    <\/p>\n<p>&#8211; Hybride angrep mot v\u00e5re allierte vil ikke aksepteres og vil bli m\u00f8tt med kraftige mottiltak. Vi vil ikke la oss avskrekke fra \u00e5 st\u00e5 opp for frihet og sikkerhet i Europa. V\u00e5r st\u00f8tte til Ukraina er urokkelig, sa St\u00f8re i en kommentar til NTB.<\/p>\n<p>Samtidig er handlingsrommet smalt. Svares det for svakt, kan det invitere til mer. Svares det for hardt, kan det \u00e5pne d\u00f8ra til konflikter ingen av partene \u00f8nsker seg.<\/p>\n<p>\u00d8kende frustrasjon i Kreml<\/p>\n<p><a href=\"https:\/\/www.wsj.com\/world\/europe\/the-geopolitical-mismatch-driving-russia-to-threaten-the-west-9b9a5ebd\" target=\"_blank\" rel=\"nofollow noopener\">Wall Street Journal<\/a> har snakket med flere vestlige kilder som frykter at Russland kan g\u00e5 videre og ramme logistikk- og forsyningsknutepunkter i Europa.<\/p>\n<p>En h\u00f8ytst\u00e5ende Nato-tjenestemann sier til avisa at Russlands risikovilje er \u00f8kende.<\/p>\n<p>        <img loading=\"lazy\" decoding=\"async\" src=\"https:\/\/www.europesays.com\/no\/wp-content\/uploads\/2026\/09\/85112449.webp\" width=\"980\" height=\"559\" alt=\"\" class=\"\" style=\"--aspect-ratio-image: 1.75; \"\/><\/p>\n<p>\n        ANGREP: R\u00f8yk stiger opp etter ukrainske droneangrep mot lagrene til den russiske netthandelgiganten Wildberries i St. Petersburg i juli i \u00e5r. Foto: AP\n    <\/p>\n<p class=\"font-weight-bold m-font-weight-bold\" data-lab-font_weight=\"font-weight-bold\">If\u00f8lge Wall Street Journal skyldes opptrappingen \u00f8kende frustrasjon i Kreml over at Ukraina fortsatt f\u00e5r store mengder v\u00e5pen, ammunisjon og andre forsyninger fra vestlige land.<\/p>\n<p>Forsvarsanalytiker Mick Ryan har ansl\u00e5tt overfor danske <a href=\"https:\/\/www.bt.dk\/udland\/ekspert-putin-har-en-dyster-plan-for-europa-men-den-virker-til-at-fejle\" target=\"_blank\" rel=\"nofollow noopener\">BT<\/a> at Russland kan st\u00e5 bak mellom 100 og 200 hybridangrep i Europa de siste \u00e5ra. Samtidig mener han at strategien kan sl\u00e5 tilbake.<\/p>\n<p>&#8211; Det ser ut til \u00e5 ha motsatt effekt i Europa. Det virker som om sabotasje, droneangrep og attentater bare gj\u00f8r at europeere st\u00e5r n\u00e6rmere hverandre. Og dette gj\u00f8r at europeere bruker mer penger p\u00e5 forsvar, Ukraina og Nato, sier Ryan.<\/p>\n<p>    <a itemprop=\"url\" href=\"https:\/\/www.dagbladet.no\/nyheter\/russisk-skip-tatt-i-arrest-pa-svalbard\/85103945\" rel=\"nofollow noopener\" target=\"_blank\"><\/p>\n<p>        <img loading=\"lazy\" decoding=\"async\" src=\"https:\/\/www.europesays.com\/no\/wp-content\/uploads\/2026\/09\/1788581782_936_85103975.webp\" width=\"180\" height=\"81\" alt=\"\" class=\"lazyload\" style=\"--aspect-ratio-image: 2.22; \"\/><\/p>\n<p>        Russisk skip tatt i arrest p\u00e5 Svalbard<\/p>\n<p>    <\/a><\/p>\n<p>Bekymret for framtida<\/p>\n<p>Forsvarsanalytikeren f\u00e5r st\u00f8tte av vestlige tjenestepersoner som overfor The New York Times insisterer p\u00e5 at NATO fortsatt har en avskrekkende effekt.<\/p>\n<p>        DRONEANGREP: Tyskland peker p\u00e5 Russland etter droneangrepet mot Leipzig\/Halle-flyplassen. Video: AP \/ NTB. Reporter: Sander Aadalen<\/p>\n<p>&#8211; V\u00e5r vurdering er at Vladimir Putin for \u00f8yeblikket forst\u00e5r b\u00e5de hva artikkel 5 inneb\u00e6rer, og hvilke faktiske konsekvenser den ville f\u00e5, sa Kaupo Rosin, sjef for Estlands utenlandsetterretning, i et intervju med et lokalt nyhetsmedium denne uka.<\/p>\n<p class=\"font-weight-bold m-font-weight-bold\" data-lab-font_weight=\"font-weight-bold\">Han sa at den st\u00f8rste bekymringen er framtida.<\/p>\n<p>&#8211; Vi m\u00e5 sikre at Russland om seks m\u00e5neder, ett \u00e5r eller fem \u00e5r fortsatt har den samme forst\u00e5elsen av at NATOs avskrekking virker.<\/p>\n","protected":false},"excerpt":{"rendered":"Det som ikke eksploderte i Leipzig, kan likevel vise seg \u00e5 bli en gnist. To droner, et ukrainsk&hellip;\n","protected":false},"author":2,"featured_media":344506,"comment_status":"","ping_status":"","sticky":false,"template":"","format":"standard","meta":{"footnotes":"","_share_on_mastodon":"0"},"categories":[5],"tags":[20,21,24,25,15,19,22,23,17,18,13,30,28,29,14,16,26,27,412],"class_list":["post-344505","post","type-post","status-publish","format-standard","has-post-thumbnail","category-overskrifter","tag-breaking-news","tag-breakingnews","tag-featured-news","tag-featurednews","tag-headlines","tag-hovedoppslag","tag-latest-news","tag-latestnews","tag-main-news","tag-mainnews","tag-news","tag-no","tag-norge","tag-norway","tag-nyheter","tag-overskrifter","tag-top-stories","tag-topstories","tag-utenriks"],"share_on_mastodon":{"url":"https:\/\/pubeurope.com\/@no\/117216503382363837","error":""},"_links":{"self":[{"href":"https:\/\/www.europesays.com\/no\/wp-json\/wp\/v2\/posts\/344505","targetHints":{"allow":["GET"]}}],"collection":[{"href":"https:\/\/www.europesays.com\/no\/wp-json\/wp\/v2\/posts"}],"about":[{"href":"https:\/\/www.europesays.com\/no\/wp-json\/wp\/v2\/types\/post"}],"author":[{"embeddable":true,"href":"https:\/\/www.europesays.com\/no\/wp-json\/wp\/v2\/users\/2"}],"replies":[{"embeddable":true,"href":"https:\/\/www.europesays.com\/no\/wp-json\/wp\/v2\/comments?post=344505"}],"version-history":[{"count":0,"href":"https:\/\/www.europesays.com\/no\/wp-json\/wp\/v2\/posts\/344505\/revisions"}],"wp:featuredmedia":[{"embeddable":true,"href":"https:\/\/www.europesays.com\/no\/wp-json\/wp\/v2\/media\/344506"}],"wp:attachment":[{"href":"https:\/\/www.europesays.com\/no\/wp-json\/wp\/v2\/media?parent=344505"}],"wp:term":[{"taxonomy":"category","embeddable":true,"href":"https:\/\/www.europesays.com\/no\/wp-json\/wp\/v2\/categories?post=344505"},{"taxonomy":"post_tag","embeddable":true,"href":"https:\/\/www.europesays.com\/no\/wp-json\/wp\/v2\/tags?post=344505"}],"curies":[{"name":"wp","href":"https:\/\/api.w.org\/{rel}","templated":true}]}}