{"id":344527,"date":"2026-09-05T05:29:15","date_gmt":"2026-09-05T05:29:15","guid":{"rendered":"https:\/\/www.europesays.com\/no\/344527\/"},"modified":"2026-09-05T05:29:15","modified_gmt":"2026-09-05T05:29:15","slug":"person-funnet-med-alvorlige-skader-pa-vei-i-gjorvik","status":"publish","type":"post","link":"https:\/\/www.europesays.com\/no\/344527\/","title":{"rendered":"Person funnet med alvorlige skader p\u00e5 vei i Gj\u00f8rvik"},"content":{"rendered":"\n<p class=\"_lead_145nj_2 _lead_6fko5_53 layout-component text-serif-m layout-normal text-serif-l layout-component layout-wide layout-padded _wide_17hqh_1 layout-padded\">Forel\u00f8pig vet ikke politiet hvem som kj\u00f8rte p\u00e5 mannen i 20-\u00e5rene. <\/p>\n<ul aria-hidden=\"true\" class=\"_images_ntbth_112\">\n<li><a class=\"_link_ntbth_117\" href=\"https:\/\/www.vg.no\/forfatter\/marius-medby\" style=\"z-index:1\" title=\"Marius Medby\" rel=\"nofollow noopener\" target=\"_blank\"><img alt=\"Bilde av Marius Medby\" class=\"_image_ntbth_93\" fetchpriority=\"low\" loading=\"lazy\" decoding=\"async\" itemprop=\"image\"  src=\"https:\/\/www.europesays.com\/no\/wp-content\/uploads\/2026\/09\/1788586153_108_7fce7743-7f51-4a52-810a-ae43b183c86f.jpeg\"  width=\"480\"\/><\/a><\/li>\n<\/ul>\n<p> Oppdatert l\u00f8rdag 5. september kl. 07:17     <\/p>\n<p class=\"_paragraph_145nj_4 _paragraph_6fko5_10 layout-component text-serif-m layout-normal text-serif-m layout-padded\">Natt til l\u00f8rdag ble en syklist funnet med alvorlige skader p\u00e5 Riksvei 4 i Gj\u00f8vik. <\/p>\n<p class=\"_paragraph_145nj_4 _paragraph_6fko5_10 layout-component text-serif-m layout-normal text-serif-m layout-padded\">Ikke lenge etterp\u00e5 kunne det fastsl\u00e5s at en mann i 20-\u00e5rene var d\u00f8d. Politiet har ikke funnet sj\u00e5f\u00f8ren som st\u00e5r bak ulykken. <\/p>\n<p class=\"_paragraph_145nj_4 _paragraph_6fko5_10 layout-component text-serif-m layout-normal text-serif-m layout-padded\">Meldingen inn til politiet kom 03.31.<\/p>\n<p class=\"_paragraph_145nj_4 _paragraph_6fko5_10 layout-component text-serif-m layout-normal text-serif-m layout-padded\">\u2013 Personen er trolig p\u00e5kj\u00f8rt og en bilist har stukket fra stedet. Vi er tungt til stede etterforskningsmessig, sier operasjonsleder Christian Svarstad i <a href=\"https:\/\/www.vg.no\/tag\/innlandet?utm_source=vg-article&amp;utm_medium=auto-tagger&amp;utm_campaign=e7RzMK\" class=\"_link_145nj_39\" rel=\"nofollow noopener\" target=\"_blank\">Innlandet<\/a> politidistrikt til NTB.<\/p>\n<p class=\"_paragraph_145nj_4 _paragraph_6fko5_10 layout-component text-serif-m layout-normal text-serif-m layout-padded\">P\u00e5r\u00f8rende er varslet om d\u00f8dsfallet. <\/p>\n<p class=\"_paragraph_145nj_4 _paragraph_6fko5_10 layout-component text-serif-m layout-normal text-serif-m layout-padded\">\u2013 Vi st\u00e5r fortsatt uten resultat av sj\u00e5f\u00f8r og bil som har st\u00e5tt for p\u00e5kj\u00f8rselen av syklisten. Det er ingen som har meldt seg per n\u00e5. Vi \u00f8nsker tips p\u00e5 biler som kan ha sett ut til \u00e5 ha v\u00e6rt involvert i en ulykke i v\u00e5rt distrikt, sier Svarstad til VG. <\/p>\n<p class=\"_paragraph_145nj_4 _paragraph_6fko5_10 layout-component text-serif-m layout-normal text-serif-m layout-padded\">I morgentimene l\u00f8rdag ble politiets krimteknikere og Statens vegvesens ulykkesgruppe sendt til stedet. If\u00f8lge operasjonsleder Svarstad har de ingen vitner til hendelsen, og ingen har meldt seg. <\/p>\n<p class=\"_paragraph_145nj_4 _paragraph_6fko5_10 layout-component text-serif-m layout-normal text-serif-m layout-padded\">\u2013 Vi tror ikke personen har ligget lenge i veien, men vet ikke. Bilisten som meldte fra til oss kj\u00f8rte f\u00f8rst forbi, f\u00f8r han snudde og kj\u00f8rte tilbake og varslet oss, sier Svarstad videre til NTB. <\/p>\n<p>    <img decoding=\"async\" alt=\"Tips oss illustrasjon\" src=\"https:\/\/www.europesays.com\/no\/wp-content\/uploads\/2026\/09\/1788586155_991_pssst-small.webp\"\/>    <\/p>\n<p class=\"title-serif-s\">Har du tips?<\/p>\n<p class=\"text-sans-m\">Send oss informasjon, bilder eller video.<\/p>\n<p>  <a href=\"https:\/\/www.vg.no\/tips-oss\" rel=\"nofollow noopener\" target=\"_blank\"> Tips oss <\/a>      <\/p>\n","protected":false},"excerpt":{"rendered":"Forel\u00f8pig vet ikke politiet hvem som kj\u00f8rte p\u00e5 mannen i 20-\u00e5rene. Oppdatert l\u00f8rdag 5. september kl. 07:17 Natt&hellip;\n","protected":false},"author":2,"featured_media":344528,"comment_status":"","ping_status":"","sticky":false,"template":"","format":"standard","meta":{"footnotes":"","_share_on_mastodon":"0"},"categories":[5],"tags":[31,20,21,2616,24,25,1088,15,19,813,22,23,17,18,13,30,28,29,14,16,26,27,51],"class_list":["post-344527","post","type-post","status-publish","format-standard","has-post-thumbnail","category-overskrifter","tag-breaking","tag-breaking-news","tag-breakingnews","tag-dodsulykker","tag-featured-news","tag-featurednews","tag-gjovik","tag-headlines","tag-hovedoppslag","tag-innlandet","tag-latest-news","tag-latestnews","tag-main-news","tag-mainnews","tag-news","tag-no","tag-norge","tag-norway","tag-nyheter","tag-overskrifter","tag-top-stories","tag-topstories","tag-ulykke"],"share_on_mastodon":{"url":"https:\/\/pubeurope.com\/@no\/117216790056834062","error":""},"_links":{"self":[{"href":"https:\/\/www.europesays.com\/no\/wp-json\/wp\/v2\/posts\/344527","targetHints":{"allow":["GET"]}}],"collection":[{"href":"https:\/\/www.europesays.com\/no\/wp-json\/wp\/v2\/posts"}],"about":[{"href":"https:\/\/www.europesays.com\/no\/wp-json\/wp\/v2\/types\/post"}],"author":[{"embeddable":true,"href":"https:\/\/www.europesays.com\/no\/wp-json\/wp\/v2\/users\/2"}],"replies":[{"embeddable":true,"href":"https:\/\/www.europesays.com\/no\/wp-json\/wp\/v2\/comments?post=344527"}],"version-history":[{"count":0,"href":"https:\/\/www.europesays.com\/no\/wp-json\/wp\/v2\/posts\/344527\/revisions"}],"wp:featuredmedia":[{"embeddable":true,"href":"https:\/\/www.europesays.com\/no\/wp-json\/wp\/v2\/media\/344528"}],"wp:attachment":[{"href":"https:\/\/www.europesays.com\/no\/wp-json\/wp\/v2\/media?parent=344527"}],"wp:term":[{"taxonomy":"category","embeddable":true,"href":"https:\/\/www.europesays.com\/no\/wp-json\/wp\/v2\/categories?post=344527"},{"taxonomy":"post_tag","embeddable":true,"href":"https:\/\/www.europesays.com\/no\/wp-json\/wp\/v2\/tags?post=344527"}],"curies":[{"name":"wp","href":"https:\/\/api.w.org\/{rel}","templated":true}]}}