{"id":34457,"date":"2025-09-13T16:30:16","date_gmt":"2025-09-13T16:30:16","guid":{"rendered":"https:\/\/www.europesays.com\/no\/34457\/"},"modified":"2025-09-13T16:30:16","modified_gmt":"2025-09-13T16:30:16","slug":"sport-vm-i-friidrett-nervedrama-for-bestemor-pa-voss-det-er-heilt-forferdeleg","status":"publish","type":"post","link":"https:\/\/www.europesays.com\/no\/34457\/","title":{"rendered":"Sport, VM i friidrett | Nervedrama for bestemor p\u00e5 Voss: \u2013 Det er heilt forferdeleg!"},"content":{"rendered":"\n<p>VM-finalen laurdag i kulest\u00f8yt vart skuffande for Marcus Thomsen (27) fr\u00e5 Voss.<\/p>\n<p>P\u00e5 b\u00e5de fyrste og andre st\u00f8yt trakka Thomsen over streken og fors\u00f8ka vart ugyldige.<\/p>\n<p>\u2013 Det var ein litt svak st\u00f8yt. Det s\u00e5g ut som om han var litt tam i rotasjonen, og han er ogs\u00e5 smal i beinstillinga, sa kommentatorane til NRK om det fyrste fors\u00f8ket.<\/p>\n<p>Det tredje og det fjerde fors\u00f8ka vart gyldige, med lengdene 20,41 og 20.53. Men dette var dessverre ikkje nok til \u00e5 vera med vidare i finalekampen, og han enda p\u00e5 ein 10. plass.<\/p>\n<p>Nervepirrande for bestemor<\/p>\n<p>P\u00e5 Voss fylgde bestemor Gerd Rogneby spent med p\u00e5 finalen. Men det \u00e5 sj\u00e5 barnebarnet p\u00e5 TV-skjermen greier jo ikkje.<\/p>\n<p>\u2013 Det er heilt forferdeleg! Eg vert s\u00e5 nerv\u00f8s! Eg har vore p\u00e5 Hodnaberg i dag og m\u00e5lt p\u00e5 d\u00f8rer medan eg h\u00f8yrde finalen p\u00e5 radio. Eg greier ikkje \u00e5 sitja roleg n\u00e5r han er i aksjon, d\u00e5 er det betre \u00e5 ha noko \u00e5 gjera p\u00e5, seier Rogneby.<\/p>\n<p>Sj\u00f8lv om det ikkje gjekk vegen for 27-\u00e5ringen, er bestemor stolt over barnebarnet sitt.<\/p>\n<p>\u2013 Eg veit at han er skuffa og at han skulle ynskja at han gjorde det betre. Han veit jo godt at han har meir p\u00e5 lager. Men slik er det. Ein kan vera s\u00e5 god ein berre vil p\u00e5 treninga, alt skal klaffa i konkurranse.<\/p>\n<p>\u2013 Korleis vil du beskriva Marcus?<\/p>\n<p>\u2013 Han har vore bestemor sin godgut heilt fr\u00e5 han vart f\u00f8dd!<\/p>\n<p>   <img decoding=\"async\" width=\"904\" height=\"792\" fetchpriority=\"low\"  loading=\"lazy\"  src=\"https:\/\/www.europesays.com\/no\/wp-content\/uploads\/2025\/09\/gerd.jpg\" alt=\"SL\u00c5R ALARM: Styret for Pensjonistforbundet Voss har gjort ein grundig jobb med notatet om dei eldre. Bak fr\u00e5 venstre Borghild Lirhus, Gerd Rogneby, Lars Konrad Bonsaksen og Bj\u00f8rn Christensen. Framme f.v. Sverre Kvitne, Bodil Aagaard og Magne Vassenden.\" class=\"brick-c-cFOWSL\" style=\"--brick-image-ratio: 904 \/ 792;\"\/><\/p>\n<p>    Bestemor Gerd Rogneby er stolt over barnebarnet Marcus.<br \/>\n    Foto: Geir Geitle\n  <\/p>\n<p>  \u2013 Anspent<\/p>\n<p>Like f\u00f8r det siste fors\u00f8ket til Thomsen intervjua NRK trenaren til Thomsen, Paul Andr\u00e9 Solberg.<\/p>\n<p>\u2013 P\u00e5 treninga f\u00f8r i dag sa han at han mister balansen litt, og at han er anspent under st\u00f8yta. Han vil veldig mykje, men kjenner at han ikkje har heilt kontakt, sa trenaren.<\/p>\n<p>   <img decoding=\"async\" width=\"6000\" height=\"4000\" fetchpriority=\"low\"  loading=\"lazy\"  src=\"https:\/\/www.europesays.com\/no\/wp-content\/uploads\/2025\/09\/NTB_Jq15hMKGBcc.jpg\" alt=\"Tokyo, Japan 20250913. &#10;Kulest\u00f8teren Marcus Thomsen under dagens \u00f8velse  i VM i Tokyo l\u00f8rdag.&#10;Foto: Heiko Junge \/ NTB\" class=\"brick-c-cFOWSL\" style=\"--brick-image-ratio: 6000 \/ 4000;\"\/><\/p>\n<p>    Thomsen fekk ein d\u00e5rleg start med to ugyldige fors\u00f8k.<br \/>\n    Foto: Heiko Junge\/NTB\n  <\/p>\n<p>Ryan Crowser fr\u00e5 USA vann finalen med beste resultat p\u00e5 22,34 meter.<\/p>\n<p><a href=\"https:\/\/www.avisa-hordaland.no\/marcus-27-skreiv-historie-med-ny-kulerekord-sjukt-digg\/s\/5-132-936228\" rel=\"Follow nofollow noopener\" target=\"_blank\">Marcus Thomsen har tidlegare i sommar sett norsk rekord med 21,23 meter.<\/a><\/p>\n<p>  <a href=\"https:\/\/www.avisa-hordaland.no\/5-132-983934\" class=\"related-teaser has-image default-story-teaser article--c-eRUmMG article--c-eRUmMG-jKCPdD-design-default\" rel=\"nofollow noopener\" target=\"_blank\"><\/p>\n<p>    <img decoding=\"async\" loading=\"lazy\"  src=\"https:\/\/www.europesays.com\/no\/wp-content\/uploads\/2025\/09\/IMG_4066.JPG\" alt=\"\" class=\"brick-c-cFOWSL\" style=\"\"\/><\/p>\n<p>\n            Les ogs\u00e5<\/p>\n<p>              Kompani Lauritzen er ordknappe: \u2013 Me set veldig pris p\u00e5 om folk ikkje opps\u00f8kjer omr\u00e5det\n        <\/p>\n<p>  <\/a><\/p>\n<p>Les meir om: artikkelemnene<\/p>\n","protected":false},"excerpt":{"rendered":"VM-finalen laurdag i kulest\u00f8yt vart skuffande for Marcus Thomsen (27) fr\u00e5 Voss. P\u00e5 b\u00e5de fyrste og andre st\u00f8yt&hellip;\n","protected":false},"author":2,"featured_media":34458,"comment_status":"","ping_status":"","sticky":false,"template":"","format":"standard","meta":{"footnotes":""},"categories":[59],"tags":[36,5526,30,28,29,83,82,1510,5131],"class_list":{"0":"post-34457","1":"post","2":"type-post","3":"status-publish","4":"format-standard","5":"has-post-thumbnail","7":"category-sport","8":"tag-art","9":"tag-kulestoyt","10":"tag-no","11":"tag-norge","12":"tag-norway","13":"tag-sport","14":"tag-sports","15":"tag-story","16":"tag-vm-i-friidrett"},"share_on_mastodon":{"url":"","error":""},"_links":{"self":[{"href":"https:\/\/www.europesays.com\/no\/wp-json\/wp\/v2\/posts\/34457","targetHints":{"allow":["GET"]}}],"collection":[{"href":"https:\/\/www.europesays.com\/no\/wp-json\/wp\/v2\/posts"}],"about":[{"href":"https:\/\/www.europesays.com\/no\/wp-json\/wp\/v2\/types\/post"}],"author":[{"embeddable":true,"href":"https:\/\/www.europesays.com\/no\/wp-json\/wp\/v2\/users\/2"}],"replies":[{"embeddable":true,"href":"https:\/\/www.europesays.com\/no\/wp-json\/wp\/v2\/comments?post=34457"}],"version-history":[{"count":0,"href":"https:\/\/www.europesays.com\/no\/wp-json\/wp\/v2\/posts\/34457\/revisions"}],"wp:featuredmedia":[{"embeddable":true,"href":"https:\/\/www.europesays.com\/no\/wp-json\/wp\/v2\/media\/34458"}],"wp:attachment":[{"href":"https:\/\/www.europesays.com\/no\/wp-json\/wp\/v2\/media?parent=34457"}],"wp:term":[{"taxonomy":"category","embeddable":true,"href":"https:\/\/www.europesays.com\/no\/wp-json\/wp\/v2\/categories?post=34457"},{"taxonomy":"post_tag","embeddable":true,"href":"https:\/\/www.europesays.com\/no\/wp-json\/wp\/v2\/tags?post=34457"}],"curies":[{"name":"wp","href":"https:\/\/api.w.org\/{rel}","templated":true}]}}