{"id":344623,"date":"2026-09-05T07:45:20","date_gmt":"2026-09-05T07:45:20","guid":{"rendered":"https:\/\/www.europesays.com\/no\/344623\/"},"modified":"2026-09-05T07:45:20","modified_gmt":"2026-09-05T07:45:20","slug":"emil-hegle-svendsen-om-ny-kjaereste-barna-og-livet-etter-bruddet","status":"publish","type":"post","link":"https:\/\/www.europesays.com\/no\/344623\/","title":{"rendered":"Emil Hegle Svendsen om ny kj\u00e6reste, barna og livet etter bruddet"},"content":{"rendered":"<p class=\"kicker \" style=\"\">Mesternes team-Emil ble \u00abfar til fire\u00bbover natta<\/p>\n<p class=\"subtitle \" style=\"\">Da den tidligere skiskytterkongen fant kj\u00e6rligheten p\u00e5 nytt, m\u00e5tte han ogs\u00e5 finne en ny form p\u00e5 familielivet.<\/p>\n<p>\n    PAR I HJERTER: Ingrid og Emil kom inn i forholdet med to barn hver. Til hverdagene sammen har de funnet gode rutiner. \u2013 Jeg syns vi l\u00f8ser det ganske bra, forteller Emil til Se og H\u00f8r. Foto: Tor Lindseth\n  <\/p>\n<p>Skiskytterkarrieren til <a href=\"https:\/\/www.seher.no\/kjendis\/selger-drommehuset-flytter-200-meter\/83553114\" rel=\"nofollow noopener\" target=\"_blank\">Emil Hegle Svendsen<\/a> (41) handlet om \u00e5 treffe blink. Det har han ogs\u00e5 gjort i privatlivet \u2013 men der har det v\u00e6rt noen ekstrarunder &#8230;<\/p>\n<p>I april 2023 ble det kjent at Emil og Samantha Skogrand (36) hadde g\u00e5tt hver til sitt etter ti \u00e5r sammen. Sammen har de to barn. <\/p>\n<p>Siden har Emil funnet kj\u00e6rligheten p\u00e5 nytt med Ingrid Helene R\u00f8dal (36).<\/p>\n<p>        <img loading=\"lazy\" decoding=\"async\" src=\"https:\/\/www.europesays.com\/no\/wp-content\/uploads\/2026\/09\/85083917.webp\" width=\"686\" height=\"460\" alt=\"\" class=\"\" style=\"--aspect-ratio-image: 1.49; \"\/><\/p>\n<p>\n        SMILER I VARMEN: Emil deltok sist i \u00abMesternes mester\u00bb i 2020, da programmet ble spilt inn i Kroatia. Han endte p\u00e5 7.-plass. Denne gangen gikk turen til Porto Heli i Hellas. Foto: Tor LIndseth\n    <\/p>\n<p>Da Se og H\u00f8r m\u00f8tte OL- og VM-vinneren under innspillingen av \u00abMesternes mester team\u00bb i Hellas tidligere i \u00e5r, snakket han uanstrengt om b\u00e5de bruddet, den nye kj\u00e6rligheten og hverdagen med barna.<\/p>\n<p>\u2013 Det er bra n\u00e5. Jeg er forn\u00f8yd med livet, sa den hyggelige og joviale tr\u00f8nderen.<\/p>\n<p>Opp og ned. Samtidig innr\u00f8mmet han at han har v\u00e6rt gjennom en litt krevende prosess.<\/p>\n<p>        <img loading=\"lazy\" decoding=\"async\" src=\"https:\/\/www.europesays.com\/no\/wp-content\/uploads\/2026\/09\/85083942.webp\" width=\"686\" height=\"1029\" alt=\"\" class=\"\" style=\"--aspect-ratio-image: 0.67; \"\/><\/p>\n<p>\n        GODT SAMARBEID: Det sies at to hoder tenker bedre enn ett. Her pr\u00f8ver Liv Grete og Emil \u00e5 l\u00f8se en av oppgavene i \u00abMesternes mester team\u00bb. Foto: NRK\n    <\/p>\n<p>\u2013 Jeg fikk jo b\u00e5de litt av det vondeste og litt av det beste, for jeg traff samboeren min ganske kjapt. Det har v\u00e6rt vanskelig, men ogs\u00e5 en fantastisk periode p\u00e5 mange m\u00e5ter. Litt ambivalent, medga han.<\/p>\n<p>        HARALD OG SONJA: Det tidligere kongeparets unike kj\u00e6rlighetshistorie g\u00e5r viralt. Video: Sanne Holt\/R\u00f8d L\u00f8per, \u00abTil minne om kong Harald\u00bb\/ NRK TV, Instagram\/ @detnorskekongehuset<\/p>\n<p>Han og Samantha har barna annenhver uke.<\/p>\n<p>\u2013 Vi har et veldig bra samarbeid, og ungene er det viktigste i livet mitt. Jeg har hele tiden deres beste som min f\u00f8rste prioritet. Det virker som de har det bra, og da er jeg happy.<\/p>\n<p>        <img loading=\"lazy\" decoding=\"async\" src=\"https:\/\/www.europesays.com\/no\/wp-content\/uploads\/2026\/09\/85083944.webp\" width=\"686\" height=\"460\" alt=\"\" class=\"\" style=\"--aspect-ratio-image: 1.49; \"\/><\/p>\n<p>\n        GULLGUTT: Emil Hegle Svendsen kunne smile bredt etter OL i Vancouver i 2010. Der tok han to gull og \u00e9n s\u00f8lvmedalje. Foto: NTB\n    <\/p>\n<p>Ingrid har selv to barn fra f\u00f8r. Paret har koordinert samv\u00e6rsukene slik at alle fire barna er hos dem samtidig. Se og H\u00f8r m\u00f8tte paret sist uke, da \u00abMesternes mester team\u00bb samlet deltakerne til lansering. Ingrid, som opprinnelig er fra Hustadvika, lyser opp n\u00e5r hun snakker om samboeren og den nye hverdagen.<\/p>\n<p>\u2013 Han er veldig snill. Han er omsorgsfull, varm, og s\u00e5 ser han alle rundt seg, sier Ingrid \u2013 som jobber som milj\u00f8arbeider p\u00e5 en skole.<\/p>\n<p>        <img loading=\"lazy\" decoding=\"async\" src=\"https:\/\/www.europesays.com\/no\/wp-content\/uploads\/2026\/09\/85083947.webp\" width=\"667\" height=\"754\" alt=\"\" class=\"\" style=\"--aspect-ratio-image: 0.88; \"\/><\/p>\n<p>\n        SUPER-SVENDSEN: Liv Grete Skjelbreid er tydelig forn\u00f8yd med lagkameraten p\u00e5 lag bl\u00e5. \u2013 Det er alltid g\u00f8y \u00e5 v\u00e6re sammen med Emil. Vi ler og har det g\u00f8y. Han er en person du merker i rommet. Du kjenner at Emil er kommet, sier hun. Foto: NRK\n    <\/p>\n<p>Emil forteller at han og Ingrid har tatt tiden til hjelp for \u00e5 f\u00e5 den nye familiesituasjonen til \u00e5 fungere for alle fire barna.<\/p>\n<p>\u2013 Jeg har pr\u00f8vd \u00e5 ta det veldig gradvis og la barna ta litt f\u00f8ringer i hvordan det g\u00e5r. De er jo de viktigste i v\u00e5re liv \u2013 det er vi begge enige om. For Ingrid og jeg vet jo at vi er glade i hverandre, men det \u00e5 f\u00e5 dem med p\u00e5 det her ogs\u00e5, har jeg v\u00e6rt veldig glad for.<\/p>\n<p>        <img loading=\"lazy\" decoding=\"async\" src=\"https:\/\/www.europesays.com\/no\/wp-content\/uploads\/2026\/09\/85083969.webp\" width=\"686\" height=\"556\" alt=\"\" class=\"\" style=\"--aspect-ratio-image: 1.23; \"\/><\/p>\n<p>\n        HERREM\u00d8TE: Dette er de seks mennene som deltar i \u00abMesternes mester team\u00bb: Steffen Iversen (49), Marco Elsafadi (49), Emil Lybekk (33), Stig Andr\u00e9 Berge (43), Emil Hegle Svendsen (41) og Frode Grod\u00e5s (61). Foto: Tor Lindseth\n    <\/p>\n<p>\u2013 Vekslingen mellom barneuke og kj\u00e6resteuke er egentlig helt perfekt, sier Emil \u2013 og kikker bort p\u00e5 flotte Ingrid som han bor sammen med i Oslo &#8211; rett overfor Holmenkollen.<\/p>\n<p>Fire barn er nok for paret, selv om de har v\u00e6rt inne p\u00e5 tanken om \u00e5 f\u00e5 et barn sammen.<\/p>\n<p>\u2013 Vi har pratet litt om det. Men jeg tror egentlig ikke at det blir det. Vi er forn\u00f8yd med fire. Jeg hadde ikke sett for meg at jeg skulle ha s\u00e5 mange! Skal vi ha flere n\u00e5, tror jeg at jeg m\u00e5 f\u00e5 meg en assistent, sier han humrende. <\/p>\n<p>        <img loading=\"lazy\" decoding=\"async\" src=\"https:\/\/www.europesays.com\/no\/wp-content\/uploads\/2026\/09\/85083985.webp\" width=\"686\" height=\"542\" alt=\"\" class=\"\" style=\"--aspect-ratio-image: 1.27; \"\/><\/p>\n<p>\n        ET KJ\u00c6RT MINNE: Emil sammen med kong Harald p\u00e5 kongetribunen etter seieren p\u00e5 15 kilometer fellesstart i Holmenkollen i 2012. Foto: NTB\n    <\/p>\n<p>Den viktige tiden. Emil er sv\u00e6rt bevisst p\u00e5 hvordan han bruker ukene sammen med barna.<\/p>\n<p>\u2013 Det som er viktig for meg, er at jeg i mine uker er 100 prosent til stede. For den tida er s\u00e5 utrolig verdifull \u2013 den f\u00e5r du ikke tilbake. Den er hellig!<\/p>\n<p>        R\u00d8RT: L\u00f8rdag kveld holdt kong Haakon sin aller f\u00f8rste tale til det norske folk som monark. Han ble tydelig ber\u00f8rt da han gratulerte moren, dronning Sonja, med bryllupsdagen.<\/p>\n<p>I mange \u00e5r var derimot skiskytterkarrieren det aller helligste for Emil. Idretten fulgte ham dag og natt \u00e5ret rundt. Da han ga seg, hadde han ingen klar plan for hva han skulle gj\u00f8re videre.<\/p>\n<p>\u2013 Men jeg hadde venner som drev i eiendomsbransjen og ble litt nysgjerrig p\u00e5 det.<\/p>\n<p>        <img loading=\"lazy\" decoding=\"async\" src=\"https:\/\/www.europesays.com\/no\/wp-content\/uploads\/2026\/09\/85083998.webp\" width=\"688\" height=\"393\" alt=\"\" class=\"\" style=\"--aspect-ratio-image: 1.75; \"\/><\/p>\n<p>\n        STOLTE FORELDRE: Mamma Tone og pappa Agnar Helge Svendsen feiret s\u00f8lvmedaljen til Emil under OL i Vancouver i 2010. Foto: Oddvar Walle Jensen\n    <\/p>\n<p>I dag jobber han som eiendomssjef i Arctic, der han forvalter n\u00e6ringseiendommer, hovedsakelig p\u00e5 \u00d8stlandet.<\/p>\n<p>\u2013 Det er en veldig variert bransje som jeg stortrives i.<\/p>\n<p>        \u00abLET&#8217;S DANCE\u00bb: I disse dager ruller den svenske versjonen av \u00abSkal vi danse\u00bb over skjermene i nabolandet, og blant deltakerne finner man norske skistjernen Petter Northug og dansepartneren hans, Jasmin. N\u00e5 svarer duoen p\u00e5 sp\u00f8rsm\u00e5let \u00aballe\u00bb lurer p\u00e5. Foto: Pelle T. Nilsson\/SPA \/\/ Reporter: Anders Ellingsen \/\/ Lyd: EpidemicSound<\/p>\n<p>God l\u00e6ring. Han er i stor grad selvl\u00e6rt \u2013 men f\u00e5r mye kunnskaper fra kollegene og av \u00e5 jobbe med konkrete prosjekter. <\/p>\n<p>Fra toppidretten har han s\u00e6rlig tatt med seg evnen til \u00e5 prioritere og \u00f8nsket om stadig \u00e5 utvikle seg.<\/p>\n<p>\u2013 At du hver dag skal bli bitte litt bedre. Den f\u00f8ler jeg funker for alt \u2013 b\u00e5de i privatlivet, jobblivet, ja absolutt alt.<\/p>\n<p>Ved siden av jobb og familieliv holder Emil seg i form med ski, l\u00f8ping og styrke. Han har langt mindre tid til trening enn f\u00f8r, og velger derfor det som gir mest effekt p\u00e5 kortest mulig tid.<\/p>\n<p>        &#8211; Vi er s\u00e5 takknemlige \/\/ Foto:  Privat, Instagram \/\/ Stemme: AI \/\/ Klipp: Nico Aagaard<\/p>\n<p>I h\u00f8st f\u00e5r vi se hvilket energiniv\u00e5 Emil ligger p\u00e5 gjennom deltakelsen i nyvinningen \u00abMesternes mester team\u00bb. I 2020 deltok han i \u00abMesternes mester\u00bb alene. N\u00e5 danner han lag med skiskytterdronningen Liv Grete Skjelbreid (52).<\/p>\n<p>\u2013 Vi er best n\u00e5r det blir langt, tungt og seigt. Litt slit passer oss godt. Eksplosive \u00f8velser er nok ikke v\u00e5r styrke, innr\u00f8mmer han.<\/p>\n<p>Og lagf\u00f8lelsen? <\/p>\n<p>\u2013 Den er helt midt i blinken!<\/p>\n","protected":false},"excerpt":{"rendered":"Mesternes team-Emil ble \u00abfar til fire\u00bbover natta Da den tidligere skiskytterkongen fant kj\u00e6rligheten p\u00e5 nytt, m\u00e5tte han ogs\u00e5&hellip;\n","protected":false},"author":2,"featured_media":344624,"comment_status":"","ping_status":"","sticky":false,"template":"","format":"standard","meta":{"footnotes":"","_share_on_mastodon":"0"},"categories":[59],"tags":[4104,4780,479,30,28,29,83,82],"class_list":["post-344623","post","type-post","status-publish","format-standard","has-post-thumbnail","category-sport","tag-eksklusivt","tag-emil_hegle_svendsen","tag-kjendis","tag-no","tag-norge","tag-norway","tag-sport","tag-sports"],"share_on_mastodon":{"url":"https:\/\/pubeurope.com\/@no\/117217325038952384","error":""},"_links":{"self":[{"href":"https:\/\/www.europesays.com\/no\/wp-json\/wp\/v2\/posts\/344623","targetHints":{"allow":["GET"]}}],"collection":[{"href":"https:\/\/www.europesays.com\/no\/wp-json\/wp\/v2\/posts"}],"about":[{"href":"https:\/\/www.europesays.com\/no\/wp-json\/wp\/v2\/types\/post"}],"author":[{"embeddable":true,"href":"https:\/\/www.europesays.com\/no\/wp-json\/wp\/v2\/users\/2"}],"replies":[{"embeddable":true,"href":"https:\/\/www.europesays.com\/no\/wp-json\/wp\/v2\/comments?post=344623"}],"version-history":[{"count":0,"href":"https:\/\/www.europesays.com\/no\/wp-json\/wp\/v2\/posts\/344623\/revisions"}],"wp:featuredmedia":[{"embeddable":true,"href":"https:\/\/www.europesays.com\/no\/wp-json\/wp\/v2\/media\/344624"}],"wp:attachment":[{"href":"https:\/\/www.europesays.com\/no\/wp-json\/wp\/v2\/media?parent=344623"}],"wp:term":[{"taxonomy":"category","embeddable":true,"href":"https:\/\/www.europesays.com\/no\/wp-json\/wp\/v2\/categories?post=344623"},{"taxonomy":"post_tag","embeddable":true,"href":"https:\/\/www.europesays.com\/no\/wp-json\/wp\/v2\/tags?post=344623"}],"curies":[{"name":"wp","href":"https:\/\/api.w.org\/{rel}","templated":true}]}}