{"id":34468,"date":"2025-09-13T16:42:11","date_gmt":"2025-09-13T16:42:11","guid":{"rendered":"https:\/\/www.europesays.com\/no\/34468\/"},"modified":"2025-09-13T16:42:11","modified_gmt":"2025-09-13T16:42:11","slug":"for-lett-a-fa-trygd","status":"publish","type":"post","link":"https:\/\/www.europesays.com\/no\/34468\/","title":{"rendered":"&#8211; For lett \u00e5 f\u00e5 trygd"},"content":{"rendered":"<p>  Som 60-\u00e5ring startet hun egen bedrift. F\u00f8rst n\u00e5 g\u00e5r Dagny \u00c5sen (89) av med pensjon. &#8211; Mange er kanskje litt pysete.<\/p>\n<p>\n    ARBEIDSKVINNE: Dagny \u00c5sen (89), som driver Dagnys kompebu i Froland, kunne g\u00e5tt av med pensjon for over 20 \u00e5r siden. N\u00e5r hun n\u00e5 snart slutter, er det med stort vemod. Foto: Line Brustad \/ Dagbladet\n  <\/p>\n<p>    Kort fortalt<\/p>\n<ul lang=\"nb-NO\">\n<li>Dagny \u00c5sen (89) har drevet sin kompebu i Froland i nesten 30 \u00e5r, men n\u00e5 har hun bestemt seg for \u00e5 pensjonere seg.<\/li>\n<li>Hun uttrykker sorg over \u00e5 m\u00e5tte avslutte, men \u00f8nsker \u00e5 gj\u00f8re det mens hun fortsatt kan ta avgj\u00f8relsen selv.<\/li>\n<li>Dagny har alltid funnet glede i arbeidet sitt og har aldri mottatt klager fra sine mange lojale kunder.<\/li>\n<li>Hun mener det er for lett \u00e5 f\u00e5 trygd i Norge, og oppfordrer folk til \u00e5 jobbe hvis helsen tillater det.<\/li>\n<\/ul>\n<p class=\"italic ai-disclaimer\" data-lab-italic=\"italic\">Sammendraget er laget av ChatGPT og godkjent av Dagbladet.<\/p>\n<p>      Vis mer<br \/>\n      Vis mindre<\/p>\n<p>FROLAND (Dagbladet): I Dagnys kompebu i Froland blir du m\u00f8tt med en klem. <\/p>\n<p>&#8211; Velkommen inn, sier Dagny \u00c5sen (89) smilende. <\/p>\n<p>Den 89 \u00e5r gamle kvinnen har drevet dette stedet, helt p\u00e5 egenh\u00e5nd, i nesten 30 \u00e5r. N\u00e5 har hun tatt et valg hun lenge har gruet seg til. Hun skal selge bua og g\u00e5 av med pensjon.\u00a0<\/p>\n<p>&#8211; Det er vondt og s\u00e5rt, forteller 89-\u00e5ringen, og sier at hun gjerne hadde fortsatt i jobben om hun kunne.\u00a0<\/p>\n<p>&#8211; Jeg m\u00e5 slutte n\u00e5, mens jeg fortsatt kan ta stilling til det selv. Jeg \u00f8nsker ikke at andre skal bli n\u00f8dt til \u00e5 b\u00e6re meg ut d\u00f8ra, sier hun.\u00a0<\/p>\n<p>          <img loading=\"lazy\" decoding=\"async\" src=\"https:\/\/www.europesays.com\/no\/wp-content\/uploads\/2025\/09\/83547921.webp\" width=\"686\" height=\"467\" title=\"KOMPE: Dagny tror hun har laget millioner av s\u00f8rlandske komper i l\u00f8pet av karrieren. Komle, raspeball, klubb og potetball er andre navn p\u00e5 denne retten. Foto: Line Brustad\" alt=\"\" class=\"\" style=\"--aspect-ratio-image: 1.47; \"\/><\/p>\n<p>\n          KOMPE: Dagny tror hun har laget millioner av s\u00f8rlandske komper i l\u00f8pet av karrieren. Komle, raspeball, klubb og potetball er andre navn p\u00e5 denne retten. Foto: Line Brustad\n      <\/p>\n<p>&#8211; Kroken p\u00e5 d\u00f8ra\t<\/p>\n<p> Fire ganger i uka \u00e5pner Dagny d\u00f8ra til kompebua i Froland. Slik skal det v\u00e6re ut september. Men i oktober starter et helt nytt kapittel: pensjonisttilv\u00e6relsen. <\/p>\n<p>&#8211; Da blir det kroken p\u00e5 d\u00f8ra. Det f\u00f8les vemodig, sier hun.<\/p>\n<p>For det \u00e5 v\u00e6re i jobb har alltid v\u00e6rt viktig for Dagny.<\/p>\n<p>&#8211; Det gir meg s\u00e5 mye glede \u00e5 jobbe med mat og m\u00f8te takknemlige kunder, forteller hun.<\/p>\n<p class=\"italic m-italic\" data-lab-italic=\"italic\">&#8211; Hva synes kundene dine om valget du n\u00e5 har tatt?<\/p>\n<p>&#8211; De vil ikke at jeg skal slutte, svarer hun, og legger til at hun ikke har f\u00e5tt en eneste klage p\u00e5 nesten 30 \u00e5r.\u00a0<\/p>\n<p>Folk kommer fra fjern og n\u00e6r for \u00e5 kj\u00f8pe komper hos Dagny. Mange er stamgjester som har fulgt henne i \u00e5revis.<\/p>\n<p>&#8211; Hvor mange komper har du laget, tror du?<\/p>\n<p>&#8211; Det m\u00e5 v\u00e6re millioner, svarer 89-\u00e5ringen.\u00a0<\/p>\n<p>          <img loading=\"lazy\" decoding=\"async\" src=\"https:\/\/www.europesays.com\/no\/wp-content\/uploads\/2025\/09\/83548706.webp\" width=\"686\" height=\"440\" title=\"STENGER: Dagny holder d\u00f8rene oppe ut september. Foto: Line Brustad\" alt=\"\" class=\"\" style=\"--aspect-ratio-image: 1.56; \"\/><\/p>\n<p>\n          STENGER: Dagny holder d\u00f8rene oppe ut september. Foto: Line Brustad\n      <\/p>\n<p>&#8211; For lettvint\t<\/p>\n<p> Dagny har fulgt med p\u00e5 debatten om sykeordningen som har p\u00e5g\u00e5tt i mediene den siste tida. Hun\u00a0mener det virker for enkelt \u00e5 f\u00e5 trygd i Norge i dag.<\/p>\n<p>&#8211; Jeg syns det er for lettvint \u00e5 f\u00e5 trygd og sykepenger, og det virker som at mange faktisk ser fram til \u00e5 f\u00e5 trygd, og kanskje er litt pysete, mener hun.<\/p>\n<p class=\"italic m-italic\" data-lab-italic=\"italic\">&#8211; Hvilke r\u00e5d har du til dem som synes det er vanskelig \u00e5 v\u00e6re i jobb?<\/p>\n<p>&#8211; Er du syk, s\u00e5 er du syk, og da trenger du sykmelding. Dette gjelder ikke alle. Men hvis man har helse til det, er det best \u00e5 v\u00e6re i jobb. Det er godt b\u00e5de for kroppen og tankene. N\u00e5r man er p\u00e5 jobb, har man ikke tid til \u00e5 sitte og tenke p\u00e5 hvor vondt man har det, sier Dagny.<\/p>\n<p>&#8211; Ikke engstelig\t<\/p>\n<p>\u00c5 ha det vondt, vet Dagny mye om. Da hun tidlig i 30-\u00e5rene ventet sitt fjerde barn, ble hun br\u00e5tt enke. Hun satt igjen alene med fire s\u00f8nner og en stor sorg. <\/p>\n<p>Senere har hun kjempet mot kreft to ganger.\u00a0<\/p>\n<p>&#8211; F\u00f8rste gang valgte jeg \u00e5 fjerne brystet, for \u00e5 v\u00e6re sikker p\u00e5 at jeg fikk bort alt. Den andre gangen var det mer skummelt, for da kunne de ikke operere, sier Dagny, og legger til:<\/p>\n<p>&#8211; Men jeg er ikke engstelig av meg. Jeg lever livet fullt ut.\u00a0<\/p>\n","protected":false},"excerpt":{"rendered":"Som 60-\u00e5ring startet hun egen bedrift. F\u00f8rst n\u00e5 g\u00e5r Dagny \u00c5sen (89) av med pensjon. &#8211; Mange er&hellip;\n","protected":false},"author":2,"featured_media":34469,"comment_status":"","ping_status":"","sticky":false,"template":"","format":"standard","meta":{"footnotes":""},"categories":[10],"tags":[20,21,24,25,15,2539,22,23,13,30,28,29,14,16,26,27],"class_list":{"0":"post-34468","1":"post","2":"type-post","3":"status-publish","4":"format-standard","5":"has-post-thumbnail","7":"category-norge","8":"tag-breaking-news","9":"tag-breakingnews","10":"tag-featured-news","11":"tag-featurednews","12":"tag-headlines","13":"tag-innenriks","14":"tag-latest-news","15":"tag-latestnews","16":"tag-news","17":"tag-no","18":"tag-norge","19":"tag-norway","20":"tag-nyheter","21":"tag-overskrifter","22":"tag-top-stories","23":"tag-topstories"},"share_on_mastodon":{"url":"","error":""},"_links":{"self":[{"href":"https:\/\/www.europesays.com\/no\/wp-json\/wp\/v2\/posts\/34468","targetHints":{"allow":["GET"]}}],"collection":[{"href":"https:\/\/www.europesays.com\/no\/wp-json\/wp\/v2\/posts"}],"about":[{"href":"https:\/\/www.europesays.com\/no\/wp-json\/wp\/v2\/types\/post"}],"author":[{"embeddable":true,"href":"https:\/\/www.europesays.com\/no\/wp-json\/wp\/v2\/users\/2"}],"replies":[{"embeddable":true,"href":"https:\/\/www.europesays.com\/no\/wp-json\/wp\/v2\/comments?post=34468"}],"version-history":[{"count":0,"href":"https:\/\/www.europesays.com\/no\/wp-json\/wp\/v2\/posts\/34468\/revisions"}],"wp:featuredmedia":[{"embeddable":true,"href":"https:\/\/www.europesays.com\/no\/wp-json\/wp\/v2\/media\/34469"}],"wp:attachment":[{"href":"https:\/\/www.europesays.com\/no\/wp-json\/wp\/v2\/media?parent=34468"}],"wp:term":[{"taxonomy":"category","embeddable":true,"href":"https:\/\/www.europesays.com\/no\/wp-json\/wp\/v2\/categories?post=34468"},{"taxonomy":"post_tag","embeddable":true,"href":"https:\/\/www.europesays.com\/no\/wp-json\/wp\/v2\/tags?post=34468"}],"curies":[{"name":"wp","href":"https:\/\/api.w.org\/{rel}","templated":true}]}}