{"id":344687,"date":"2026-09-05T09:09:15","date_gmt":"2026-09-05T09:09:15","guid":{"rendered":"https:\/\/www.europesays.com\/no\/344687\/"},"modified":"2026-09-05T09:09:15","modified_gmt":"2026-09-05T09:09:15","slug":"for-iphone-18-pro-i-det-hele-tatt-ble-lansert-dukket-det-uventet-opp-en-serie-tilbehor-i-mork-kirsebaerfarge","status":"publish","type":"post","link":"https:\/\/www.europesays.com\/no\/344687\/","title":{"rendered":"F\u00f8r iPhone 18 Pro i det hele tatt ble lansert, dukket det uventet opp en serie tilbeh\u00f8r i m\u00f8rk kirseb\u00e6rfarge."},"content":{"rendered":"<p class=\"PlaygroundEditorTheme__paragraph\" dir=\"ltr\">Hvert \u00e5r legger <a class=\"data-link\" data-org-href=\"https:\/\/www.vietnam.vn\/no\/tag\/apple\" href=\"https:\/\/www.vietnam.vn\/no\/tag\/apple\" title=\"Eple\" target=\"_blank\" rel=\"nofollow noopener\">Apple<\/a> vanligvis til et nytt fargealternativ til iPhone Pro-modellene sine for \u00e5 skape en visuell appell og oppmuntre til oppgraderinger.<\/p>\n<p class=\"PlaygroundEditorTheme__paragraph\" dir=\"ltr\"> 2026 er intet unntak, med nylige rykter som stadig nevner en helt ny farge kalt Dark Cherry, en dyp, rik kirseb\u00e6rr\u00f8d nyanse for <b><strong class=\"PlaygroundEditorTheme__textBold\" style=\"white-space: pre-wrap;\">iPhone 18 Pro<\/strong><\/b> og <b><strong class=\"PlaygroundEditorTheme__textBold\" style=\"white-space: pre-wrap;\"><a class=\"data-link\" data-org-href=\"https:\/\/www.vietnam.vn\/no\/tag\/iphone-18-pro-max\" href=\"https:\/\/www.vietnam.vn\/no\/tag\/iphone-18-pro-max\" title=\"iPhone 18 Pro Max\" target=\"_blank\" rel=\"nofollow noopener\">iPhone 18 Pro Max<\/a><\/strong><\/b> . <\/p>\n<p class=\"PlaygroundEditorTheme__paragraph\" dir=\"ltr\"><img decoding=\"async\" style=\"cursor:pointer\" src=\"https:\/\/www.europesays.com\/no\/wp-content\/uploads\/2026\/09\/1788595783746_phu-kien-mau-dark-cherry-1294.jpeg\" alt=\"M\u00f8rk kirseb\u00e6r tilbeh\u00f8r.jpg\" width=\"inherit\" height=\"inherit\"\/><\/p>\n<p class=\"PlaygroundEditorTheme__paragraph\" dir=\"ltr\"> M\u00f8rk kirseb\u00e6rfarget lader, lansert f\u00f8r lanseringen av iPhone 18 Pro. Foto: Baseus\/PhoneArena<\/p>\n<p class=\"PlaygroundEditorTheme__paragraph\" dir=\"ltr\"> M\u00f8rk kirseb\u00e6r beskrives som en dyp, jordaktig r\u00f8d tone, som utstr\u00e5ler en mer sofistikert og moden f\u00f8lelse sammenlignet med tidligere livlige r\u00f8dnyanser.<\/p>\n<p class=\"PlaygroundEditorTheme__paragraph\" dir=\"ltr\"> Denne fargen forventes \u00e5 appellere til de som tidligere har elsket Product (RED)-linjen, samtidig som den henvender seg til brukere som \u00f8nsker et sl\u00e5ende design som ikke er overdrevent prangende.<\/p>\n<p class=\"PlaygroundEditorTheme__paragraph\" dir=\"ltr\"> Selv om Apple enn\u00e5 ikke offisielt har bekreftet de nye fargene for <b><strong class=\"PlaygroundEditorTheme__textBold\" style=\"white-space: pre-wrap;\">iPhone 18 Pro<\/strong><\/b> , virker Baseus ganske trygg p\u00e5 disse ryktene.<\/p>\n<p class=\"PlaygroundEditorTheme__paragraph\" dir=\"ltr\"> Selskapet introduserte raskt <b><strong class=\"PlaygroundEditorTheme__textBold\" style=\"white-space: pre-wrap;\">fargen Dark Cherry<\/strong><\/b> til en rekke nye tilbeh\u00f8r, fra ladere og powerbanker til tr\u00e5dl\u00f8se hodetelefoner.<\/p>\n<p class=\"PlaygroundEditorTheme__paragraph\" dir=\"ltr\"> Baseus&#8217; PicoGo-tilbeh\u00f8rslinje inkluderer n\u00e5 nesten alle de viktigste produktene i fargen Dark Cherry.<\/p>\n<p class=\"PlaygroundEditorTheme__paragraph\" dir=\"ltr\"> Denne katalogen inkluderer en ny lader, to powerbank-modeller, flettede kabler og til og med \u00e5pne tr\u00e5dl\u00f8se \u00f8repropper med \u00f8reklipsdesign.<\/p>\n<p class=\"PlaygroundEditorTheme__paragraph\" dir=\"ltr\"> Det er verdt \u00e5 merke seg at Baseus ga ut Dark Cherry-versjonen f\u00f8r <b><strong class=\"PlaygroundEditorTheme__textBold\" style=\"white-space: pre-wrap;\">iPhone 18 Pro<\/strong><\/b> ble annonsert.<\/p>\n<p class=\"PlaygroundEditorTheme__paragraph\" dir=\"ltr\"> Derfor er det enn\u00e5 ikke mulig \u00e5 bekrefte om Apple faktisk vil velge denne dypr\u00f8de fargen til den nye generasjonen av iPhone Pro.<\/p>\n<p class=\"PlaygroundEditorTheme__paragraph\" dir=\"ltr\"> Baseus\u2019 proaktive lansering av et helt \u00f8kosystem av matchende tilbeh\u00f8r tyder imidlertid p\u00e5 at selskapet ser ut til \u00e5 ha betydelig tillit til denne trenden.<\/p>\n<p class=\"PlaygroundEditorTheme__paragraph\" dir=\"ltr\"> Den mest bemerkelsesverdige i den nye produktlinjen er Baseus PicoGo Pro AH22, en USB-C-lader med trippelport som ble introdusert 4. september.<\/p>\n<p class=\"PlaygroundEditorTheme__paragraph\" dir=\"ltr\"> I tillegg til laderen inkluderer Baseus ogs\u00e5 en kirseb\u00e6rr\u00f8d FrostCore-kabel i en matchende r\u00f8d farge, som fullf\u00f8rer Dark Cherry-tilbeh\u00f8rssettet. <\/p>\n<p class=\"PlaygroundEditorTheme__paragraph\" dir=\"ltr\"><img decoding=\"async\" style=\"cursor:pointer\" src=\"https:\/\/www.europesays.com\/no\/wp-content\/uploads\/2026\/09\/1788595784144_phu-kien-mau-dark-cherry-4-1295.jpeg\" alt=\"M\u00f8rk kirseb\u00e6r tilbeh\u00f8r 4.jpg\" width=\"inherit\" height=\"inherit\"\/><\/p>\n<p class=\"PlaygroundEditorTheme__paragraph\" dir=\"ltr\"> Hodetelefonene er i fargen m\u00f8rk kirseb\u00e6r. Foto: Baseus\/PhoneArena<\/p>\n<p class=\"PlaygroundEditorTheme__paragraph\" dir=\"ltr\"> Et annet tilbeh\u00f8r, PicoGo AM52- og PicoGo Air-powerbankene, kommer ogs\u00e5 i fargen m\u00f8rk kirseb\u00e6r.<\/p>\n<p class=\"PlaygroundEditorTheme__paragraph\" dir=\"ltr\"> Hvis Apple faktisk lanserer <b><strong class=\"PlaygroundEditorTheme__textBold\" style=\"white-space: pre-wrap;\">iPhone 18 Pro<\/strong><\/b> i fargen Dark Cherry, vil brukerne ha et annet hodetelefonalternativ for \u00e5 lage et matchende tilbeh\u00f8rssett. Og det er akkurat det dette tilbeh\u00f8rsselskapet har tatt en risiko for \u00e5 \u00abgripe muligheten\u00bb.<\/p>\n<p class=\"PlaygroundEditorTheme__paragraph\" dir=\"ltr\"> Med den samtidige lanseringen av ladere, powerbanker, kabler og hodetelefoner i fargen Dark Cherry, demonstrerer Baseus en klar strategi: \u00e5 forutse den ryktede fargetrenden for iPhone 18 Pro allerede f\u00f8r Apple offisielt annonserer produktet.<\/p>\n<p class=\"PlaygroundEditorTheme__paragraph\" dir=\"ltr\"> Hvis Dark Cherry virkelig blir den dominerende fargen for neste generasjons iPhone Pro, kan Baseus&#8217; \u00f8kosystem av matchende tilbeh\u00f8r raskt bli et bemerkelsesverdig alternativ for brukere som \u00f8nsker at iPhonen og tilh\u00f8rende tilbeh\u00f8r skal ha et helhetlig design.<\/p>\n<p class=\"PlaygroundEditorTheme__paragraph\" dir=\"ltr\"> (If\u00f8lge PhoneArena)<\/p>\n<p class=\"PlaygroundEditorTheme__paragraph\" dir=\"ltr\"> Kilde: https:\/\/vietnamnet.vn\/iphone-18-pro-chua-ra-mat-loat-phu-kien-mau-dark-cherry-bat-ngo-lo-dien-2552147.html<\/p>\n","protected":false},"excerpt":{"rendered":"Hvert \u00e5r legger Apple vanligvis til et nytt fargealternativ til iPhone Pro-modellene sine for \u00e5 skape en visuell&hellip;\n","protected":false},"author":2,"featured_media":344688,"comment_status":"","ping_status":"","sticky":false,"template":"","format":"standard","meta":{"footnotes":"","_share_on_mastodon":"0"},"categories":[57],"tags":[25359,25358,30,28,29,65,63,64,66,70,69,67,68],"class_list":["post-344687","post","type-post","status-publish","format-standard","has-post-thumbnail","category-vitenskap-og-teknologi","tag-iphone-18-pro","tag-iphone-18-pro-max","tag-no","tag-norge","tag-norway","tag-science","tag-science-and-technology","tag-scienceandtechnology","tag-technology","tag-teknologi","tag-vitenskap","tag-vitenskap-og-teknologi","tag-vitenskapteknologi"],"share_on_mastodon":{"url":"https:\/\/pubeurope.com\/@no\/117217655665150586","error":""},"_links":{"self":[{"href":"https:\/\/www.europesays.com\/no\/wp-json\/wp\/v2\/posts\/344687","targetHints":{"allow":["GET"]}}],"collection":[{"href":"https:\/\/www.europesays.com\/no\/wp-json\/wp\/v2\/posts"}],"about":[{"href":"https:\/\/www.europesays.com\/no\/wp-json\/wp\/v2\/types\/post"}],"author":[{"embeddable":true,"href":"https:\/\/www.europesays.com\/no\/wp-json\/wp\/v2\/users\/2"}],"replies":[{"embeddable":true,"href":"https:\/\/www.europesays.com\/no\/wp-json\/wp\/v2\/comments?post=344687"}],"version-history":[{"count":0,"href":"https:\/\/www.europesays.com\/no\/wp-json\/wp\/v2\/posts\/344687\/revisions"}],"wp:featuredmedia":[{"embeddable":true,"href":"https:\/\/www.europesays.com\/no\/wp-json\/wp\/v2\/media\/344688"}],"wp:attachment":[{"href":"https:\/\/www.europesays.com\/no\/wp-json\/wp\/v2\/media?parent=344687"}],"wp:term":[{"taxonomy":"category","embeddable":true,"href":"https:\/\/www.europesays.com\/no\/wp-json\/wp\/v2\/categories?post=344687"},{"taxonomy":"post_tag","embeddable":true,"href":"https:\/\/www.europesays.com\/no\/wp-json\/wp\/v2\/tags?post=344687"}],"curies":[{"name":"wp","href":"https:\/\/api.w.org\/{rel}","templated":true}]}}