{"id":34470,"date":"2025-09-13T16:43:10","date_gmt":"2025-09-13T16:43:10","guid":{"rendered":"https:\/\/www.europesays.com\/no\/34470\/"},"modified":"2025-09-13T16:43:10","modified_gmt":"2025-09-13T16:43:10","slug":"flyalarm-i-polen-trussel-om-russiske-droner","status":"publish","type":"post","link":"https:\/\/www.europesays.com\/no\/34470\/","title":{"rendered":"Flyalarm i Polen: Trussel om russiske droner"},"content":{"rendered":"\n<p class=\"_lead_ew2ao_2 _lead_xtcu6_50 layout-component text-serif-m layout-normal text-serif-l layout-component layout-wide layout-padded _wide_17hqh_1 layout-padded\">Det polske milit\u00e6ret er i h\u00f8yeste beredskap etter meldinger om russiske droner n\u00e6rt den polske grensen. <\/p>\n<p><img alt=\"ONSDAG: En slik drone ble funnet i Polens territorium onsdag.  Foto: Dariusz Stefaniuk \/ Reuters \/ NTB\" class=\"_image_qp4xg_65 layout-component layout-wide\" data-fullscreen- data-track-element-type=\"Article image fullscreen\" data-track-name=\"ImageFullscreen\" fetchpriority=\"high\" decoding=\"sync\" loading=\"eager\" height=\"1204\" itemprop=\"image\"  src=\"https:\/\/www.europesays.com\/no\/wp-content\/uploads\/2025\/09\/4e6428f3-2a1f-4251-ad8e-7adf85a13703\"  style=\"object-position:0% 0%\" width=\"1600\"\/>ONSDAG: En slik drone ble funnet i Polens territorium onsdag.  Foto: Dariusz Stefaniuk \/ Reuters \/ NTB<\/p>\n<ul aria-hidden=\"true\" class=\"_images_1y6fe_106\">\n<li><a class=\"_link_1y6fe_111\" href=\"https:\/\/www.vg.no\/forfatter\/ntb\" style=\"z-index:2\" title=\"NTB\" rel=\"nofollow noopener\" target=\"_blank\"><img alt=\"Bilde av NTB\" class=\"_image_1y6fe_88\" fetchpriority=\"low\" loading=\"lazy\" decoding=\"async\" itemprop=\"image\"  src=\"https:\/\/www.europesays.com\/no\/wp-content\/uploads\/2025\/09\/1757781788_265_c33980b0-5d07-4027-84a1-813f90a7c8d6\"  width=\"480\"\/><\/a><\/li>\n<li><a class=\"_link_1y6fe_111\" href=\"https:\/\/www.vg.no\/forfatter\/elise-kvien\" style=\"z-index:1\" title=\"Elise Kvien\" rel=\"nofollow noopener\" target=\"_blank\"><img alt=\"Bilde av Elise Kvien\" class=\"_image_1y6fe_88\" fetchpriority=\"low\" loading=\"lazy\" decoding=\"async\" itemprop=\"image\"  src=\"https:\/\/www.europesays.com\/no\/wp-content\/uploads\/2025\/09\/1757781788_570_e9d71b6f-2a15-4dd1-85be-ea8fb873046c\"  width=\"480\"\/><\/a><\/li>\n<\/ul>\n<p> Oppdatert l\u00f8rdag 13. september kl. 18:41     <\/p>\n<p class=\"_paragraph_ew2ao_4 _paragraph_xtcu6_10 layout-component text-serif-m layout-normal text-serif-m layout-padded\">\u2013 Trussel om luftangrep. Utvis s\u00e6rlig forsiktighet. F\u00f8lg instruksjonene fra beredskapstjenestene. Avvent videre meldinger, heter det i en<a href=\"https:\/\/x.com\/RCB_RP\/status\/1966891170002596278\" class=\"_link_ew2ao_39\" rel=\"nofollow\"> advarsel <\/a>som ble sendt ut til innbyggere i Lublin l\u00f8rdag.<\/p>\n<p class=\"_paragraph_ew2ao_4 _paragraph_xtcu6_10 layout-component text-serif-m layout-normal text-serif-m layout-padded\">Statsminister Donald Tusk bekrefter at de har igangsatt en milit\u00e6r operasjon:<\/p>\n<p class=\"_paragraph_ew2ao_4 _paragraph_xtcu6_10 layout-component text-serif-m layout-normal text-serif-m layout-padded\">\u2013 P\u00e5 grunn av trusselen fra russiske droner som opererer over Ukraina n\u00e6r den polske grensen, har polske og allierte luftstyrker igangsatt forebyggende operasjoner i v\u00e5rt luftrom. Bakkebaserte luftforsvarssystemer er p\u00e5 h\u00f8yeste beredskapsniv\u00e5, sier han i en uttalelse.<\/p>\n<p class=\"_paragraph_ew2ao_4 _paragraph_xtcu6_10 layout-component text-serif-m layout-normal text-serif-m layout-padded\">Polske og allierte fly ble satt inn for \u00e5 beskytte polsk luftrom l\u00f8rdag p\u00e5 grunn av trusler om droneangrep i nabolandet Ukraina, og flyplassen i Lublin ble stengt.<\/p>\n<p><img decoding=\"async\" alt=\"Bilde av Donald Tusk\" class=\"_image_ygndg_42\" height=\"27\" itemprop=\"image\" loading=\"lazy\"  src=\"https:\/\/www.europesays.com\/no\/wp-content\/uploads\/2025\/09\/0e55ccc1-adc4-4a56-a596-1813f82678af\"  width=\"40\"\/><strong class=\"_name_ygndg_51 title-serif-xs\">Donald Tusk<\/strong><\/p>\n<p class=\"_paragraph_ew2ao_4 text-sans-m _description_ygndg_56\">statsministeren i Polen<\/p>\n<p>Diskuterte artikkel 4<\/p>\n<p class=\"_paragraph_ew2ao_4 _paragraph_xtcu6_10 layout-component text-serif-m layout-normal text-serif-m layout-padded\">19 russiske droner krenket polsk luftrom natt til onsdag. Flere av dem ble skutt ned. <\/p>\n<p class=\"_paragraph_ew2ao_4 _paragraph_xtcu6_10 layout-component text-serif-m layout-normal text-serif-m layout-padded\">Grensekrenkelsene skjedde etter at det ukrainske luftforsvaret sent tirsdag kveld meldte om fiendtlige droner over vestlige deler av Ukraina.<\/p>\n<p class=\"_paragraph_ew2ao_4 _paragraph_xtcu6_10 layout-component text-serif-m layout-normal text-serif-m layout-padded\">Polske og allierte jagerfly ble satt inn for \u00e5 sikre polsk luftrom.<\/p>\n<p class=\"_paragraph_ew2ao_4 _paragraph_xtcu6_10 layout-component text-serif-m layout-normal text-serif-m layout-padded\">Utenriksminister Espen Barth Eide (Ap) sa til VG da at det var <a href=\"https:\/\/www.vg.no\/nyheter\/i\/Gyp6RQ\/nato-advarer-russland-etter-grensekrenkelser-mot-polen\" data-track-element-type=\"Link\" data-track-id=\"link:Gyp6RQ\" class=\"_link_ew2ao_39\" rel=\"nofollow noopener\" target=\"_blank\">mye som tydet p\u00e5<\/a> at det var et russisk fors\u00f8k p\u00e5 \u00e5 teste Nato. <\/p>\n<p class=\"_paragraph_ew2ao_4 _paragraph_xtcu6_10 layout-component text-serif-m layout-normal text-serif-m layout-padded\">Nato gjennomf\u00f8rte et krisem\u00f8te, som ble kategorisert som et artikkel 4artikkel 4Et Nato-land kan r\u00e5dsl\u00e5 med medlemmene n\u00e5r et medlemslands territoriale ukrenkelighet er truet-m\u00f8te i etterkant. <\/p>\n<p class=\"_paragraph_ew2ao_4 _paragraph_xtcu6_10 layout-component text-serif-m layout-normal text-serif-m layout-padded\">I en uttalelse fra det russiske forsvarsdepartementet onsdag heter det at de ikke hadde planer om \u00e5 angripe m\u00e5l i <a href=\"https:\/\/www.vg.no\/tag\/polen?utm_source=vg-article&amp;utm_medium=auto-tagger&amp;utm_campaign=KMoRe5\" class=\"_link_ew2ao_39\" rel=\"nofollow noopener\" target=\"_blank\">Polen<\/a>.<\/p>\n<p>       <img decoding=\"async\" alt=\"Tips oss illustrasjon\" width=\"62px\" height=\"auto\" src=\"https:\/\/www.europesays.com\/no\/wp-content\/uploads\/2025\/08\/1754784428_95_W9avJzE.png\"\/>    <\/p>\n<p class=\"title-serif-s\">Har du tips til oss?<\/p>\n<p class=\"text-sans-m\">Send oss informasjon, bilder eller video<\/p>\n<p>  <a href=\"https:\/\/www.vg.no\/tips-oss\" rel=\"nofollow noopener\" target=\"_blank\"> Tips oss <\/a>      <\/p>\n","protected":false},"excerpt":{"rendered":"Det polske milit\u00e6ret er i h\u00f8yeste beredskap etter meldinger om russiske droner n\u00e6rt den polske grensen. ONSDAG: En&hellip;\n","protected":false},"author":2,"featured_media":34471,"comment_status":"","ping_status":"","sticky":false,"template":"","format":"standard","meta":{"footnotes":""},"categories":[5],"tags":[31,20,21,5527,1014,24,25,15,19,179,22,23,17,18,233,13,30,28,29,14,16,3603,26,27],"class_list":{"0":"post-34470","1":"post","2":"type-post","3":"status-publish","4":"format-standard","5":"has-post-thumbnail","7":"category-overskrifter","8":"tag-breaking","9":"tag-breaking-news","10":"tag-breakingnews","11":"tag-donald-tusk","12":"tag-droner","13":"tag-featured-news","14":"tag-featurednews","15":"tag-headlines","16":"tag-hovedoppslag","17":"tag-krigen-i-ukraina","18":"tag-latest-news","19":"tag-latestnews","20":"tag-main-news","21":"tag-mainnews","22":"tag-nato","23":"tag-news","24":"tag-no","25":"tag-norge","26":"tag-norway","27":"tag-nyheter","28":"tag-overskrifter","29":"tag-polen","30":"tag-top-stories","31":"tag-topstories"},"share_on_mastodon":{"url":"","error":""},"_links":{"self":[{"href":"https:\/\/www.europesays.com\/no\/wp-json\/wp\/v2\/posts\/34470","targetHints":{"allow":["GET"]}}],"collection":[{"href":"https:\/\/www.europesays.com\/no\/wp-json\/wp\/v2\/posts"}],"about":[{"href":"https:\/\/www.europesays.com\/no\/wp-json\/wp\/v2\/types\/post"}],"author":[{"embeddable":true,"href":"https:\/\/www.europesays.com\/no\/wp-json\/wp\/v2\/users\/2"}],"replies":[{"embeddable":true,"href":"https:\/\/www.europesays.com\/no\/wp-json\/wp\/v2\/comments?post=34470"}],"version-history":[{"count":0,"href":"https:\/\/www.europesays.com\/no\/wp-json\/wp\/v2\/posts\/34470\/revisions"}],"wp:featuredmedia":[{"embeddable":true,"href":"https:\/\/www.europesays.com\/no\/wp-json\/wp\/v2\/media\/34471"}],"wp:attachment":[{"href":"https:\/\/www.europesays.com\/no\/wp-json\/wp\/v2\/media?parent=34470"}],"wp:term":[{"taxonomy":"category","embeddable":true,"href":"https:\/\/www.europesays.com\/no\/wp-json\/wp\/v2\/categories?post=34470"},{"taxonomy":"post_tag","embeddable":true,"href":"https:\/\/www.europesays.com\/no\/wp-json\/wp\/v2\/tags?post=34470"}],"curies":[{"name":"wp","href":"https:\/\/api.w.org\/{rel}","templated":true}]}}