{"id":344701,"date":"2026-09-05T09:20:33","date_gmt":"2026-09-05T09:20:33","guid":{"rendered":"https:\/\/www.europesays.com\/no\/344701\/"},"modified":"2026-09-05T09:20:33","modified_gmt":"2026-09-05T09:20:33","slug":"samenes-beskjed-til-mette-marit-etter-motet-med-kong-haakon-og-ingrid-alexandra","status":"publish","type":"post","link":"https:\/\/www.europesays.com\/no\/344701\/","title":{"rendered":"Samenes beskjed til Mette-Marit etter m\u00f8tet med kong Haakon og Ingrid Alexandra"},"content":{"rendered":"<p class=\"kicker \" style=\"\">Dronning Mette-Marit:<\/p>\n<p class=\"subtitle \" style=\"\">Da Sametingets representanter m\u00f8tte kong Haakon og kronprinsesse Ingrid Alexandra p\u00e5 Slottet fredag, hadde de ogs\u00e5 en helt spesiell melding\u00a0til dronning Mette-Marit.<\/p>\n<p>\n    H\u00d8YTIDELIG: Kong Haakon og kronprinsesse Ingrid Alexandra mottok sametingspresident Silje Karine Muotka (bak) og plenumsleder Sandra M\u00e1rj\u00e1 West i kondolanseaudiens p\u00e5 Slottet i Oslo fredag. Foto: H\u00e5kon Mosvold Larsen \/ NTB\n  <\/p>\n<p>Fredag formiddag tok kong Haakon (53) og kronprinsesse Ingrid Alexandra (22) imot representanter for Sametinget i en kondolanse-audiens p\u00e5 Det kongelige slott.<\/p>\n<p>M\u00f8tet fant sted bare \u00e9n uke etter kong Haralds d\u00f8d, og blant dem som fikk m\u00f8te den s\u00f8rgende kongen og kronprinsessen, var Sametingets plenumsleder Sandra M\u00e1rj\u00e1 West.<\/p>\n<p>        <img loading=\"lazy\" decoding=\"async\" src=\"https:\/\/www.europesays.com\/no\/wp-content\/uploads\/2026\/09\/85111597.webp\" width=\"667\" height=\"607\" alt=\"\" class=\"\" style=\"--aspect-ratio-image: 1.10; \"\/><\/p>\n<p>\n        2009: Dav\u00e6rende kronprins Haakon og kronprinsesse Mette-Marit bes\u00f8kte Sametinget. Dav\u00e6rende sametingspresident Egil Olli viste rundt. Kronprinsparet i samisk folkedrakt i bl\u00e5tt og r\u00f8dt som de fikk i gave til bryllupet. Skaller p\u00e5 bena.Foto: Lise \u00c5serud \/ NTB\n    <\/p>\n<p>Til Se og H\u00f8r forteller hun at de ogs\u00e5 hadde en varm hilsen til dronning Mette-Marit og dronning Sonja.<\/p>\n<p class=\"font-weight-bold m-font-weight-bold\" data-lab-font_weight=\"font-weight-bold\">\u2013 Vi fortalte kong Haakon og kronprinsesse Ingrid Alexandra at v\u00e5re tanker ogs\u00e5 g\u00e5r til dronning Mette-Marit og dronning Sonja, sier West.<\/p>\n<p>For plenumslederen gjorde det sterkt inntrykk \u00e5 m\u00f8te kong Haakon og kronprinsesse Ingrid Alexandra midt i sorgen.<\/p>\n<p>        <img loading=\"lazy\" decoding=\"async\" src=\"https:\/\/www.europesays.com\/no\/wp-content\/uploads\/2026\/09\/85111348.webp\" width=\"667\" height=\"674\" alt=\"\" class=\"\" style=\"--aspect-ratio-image: 0.99; \"\/><\/p>\n<p>\n        VERDIG: Kong Haakon og kronprinsesse Ingrid Alexandra mottar sametingspresident Silje Karine Muotka og plenumsleder Sandra M\u00e1rj\u00e1 West i kondolanseaudiens p\u00e5 Slottet i Oslo fredag.Foto: H\u00e5kon Mosvold Larsen \/ POOL \/ NTB\n    <\/p>\n<p>\u2013 Klart det gj\u00f8r inntrykk. De har mistet sin far og bestefar, og det \u00e5 samtidig v\u00e6re offentlig m\u00e5 v\u00e6re veldig vanskelig. Jeg h\u00e5per de f\u00e5r fred og ro rundt seg, sier Sandra<\/p>\n<p>\u2013 Vi hadde alltid kongens st\u00f8tte\t<\/p>\n<p>Hoved\u00e5rsaken til bes\u00f8ket var \u00e5 kondolere etter kong Haralds bortgang og fortelle den nye kongen og kronprinsessen hvilken betydning han hadde hatt for det samiske folket.<\/p>\n<p>\u2013 Det var veldig stort \u00e5 f\u00e5 hilse p\u00e5 kong Haakon og kronprinsesse Ingrid Alexandra, overbringe en personlig kondolanse og fortelle hva kong Harald betydde for det samiske folket. Vi hadde alltid kongens st\u00f8tte, sier Sandra M\u00e1rj\u00e1 West.<\/p>\n<p>        <img loading=\"lazy\" decoding=\"async\" src=\"https:\/\/www.europesays.com\/no\/wp-content\/uploads\/2026\/09\/85111411.webp\" width=\"667\" height=\"607\" alt=\"\" class=\"\" style=\"--aspect-ratio-image: 1.10; \"\/><\/p>\n<p>\n        KARASJOK: Kronprinsesse Ingrid Alexandra med plenumsleder Sandra M\u00e1rj\u00e1 West under et bes\u00f8k hos Sametinget i 2026. Foto: Fredrik Varfjell \/ NTB\n    <\/p>\n<p>Hun trekker spesielt fram et av de mest historiske \u00f8yeblikkene i kong Haralds forhold til samene.<\/p>\n<p>\u2013 Vi kommer alltid til \u00e5 huske kong Harald, og vi verdsetter spesielt talen fra 1997, hvor han ba samene om unnskyldning.\u00a0Han var modig gjennom hele kongsgjerningen, sier Sandra.<\/p>\n<p>        <img loading=\"lazy\" decoding=\"async\" src=\"https:\/\/www.europesays.com\/no\/wp-content\/uploads\/2026\/09\/85111422.webp\" width=\"667\" height=\"414\" alt=\"\" class=\"\" style=\"--aspect-ratio-image: 1.61; \"\/><\/p>\n<p>\n        FAREGRIKT: kronprinsesse Ingrid Alexandra fikk en varm mottakelse i Sametinget under sitt bes\u00f8k til Finnmark. Foto: Fredrik Varfjell \/ POOL \/ NTB\n    <\/p>\n<p>Da kong Harald \u00e5pnet Sametinget 7. oktober 1997, tok han et kraftig oppgj\u00f8r med fornorskningspolitikken.<\/p>\n<p class=\"font-weight-bold m-font-weight-bold\" data-lab-font_weight=\"font-weight-bold\">\u2013 I dag m\u00e5 vi beklage den urett den norske stat tidligere har p\u00e5f\u00f8rt det samiske folk gjennom en hard fornorskningspolitikk, sa kong Harald i talen.<\/p>\n<p>        <img loading=\"lazy\" decoding=\"async\" src=\"https:\/\/www.europesays.com\/no\/wp-content\/uploads\/2026\/09\/85111424.webp\" width=\"667\" height=\"634\" alt=\"\" class=\"\" style=\"--aspect-ratio-image: 1.05; filter: brightness(1.3);\"\/><\/p>\n<p>\n        KAUTOKEINO 1969 Det dav\u00e6rende kronprinsparet bes\u00f8kte Finnmark &#8211; og sporty dronning Sonja stilte i samedrakt utenfor Kautokeino kirke. Foto: NTB\n    <\/p>\n<p>Ogs\u00e5 kong Haakon trakk fram denne delen av farens etterm\u00e6le i minnetalen etter kong Haralds d\u00f8d. Han fortalte hvordan faren hadde bedt samene om unnskyldning for uretten som var blitt beg\u00e5tt mot dem.<\/p>\n<p>Se og H\u00f8rs kongehusekspert Caroline Vagle reiste tidligere i \u00e5r til Finnmark med kronprinsesse Ingrid Alexandra:<\/p>\n<p>        <img loading=\"lazy\" decoding=\"async\" src=\"https:\/\/www.europesays.com\/no\/wp-content\/uploads\/2026\/09\/85111382.webp\" width=\"667\" height=\"494\" alt=\"\" class=\"\" style=\"--aspect-ratio-image: 1.35; \"\/><\/p>\n<p>\n        SELFIE: Kronprinsesse Ingrid Alexandra fikk Se og H\u00f8rs lusekofte av Caroline Vagle. Til venstre H\u00e5vard Bj\u00f8rnerem. Foto: Dagbladet\n    <\/p>\n<p>&#8211; Forholdet mellom kongefamilien og det samiske folket har v\u00e6rt n\u00e6rt gjennom flere generasjoner. Kong Harald var veldig tydelig p\u00e5 samenes plass i det norske fellesskapet, og det synes jeg ogs\u00e5 er fint \u00e5 se videref\u00f8rt i den nye generasjonen, sier Vagle og fortsetter:<\/p>\n<p>        <img loading=\"lazy\" decoding=\"async\" src=\"https:\/\/www.europesays.com\/no\/wp-content\/uploads\/2026\/09\/85111608.webp\" width=\"667\" height=\"481\" alt=\"\" class=\"\" style=\"--aspect-ratio-image: 1.39; \"\/><\/p>\n<p>\n        FLOTT GAVE: Kronprins Haakon og Mette-Marit Tjessem H\u00f8iby tok de imot gaver fra det offisielle Norge like f\u00f8r bryllupet i 2001. Her er det Sametingets president Sven-Roald Nyst\u00f8 som overrekker en komse laget av Anders A. Gaup fra Masi. Foto: Lise \u00c5serud \/ NTB\n    <\/p>\n<p>&#8211; Jeg var selv med Ingrid Alexandra p\u00e5 tur i Finnmark i januar, da hun blant annet bes\u00f8kte Sametinget. Det var tydelig at hun var oppriktig interessert og \u00f8nsket \u00e5 l\u00e6re mer om samisk kultur og historie. Derfor synes jeg det er fint og symbolsk at hun er til stede ogs\u00e5 i dag, n\u00e5r Sametinget kommer til Slottet for \u00e5 kondolere etter kong Harald, sier Vagle.<\/p>\n<p>        <img loading=\"lazy\" decoding=\"async\" src=\"https:\/\/www.europesays.com\/no\/wp-content\/uploads\/2026\/09\/85111396.webp\" width=\"667\" height=\"534\" alt=\"\" class=\"\" style=\"--aspect-ratio-image: 1.25; \"\/><\/p>\n<p>\n        VENNER AV SAMEFOLKET: Fyrst Albert og fyrstinne Charlene av Monaco p\u00e5 bes\u00f8k bes\u00f8k i Kautokeino i 2012. Foto: Stian Lysberg Solum \/ NTB\n    <\/p>\n<p>Tett program i sorgen\t<\/p>\n<p>Kondolanse-audiensen med Sametinget var en del av en sv\u00e6rt travel og f\u00f8lelsesladet formiddag for kong Haakon og kronprinsesse Ingrid Alexandra.<\/p>\n<p>        <img loading=\"lazy\" decoding=\"async\" src=\"https:\/\/www.europesays.com\/no\/wp-content\/uploads\/2026\/09\/85111347.webp\" width=\"667\" height=\"647\" alt=\"\" class=\"\" style=\"--aspect-ratio-image: 1.03; \"\/><\/p>\n<p>\n        KLEDD FOR SORG: Kong Haakon og kronprinsesse Ingrid Alexandra mottar f.v. generalsekret\u00e6r Birte Nordahl og styreleder Kristine H\u00f8iland fra Samarbeidsr\u00e5det for tros- og livssynssamfunn i kondolanseaudiens p\u00e5 Slottet i Oslo fredag.Foto: H\u00e5kon Mosvold Larsen \/ NTB \/ POOL\n    <\/p>\n<p>        <img loading=\"lazy\" decoding=\"async\" src=\"https:\/\/www.europesays.com\/no\/wp-content\/uploads\/2026\/09\/85111354.webp\" width=\"667\" height=\"481\" alt=\"\" class=\"\" style=\"--aspect-ratio-image: 1.39; \"\/><\/p>\n<p>\n        FORSVARET: Forsvarssjef Eirik Kristoffersen fikk ogs\u00e5 kondolanseaudiens p\u00e5 Slottet i Oslo fredag. Foto: H\u00e5kon Mosvold Larsen \/ POOL \/ NTB\n    <\/p>\n<p>Klokken 11 holdt kongen statsr\u00e5d p\u00e5 Slottet, med kronprinsessen til stede. Senere p\u00e5 dagen m\u00f8tte de Sametingets representanter, f\u00f8r representanter for Forsvaret og Samarbeidsr\u00e5det for tros- og livssynssamfunn sto for tur.<\/p>\n","protected":false},"excerpt":{"rendered":"Dronning Mette-Marit: Da Sametingets representanter m\u00f8tte kong Haakon og kronprinsesse Ingrid Alexandra p\u00e5 Slottet fredag, hadde de ogs\u00e5&hellip;\n","protected":false},"author":2,"featured_media":344702,"comment_status":"","ping_status":"","sticky":false,"template":"","format":"standard","meta":{"footnotes":"","_share_on_mastodon":"0"},"categories":[5],"tags":[20,21,26098,4104,24,25,15,19,26072,2590,76,26099,22,23,17,18,13,30,28,29,14,16,1488,26392,26,27],"class_list":["post-344701","post","type-post","status-publish","format-standard","has-post-thumbnail","category-overskrifter","tag-breaking-news","tag-breakingnews","tag-dronning-mette-marit","tag-eksklusivt","tag-featured-news","tag-featurednews","tag-headlines","tag-hovedoppslag","tag-kong-haakon","tag-kong-harald","tag-kongelig","tag-kronprinsesse-ingrid-alexandra","tag-latest-news","tag-latestnews","tag-main-news","tag-mainnews","tag-news","tag-no","tag-norge","tag-norway","tag-nyheter","tag-overskrifter","tag-sametinget","tag-sandra-marja-west","tag-top-stories","tag-topstories"],"share_on_mastodon":{"url":"https:\/\/pubeurope.com\/@no\/117217697929279018","error":""},"_links":{"self":[{"href":"https:\/\/www.europesays.com\/no\/wp-json\/wp\/v2\/posts\/344701","targetHints":{"allow":["GET"]}}],"collection":[{"href":"https:\/\/www.europesays.com\/no\/wp-json\/wp\/v2\/posts"}],"about":[{"href":"https:\/\/www.europesays.com\/no\/wp-json\/wp\/v2\/types\/post"}],"author":[{"embeddable":true,"href":"https:\/\/www.europesays.com\/no\/wp-json\/wp\/v2\/users\/2"}],"replies":[{"embeddable":true,"href":"https:\/\/www.europesays.com\/no\/wp-json\/wp\/v2\/comments?post=344701"}],"version-history":[{"count":0,"href":"https:\/\/www.europesays.com\/no\/wp-json\/wp\/v2\/posts\/344701\/revisions"}],"wp:featuredmedia":[{"embeddable":true,"href":"https:\/\/www.europesays.com\/no\/wp-json\/wp\/v2\/media\/344702"}],"wp:attachment":[{"href":"https:\/\/www.europesays.com\/no\/wp-json\/wp\/v2\/media?parent=344701"}],"wp:term":[{"taxonomy":"category","embeddable":true,"href":"https:\/\/www.europesays.com\/no\/wp-json\/wp\/v2\/categories?post=344701"},{"taxonomy":"post_tag","embeddable":true,"href":"https:\/\/www.europesays.com\/no\/wp-json\/wp\/v2\/tags?post=344701"}],"curies":[{"name":"wp","href":"https:\/\/api.w.org\/{rel}","templated":true}]}}