{"id":344713,"date":"2026-09-05T09:28:13","date_gmt":"2026-09-05T09:28:13","guid":{"rendered":"https:\/\/www.europesays.com\/no\/344713\/"},"modified":"2026-09-05T09:28:13","modified_gmt":"2026-09-05T09:28:13","slug":"kommentar-det-kan-tolkes-som-et-stikk-til-viking","status":"publish","type":"post","link":"https:\/\/www.europesays.com\/no\/344713\/","title":{"rendered":"Kommentar: Det kan tolkes som et stikk til Viking"},"content":{"rendered":"\n<p class=\"_prefix_nfjwc_1 layout-padded\">Meninger<br \/>Kommentar<\/p>\n<p class=\"_lead_145nj_2 _lead_6fko5_53 layout-component text-serif-m layout-normal text-serif-l _lead_1k67c_21 layout-component layout-normal layout-padded layout-padded\">Nyrike Viking kaster ut rundt 70 millioner p\u00e5 en dag. Styrtrike Bod\u00f8\/Glimt forholder seg helt rolig.<\/p>\n<p><img alt=\" Foto: Patrick Post \/ NTB\" class=\"_image_jw3bv_65 layout-component layout-wide\" data-fullscreen- data-track-element-type=\"Article image fullscreen\" data-track-name=\"ImageFullscreen\" fetchpriority=\"high\" decoding=\"sync\" loading=\"eager\" height=\"3510\" itemprop=\"image\"  src=\"https:\/\/www.europesays.com\/no\/wp-content\/uploads\/2026\/09\/c8c1aa55-0e00-36cc-9c08-e79dbc2ed257.jpeg\"  style=\"object-position:0% 0%\" width=\"5205\"\/> Foto: Patrick Post \/ NTBL\u00f8rdag 5. september kl. 11:01     <\/p>\n<p class=\"_paragraph_145nj_4 _paragraph_6fko5_10 layout-component text-serif-m layout-normal text-serif-m layout-padded\">Glimt \u00f8kte serieledelsen til tre poeng fredag kveld, men elleve runder gjenst\u00e5r og neste uke begynner det virkelige kj\u00f8ret. N\u00e5 skal innspurten kombineres med kamper mot noen av Europas beste lag.<\/p>\n<p class=\"_paragraph_145nj_4 _paragraph_6fko5_10 layout-component text-serif-m layout-normal text-serif-m layout-padded\">Hvem er mest klar for det?<\/p>\n<p class=\"_paragraph_145nj_4 _paragraph_6fko5_10 layout-component text-serif-m layout-normal text-serif-m layout-padded\">Klubben som hentet tre mann i l\u00f8pet av noen timer og kanskje aldri har v\u00e6rt mer solid besatt?<\/p>\n<p class=\"_paragraph_145nj_4 _paragraph_6fko5_10 layout-component text-serif-m layout-normal text-serif-m layout-padded\">Eller klubben som ikke kj\u00f8pte noen, har en tynnere stall enn f\u00f8r, og dessuten mange skader?<\/p>\n<p class=\"_paragraph_145nj_4 _paragraph_6fko5_10 layout-component text-serif-m layout-normal text-serif-m layout-padded\">Hva driver de med i nord?<\/p>\n<p class=\"_paragraph_145nj_4 _paragraph_6fko5_10 layout-component text-serif-m layout-normal text-serif-m layout-padded\">Er det ett sted i fotball-Norge vi skal v\u00e6re ganske trygge p\u00e5 at de vet hva de gj\u00f8r, s\u00e5 er det i Bod\u00f8. Og av de to norske klubbene er det naturligvis Glimt som g\u00e5r inn i <a href=\"https:\/\/www.vg.no\/tag\/champions-league?utm_source=vg-article&amp;utm_medium=auto-tagger&amp;utm_campaign=j0M1Gq\" class=\"_link_145nj_39\" rel=\"nofollow noopener\" target=\"_blank\">Champions League<\/a> med st\u00f8rst trygghet. <\/p>\n<p><img alt=\"Ole Didrik Blomberg og Zlatko Tripic  Foto: Carina Johansen \/ NTB\" class=\"_image_jw3bv_65 layout-component layout-normal\" data-fullscreen- data-track-element-type=\"Article image fullscreen\" data-track-name=\"ImageFullscreen\" decoding=\"async\" loading=\"lazy\" height=\"3419\" itemprop=\"image\"  src=\"https:\/\/www.europesays.com\/no\/wp-content\/uploads\/2026\/09\/d97950d6-9556-3c78-bc14-4f305afe1457.jpeg\"  style=\"object-position:0% 0%\" width=\"5128\"\/>Ole Didrik Blomberg og Zlatko Tripic  Foto: Carina Johansen \/ NTB<\/p>\n<p class=\"_paragraph_145nj_4 _paragraph_6fko5_10 layout-component text-serif-m layout-normal text-serif-m layout-padded\">Viking aner ikke hva de g\u00e5r til. Klubben har bare v\u00e6rt i ett gruppespill i Europagruppespill i EuropaDet som de siste \u00e5rene er blitt til det som kalles &laquo;ligafase&raquo;., og det er 21 \u00e5r21 \u00e5rUEFA-cupen i 2005\/06. M\u00f8tte Monaco, HSV, Slavia Praha og CSKA Sofia. De tre beste gikk videre, Viking ble nummer fire. siden. Viking kjenner ikke niv\u00e5et i Champions League. Viking vet ikke hva det koster fysisk og mentalt \u00e5 spille midtuke-helg-midtuke. <\/p>\n<p class=\"_paragraph_145nj_4 _paragraph_6fko5_10 layout-component text-serif-m layout-normal text-serif-m layout-padded\">Bod\u00f8\/Glimt har derimot full kontroll p\u00e5 hva de skal i gang med, etter \u00e5 ha spilt to sesonger i Conference League, to i Europa League og \u00e9n i Champions League de fem siste \u00e5rene.<\/p>\n<p class=\"_paragraph_145nj_4 _paragraph_6fko5_10 layout-component text-serif-m layout-normal text-serif-m layout-padded\">Glimt har v\u00e6rt i kvartfinalen i Conference League, semifinalen i Europa League og 8-delsfinalen i Champions League. Glimt har sl\u00e5tt de aller beste og sjonglert flere kamper i uken \u00e5r etter \u00e5r.<\/p>\n<p><img alt=\"Foto: Thomas Andersen \/ NTB\" class=\"_image_jw3bv_65 layout-component layout-normal\" data-fullscreen- data-track-element-type=\"Article image fullscreen\" data-track-name=\"ImageFullscreen\" decoding=\"async\" loading=\"lazy\" height=\"3267\" itemprop=\"image\"  src=\"https:\/\/www.europesays.com\/no\/wp-content\/uploads\/2026\/09\/f74dfd65-670b-353e-8868-a33297a5e15c.jpeg\"  style=\"object-position:0% 0%\" width=\"4901\"\/>Foto: Thomas Andersen \/ NTB<\/p>\n<p class=\"_paragraph_145nj_4 _paragraph_6fko5_10 layout-component text-serif-m layout-normal text-serif-m layout-padded\">\u00abDet hadde v\u00e6rt et d\u00e5rlig tegn for meg hvis vi hadde handlet tre spillere den siste dagen av vinduet,\u00bb meldte Glimt-trener Kjetil Knutsen til TV2 foran m\u00f8tet med Fredrikstad fredag. <\/p>\n<p class=\"_paragraph_145nj_4 _paragraph_6fko5_10 layout-component text-serif-m layout-normal text-serif-m layout-padded\">\u00abDet hadde v\u00e6rt helt muppet show for meg. Vi skal gj\u00f8re gode vurderinger og jobbe over tid for \u00e5 finne de spillerne som vi mener er riktige for oss\u00bb, utdypet han til Avisa Nordland.<\/p>\n<p class=\"_paragraph_145nj_4 _paragraph_6fko5_10 layout-component text-serif-m layout-normal text-serif-m layout-padded\">Det kan tolkes som et stikk til Viking, men det er nok mest av alt et stikk til alle som mener at Glimt burde gjort mye mer i dette overgangsvinduet.<\/p>\n<p class=\"_paragraph_145nj_4 _paragraph_6fko5_10 layout-component text-serif-m layout-normal text-serif-m layout-padded\">Sp\u00f8rsm\u00e5let er om Glimt-ledelsen er for iskald. Fredag kveld erkjente Patrick Berg at laget hans akkurat n\u00e5 er \u00abp\u00e5 tannkj\u00f8ttet\u00bb \u2013 med tanke p\u00e5 alle skadene. <\/p>\n<p class=\"_paragraph_145nj_4 _paragraph_6fko5_10 layout-component text-serif-m layout-normal text-serif-m layout-padded\">Og det er ingen tvil om at det er dristig \u00e5 g\u00e5 inn i de neste m\u00e5nedene uten noen forsterkninger. <\/p>\n<p class=\"_paragraph_145nj_4 _paragraph_6fko5_10 layout-component text-serif-m layout-normal text-serif-m layout-padded\">Bare to av fire stoppere er skadefrie, forh\u00e5pentligvis er Jostein Gundersen snart tilbake. Midtbanen er svekket av at H\u00e5kon Evjen er ute en god stund til, og foran forsvant stortalentet Mikkel Bro Hansen til PSV Eindhoven.<\/p>\n<p class=\"_paragraph_145nj_4 _paragraph_6fko5_10 layout-component text-serif-m layout-normal text-serif-m layout-padded\">Med Kasper H\u00f8gh solgt er det bare to spisser igjen, og hverken Andreas Helmersen eller Ola Brynhildsen har startet en kamp i Champions League. Andreas Helmersen har kommet inn tolv ganger, oftest i noen sm\u00e5 minutter. Han har ogs\u00e5 tolv kamper i Europa League, bare \u00e9n fra start.<\/p>\n<p class=\"_paragraph_145nj_4 _paragraph_6fko5_10 layout-component text-serif-m layout-normal text-serif-m layout-padded\">N\u00e5 er han plutselig f\u00f8rstevalget. Han er i toppform og har nesten alltid v\u00e6rt god n\u00e5r han har kommet inn, men er han klar for \u00e5 v\u00e6re frontmannen i Champions League? <\/p>\n<p class=\"_paragraph_145nj_4 _paragraph_6fko5_10 layout-component text-serif-m layout-normal text-serif-m layout-padded\">\u00abDet har jeg egentlig ikke helt svaret p\u00e5,\u00bb svarte Kjetil Knutsen etter 4-2-seieren over Rosenborg, men understreket at han \u00abinnerst inne tror veldig p\u00e5 ham\u00bb.<\/p>\n<p class=\"_paragraph_145nj_4 _paragraph_6fko5_10 layout-component text-serif-m layout-normal text-serif-m layout-padded\">Det er dyrt \u00e5 hente en kvalitetsspiss, og erfaringen tilsier ogs\u00e5 at det tar tid \u00e5 f\u00e5 nye spillere til \u00e5 tilpasse seg den str\u00f8mlinjeformede spillestilen. <\/p>\n<p class=\"_paragraph_145nj_4 _paragraph_6fko5_10 layout-component text-serif-m layout-normal text-serif-m layout-padded\">Det fikk for eksempel danske Mathias J\u00f8rgensen merke, en av de dyreste Glimt har hentet da han kom i fjor sommer. Etter et halv\u00e5r var han borte igjen. <\/p>\n<p class=\"_paragraph_145nj_4 _paragraph_6fko5_10 layout-component text-serif-m layout-normal text-serif-m layout-padded\">Det har aldri v\u00e6rt Glimts stil \u00e5 slenge ut store summer p\u00e5 enkeltspillere. De st\u00f8rste suksessene har klubben formet selv. De fleste er kj\u00f8pt ganske billig og solgt ganske dyrt.<\/p>\n<p class=\"_paragraph_145nj_4 _paragraph_6fko5_10 layout-component text-serif-m layout-normal text-serif-m layout-padded\">Eller de er blitt v\u00e6rende. For Glimt bruker heller penger p\u00e5 \u00e5 verdsette \u2013 alts\u00e5 l\u00f8nne \u2013 dem som allerede er der. De som behersker Glimt-stilen. Det sier det meste at halve laget ogs\u00e5 var med for seks \u00e5r siden.<\/p>\n<p class=\"_paragraph_145nj_4 _paragraph_6fko5_10 layout-component text-serif-m layout-normal text-serif-m layout-padded\">Derfor er det viktigste som skjedde i dette overgangsvinduet at Patrick Berg ikke ble solgt.<\/p>\n<p>   Dette er en kommentar. Kommentaren gir uttrykk for skribentens holdning. <\/p>\n","protected":false},"excerpt":{"rendered":"MeningerKommentar Nyrike Viking kaster ut rundt 70 millioner p\u00e5 en dag. Styrtrike Bod\u00f8\/Glimt forholder seg helt rolig. Foto:&hellip;\n","protected":false},"author":2,"featured_media":344714,"comment_status":"","ping_status":"","sticky":false,"template":"","format":"standard","meta":{"footnotes":"","_share_on_mastodon":"0"},"categories":[59],"tags":[517,706,134,3309,30,28,29,83,82,109],"class_list":["post-344713","post","type-post","status-publish","format-standard","has-post-thumbnail","category-sport","tag-bodo-glimt","tag-champions-league","tag-eliteserien","tag-kjetil-knutsen","tag-no","tag-norge","tag-norway","tag-sport","tag-sports","tag-viking-fk"],"share_on_mastodon":{"url":"https:\/\/pubeurope.com\/@no\/117217729596876645","error":""},"_links":{"self":[{"href":"https:\/\/www.europesays.com\/no\/wp-json\/wp\/v2\/posts\/344713","targetHints":{"allow":["GET"]}}],"collection":[{"href":"https:\/\/www.europesays.com\/no\/wp-json\/wp\/v2\/posts"}],"about":[{"href":"https:\/\/www.europesays.com\/no\/wp-json\/wp\/v2\/types\/post"}],"author":[{"embeddable":true,"href":"https:\/\/www.europesays.com\/no\/wp-json\/wp\/v2\/users\/2"}],"replies":[{"embeddable":true,"href":"https:\/\/www.europesays.com\/no\/wp-json\/wp\/v2\/comments?post=344713"}],"version-history":[{"count":0,"href":"https:\/\/www.europesays.com\/no\/wp-json\/wp\/v2\/posts\/344713\/revisions"}],"wp:featuredmedia":[{"embeddable":true,"href":"https:\/\/www.europesays.com\/no\/wp-json\/wp\/v2\/media\/344714"}],"wp:attachment":[{"href":"https:\/\/www.europesays.com\/no\/wp-json\/wp\/v2\/media?parent=344713"}],"wp:term":[{"taxonomy":"category","embeddable":true,"href":"https:\/\/www.europesays.com\/no\/wp-json\/wp\/v2\/categories?post=344713"},{"taxonomy":"post_tag","embeddable":true,"href":"https:\/\/www.europesays.com\/no\/wp-json\/wp\/v2\/tags?post=344713"}],"curies":[{"name":"wp","href":"https:\/\/api.w.org\/{rel}","templated":true}]}}