{"id":34472,"date":"2025-09-13T16:44:07","date_gmt":"2025-09-13T16:44:07","guid":{"rendered":"https:\/\/www.europesays.com\/no\/34472\/"},"modified":"2025-09-13T16:44:07","modified_gmt":"2025-09-13T16:44:07","slug":"tapte-etter-vanvittig-overtidsdrama-blytungt-fvn-no","status":"publish","type":"post","link":"https:\/\/www.europesays.com\/no\/34472\/","title":{"rendered":"(+) Tapte etter vanvittig overtids\u00addrama: \u2013 Blytungt &#8211; fvn.no"},"content":{"rendered":"<ol>\n<li><a href=\"https:\/\/news.google.com\/rss\/articles\/CBMieEFVX3lxTE5odUFuZW5pYV9IVS1QOU5DWW9HQVUtSDNROTBUTjByR0FVc0JpQnRscVBUVDVwOHh1RlNWbmU2bmdDcGpIelZGNnctNUpIRFh3UjJZbGM1bWdWMHBObm02R1hZVGtaNU1vblhVSXY1Q0cyR0ZBRXRzbw?oc=5\" target=\"_blank\" rel=\"nofollow noopener\">(+) Tapte etter vanvittig overtids\u00addrama: \u2013 Blytungt<\/a>&nbsp;&nbsp;fvn.no<\/li>\n<li><a href=\"https:\/\/news.google.com\/rss\/articles\/CBMiqAFBVV95cUxPY0VxOWVIdnVnZUd5RUxJZS1hcjZJd1hBbjRvcGE3SmhlZDBYLTlUZFRhV29ZNldudThnaVQyMkNPUDdMekJuMS1FX1MwdU5SMlNWMHBDS29vTzYyVGFrelZSUDNfXzBkdld2emdhdTh0N1JBRk5iOTJ3Y1hwbDBaVElOa0x2aFFGZ0poRXFSR1FFMk5uVEZiNWc1U3hqazkwRDRJZ0JZM2k?oc=5\" target=\"_blank\" rel=\"nofollow noopener\">Fotball: Start knust av Kongsvinger \u2013 n\u00e5 \u00e5pner opprykkskampen seg<\/a>&nbsp;&nbsp;NRK<\/li>\n<li><a href=\"https:\/\/news.google.com\/rss\/articles\/CBMif0FVX3lxTE5wbktqX19XV1NKOElsUS1UY2szTlB4cXNYMDFCa0FRMWctOW45NE9SMTdEdzhlWWpvNjNYOWgySkJBSVhmUkJvNWpiOGF5N0JCTGVWUG9FNldJeUs1c242NnEzd3ZiM3JvUkZkSm5tZWhpcVd5WHJwSzk1RWNpd0k?oc=5\" target=\"_blank\" rel=\"nofollow noopener\">Start, Sport | M\u00e5 sl\u00e5 tilbake: Se og f\u00f8lg kampen med KRS<\/a>&nbsp;&nbsp;KRS &#8211; Avisen Kristiansand<\/li>\n<li><a href=\"https:\/\/news.google.com\/rss\/articles\/CBMihAFBVV95cUxNOWxLaXh0Y1ZJbW9BYzlRYmlKWEpPX3Bvc3U3bDI2NjZIbVFWWEpFWndRaDdYUkMtbjhvYmlNSlFqV2ptZ3dNT1lPdjZ4eDhxeGgyV1NDY0tSVUlSZWVDWHZEV1p2dlV1RUZwcFhYN3Jja2J2VGgySnRudEFLaUVPUHFvekM?oc=5\" target=\"_blank\" rel=\"nofollow noopener\">Les deg opp f\u00f8r kampen mot Kongsvinger<\/a>&nbsp;&nbsp;IK Start<\/li>\n<li><a href=\"https:\/\/news.google.com\/rss\/articles\/CBMieEFVX3lxTE5JYzAzTEdCajRTZVRXNi1pRGM5RlFGdlNUS3ROQXc1c0dLbnBDT0tiVHk5Ymp2VVpVUmZuWXhxRHFuT082NFFEZkcxWDA5bGRiV1luR0hNU3FlaGNxeXRRQlpwQ1QxY0ZfT1ZIckh4Y2hjdjNWOUVKeA?oc=5\" target=\"_blank\" rel=\"nofollow noopener\">Dette er Starts lag mot Kongsvinger<\/a>&nbsp;&nbsp;fvn.no<\/li>\n<\/ol>\n","protected":false},"excerpt":{"rendered":"(+) Tapte etter vanvittig overtids\u00addrama: \u2013 Blytungt&nbsp;&nbsp;fvn.no Fotball: Start knust av Kongsvinger \u2013 n\u00e5 \u00e5pner opprykkskampen seg&nbsp;&nbsp;NRK Start,&hellip;\n","protected":false},"author":2,"featured_media":34473,"comment_status":"","ping_status":"","sticky":false,"template":"","format":"standard","meta":{"footnotes":""},"categories":[59],"tags":[3817,5528,303,30,28,29,1293,83,82],"class_list":{"0":"post-34472","1":"post","2":"type-post","3":"status-publish","4":"format-standard","5":"has-post-thumbnail","7":"category-sport","8":"tag-1-divisjon","9":"tag-azar-karadas","10":"tag-ik-start","11":"tag-no","12":"tag-norge","13":"tag-norway","14":"tag-podcast","15":"tag-sport","16":"tag-sports"},"share_on_mastodon":{"url":"","error":""},"_links":{"self":[{"href":"https:\/\/www.europesays.com\/no\/wp-json\/wp\/v2\/posts\/34472","targetHints":{"allow":["GET"]}}],"collection":[{"href":"https:\/\/www.europesays.com\/no\/wp-json\/wp\/v2\/posts"}],"about":[{"href":"https:\/\/www.europesays.com\/no\/wp-json\/wp\/v2\/types\/post"}],"author":[{"embeddable":true,"href":"https:\/\/www.europesays.com\/no\/wp-json\/wp\/v2\/users\/2"}],"replies":[{"embeddable":true,"href":"https:\/\/www.europesays.com\/no\/wp-json\/wp\/v2\/comments?post=34472"}],"version-history":[{"count":0,"href":"https:\/\/www.europesays.com\/no\/wp-json\/wp\/v2\/posts\/34472\/revisions"}],"wp:featuredmedia":[{"embeddable":true,"href":"https:\/\/www.europesays.com\/no\/wp-json\/wp\/v2\/media\/34473"}],"wp:attachment":[{"href":"https:\/\/www.europesays.com\/no\/wp-json\/wp\/v2\/media?parent=34472"}],"wp:term":[{"taxonomy":"category","embeddable":true,"href":"https:\/\/www.europesays.com\/no\/wp-json\/wp\/v2\/categories?post=34472"},{"taxonomy":"post_tag","embeddable":true,"href":"https:\/\/www.europesays.com\/no\/wp-json\/wp\/v2\/tags?post=34472"}],"curies":[{"name":"wp","href":"https:\/\/api.w.org\/{rel}","templated":true}]}}