{"id":344751,"date":"2026-09-05T10:07:15","date_gmt":"2026-09-05T10:07:15","guid":{"rendered":"https:\/\/www.europesays.com\/no\/344751\/"},"modified":"2026-09-05T10:07:15","modified_gmt":"2026-09-05T10:07:15","slug":"sydney-sweeney-og-scooter-braun-i-het-omfavnelse-pa-romantisk-tur","status":"publish","type":"post","link":"https:\/\/www.europesays.com\/no\/344751\/","title":{"rendered":"Sydney Sweeney og Scooter Braun i het omfavnelse p\u00e5 romantisk tur"},"content":{"rendered":"<p class=\"kicker \" style=\"\">Sydney Sweeney og Scooter Braun:<\/p>\n<p class=\"subtitle \" style=\"\">Paret ble fotografert i het omfavnelse i den romantiske byen.<\/p>\n<p>\n    GONDOLTUR: Stjerneparet hadde fotografene p\u00e5 slep under ferieturen. Foto: Splash News\n  <\/p>\n<p>Det var i fjor sommer at romanseryktene for alvor begynte \u00e5 florere rundt skuespiller Sydney Sweeney (28) og musikkmogul Scooter Braun (45).<\/p>\n<p>Siden da har duoen blitt observert sammen flere ganger, blant annet mens de klinte til midt i Central Park i New York.<\/p>\n<p>    <a itemprop=\"url\" href=\"https:\/\/www.seher.no\/kjendis\/bekrefter-forholdet\/84881394\" rel=\"nofollow noopener\" target=\"_blank\"><\/p>\n<p>        <img loading=\"lazy\" decoding=\"async\" src=\"https:\/\/www.europesays.com\/no\/wp-content\/uploads\/2026\/09\/84882316.webp\" width=\"180\" height=\"81\" alt=\"\" class=\"lazyload\" style=\"--aspect-ratio-image: 2.22; \"\/><\/p>\n<p>        Bekrefter forholdet<\/p>\n<p>    <\/a><\/p>\n<p>Paret har ogs\u00e5 delt flere bilder av hverandre i sosiale medier, og mye tyder p\u00e5 at de ikke kan f\u00e5 nok av hverandre.<\/p>\n<p> Denne uken returnerte paret til Venezia &#8211; den italienske byen hvor de skal ha m\u00f8ttes for f\u00f8rste gang under bryllupet til Jeff Bezos og Lauren S\u00e1nchez i juni i fjor.<\/p>\n<p>        VILLE KJ\u00d8P: Liva Ingebrigtsen avsl\u00f8rer at hun har f\u00e5tt seg noen overraskelser av mannens innkj\u00f8p. Video: Nora Skavhaug\/Karolina Grace\/R\u00f8d L\u00f8per, \u00abBorn to run\u00bb\/Prime Video. <\/p>\n<p class=\"font-weight-bold m-font-weight-bold\" data-lab-font_weight=\"font-weight-bold\">Bilder fra turen viser at paret ikke legger skjul p\u00e5 f\u00f8lelsene sine i den romantiske byen. Like f\u00f8r helga tok de en gondoltur sammen gjennom kanalene.\u00a0<\/p>\n<p class=\"font-weight-bold m-font-weight-bold\" data-lab-font_weight=\"font-weight-bold\">Flere medier har omtalt bildene, deriblant <a href=\"https:\/\/people.com\/sydney-sweeney-scooter-braun-step-out-in-venice-1-year-after-they-began-dating-12108173\" rel=\"nofollow noopener\" target=\"_blank\">People<\/a> og <a href=\"https:\/\/pagesix.com\/2026\/09\/03\/celebrity-news\/sydney-sweeney-scooter-braun-kiss-on-gondola-ride-in-venice-italy\/\" target=\"_blank\" rel=\"nofollow noopener\">Page Six<\/a>.<\/p>\n<p>        <img loading=\"lazy\" decoding=\"async\" src=\"https:\/\/www.europesays.com\/no\/wp-content\/uploads\/2026\/09\/85113300.webp\" width=\"667\" height=\"587\" alt=\"\" class=\"\" style=\"--aspect-ratio-image: 1.14; \"\/><\/p>\n<p>\n        SMASK: Paret klarte ikke \u00e5 holde fingrene fra hverandre. Foto: Splash News\n    <\/p>\n<p>Skuespilleren, kjent fra blant annet \u00abEuphoria\u00bb og \u00abThe White Lotus\u00bb, og den profilerte musikkmanageren koste seg tett sammen p\u00e5 b\u00e5ten. De kysset, klemte og smilte til hverandre mens de n\u00f8t turen.<\/p>\n<p class=\"font-weight-bold m-font-weight-bold\" data-lab-font_weight=\"font-weight-bold\">Senere samme dag ble de ogs\u00e5 observert h\u00e5nd i h\u00e5nd p\u00e5 en spasertur gjennom Venezias gater.<\/p>\n<p>        <img loading=\"lazy\" decoding=\"async\" src=\"https:\/\/www.europesays.com\/no\/wp-content\/uploads\/2026\/09\/85113283.webp\" width=\"667\" height=\"654\" alt=\"\" class=\"\" style=\"--aspect-ratio-image: 1.02; \"\/><\/p>\n<p>\n        H\u00c5ND I H\u00c5ND: Sydney Sweeney og Scooter Braun s\u00e5 ut til \u00e5 kose seg i Venezia. Foto: Splash News\n    <\/p>\n<p>Romantikken mellom Sweeney og Braun skal ha utviklet seg raskt fra starten av.<\/p>\n<p>F\u00f8r Venezia-turen tok skuespilleren et stort steg i forholdet da hun tilbrakte tid sammen med Brauns tre barn: Jagger Joseph (11), Levi Magnus (9) og Hart Violet (7).<\/p>\n<p>De ble blant annet sett sammen p\u00e5 en smoothiebar i Los Angeles.<\/p>\n<p>        REAGERER: Sydney Sweeney og \u00abEuphoria\u00bb setter fyr p\u00e5 internett nok en gang. Video: Nora Skavhaug\/R\u00f8d L\u00f8per, \u00abEuphoria\u00bb\/HBO Max, Instagram\/@hbomax, Tiktok\/@hbomax.<\/p>\n<p>Paret skal ha blitt n\u00e6rmest uatskillelige etter at de m\u00f8ttes i forbindelse med Bezos og S\u00e1nchez&#8217; bryllup sommeren 2025.<\/p>\n<p>En kilde hevdet tidligere overfor Page Six at Braun ble sv\u00e6rt betatt av Sweeney etter m\u00f8tet &#8211; og at han begynte \u00e5 \u00abjakte\u00bb p\u00e5 henne kort tid etter.<\/p>\n<p>Bare noen m\u00e5neder senere skal Braun ha m\u00f8tt Sweeneys foreldre. De skal ha v\u00e6rt p\u00e5 dobbeldate sammen under Halloween Horror Nights p\u00e5 Universal Studios Hollywood i Los Angeles.<\/p>\n","protected":false},"excerpt":{"rendered":"Sydney Sweeney og Scooter Braun: Paret ble fotografert i het omfavnelse i den romantiske byen. GONDOLTUR: Stjerneparet hadde&hellip;\n","protected":false},"author":2,"featured_media":344752,"comment_status":"","ping_status":"","sticky":false,"template":"","format":"standard","meta":{"footnotes":"","_share_on_mastodon":"0"},"categories":[58],"tags":[71,479,2543,30,28,29,7851,3049,72],"class_list":["post-344751","post","type-post","status-publish","format-standard","has-post-thumbnail","category-underholdning","tag-entertainment","tag-kjendis","tag-kjendisdesken","tag-no","tag-norge","tag-norway","tag-scooter-braun","tag-sydney-sweeney","tag-underholdning"],"share_on_mastodon":{"url":"https:\/\/pubeurope.com\/@no\/117217883270210312","error":""},"_links":{"self":[{"href":"https:\/\/www.europesays.com\/no\/wp-json\/wp\/v2\/posts\/344751","targetHints":{"allow":["GET"]}}],"collection":[{"href":"https:\/\/www.europesays.com\/no\/wp-json\/wp\/v2\/posts"}],"about":[{"href":"https:\/\/www.europesays.com\/no\/wp-json\/wp\/v2\/types\/post"}],"author":[{"embeddable":true,"href":"https:\/\/www.europesays.com\/no\/wp-json\/wp\/v2\/users\/2"}],"replies":[{"embeddable":true,"href":"https:\/\/www.europesays.com\/no\/wp-json\/wp\/v2\/comments?post=344751"}],"version-history":[{"count":0,"href":"https:\/\/www.europesays.com\/no\/wp-json\/wp\/v2\/posts\/344751\/revisions"}],"wp:featuredmedia":[{"embeddable":true,"href":"https:\/\/www.europesays.com\/no\/wp-json\/wp\/v2\/media\/344752"}],"wp:attachment":[{"href":"https:\/\/www.europesays.com\/no\/wp-json\/wp\/v2\/media?parent=344751"}],"wp:term":[{"taxonomy":"category","embeddable":true,"href":"https:\/\/www.europesays.com\/no\/wp-json\/wp\/v2\/categories?post=344751"},{"taxonomy":"post_tag","embeddable":true,"href":"https:\/\/www.europesays.com\/no\/wp-json\/wp\/v2\/tags?post=344751"}],"curies":[{"name":"wp","href":"https:\/\/api.w.org\/{rel}","templated":true}]}}