{"id":344769,"date":"2026-09-05T10:39:13","date_gmt":"2026-09-05T10:39:13","guid":{"rendered":"https:\/\/www.europesays.com\/no\/344769\/"},"modified":"2026-09-05T10:39:13","modified_gmt":"2026-09-05T10:39:13","slug":"onsket-a-ta-et-siste-farvel-med-kong-harald-tok-nattbussen-fra-bergen-fikk-hore-jeg-var-ganske-gal","status":"publish","type":"post","link":"https:\/\/www.europesays.com\/no\/344769\/","title":{"rendered":"\u00d8nsket \u00e5 ta et siste farvel med kong Harald Tok nattbussen fra Bergen: \u2013 Fikk h\u00f8re jeg var ganske gal"},"content":{"rendered":"<p>Det er lange k\u00f8er ved slottsplassen. K\u00f8en til defileringen vil ingen ende ta.\u00a0<\/p>\n<p>\u2013 Jeg har st\u00e5tt her siden kvart over syv i dagtidelig. <\/p>\n<p>Det sier Andreas Bergmann som har tatt nattbussen fra Bergen, for \u00e5 si et siste farvel til kong Harald.<\/p>\n<p>\u2013 Jeg pr\u00f8vde \u00e5 se litt p\u00e5 flypriser, men det var ganske h\u00f8ye priser. Dermed ble buss det rimeligste alternativet.\u00a0<\/p>\n<p>Bergmann har ikke planer om \u00e5 v\u00e6re lengre i hovedstaden enn det han m\u00e5.<\/p>\n<p>\u2013 Nattbussen g\u00e5r hjem igjen klokken 22:00. S\u00e5 det blir en kort tur, forteller ham.<\/p>\n<p>Og etter den \u00e5tte timer lange turen over fjellet, var det bare \u00e5 stille seg i k\u00f8, for bergenseren.<\/p>\n<p>Reiste alene<\/p>\n<p>Bergmann tok turen alene til Oslo.<\/p>\n<p>\u2013 Jeg fikk h\u00f8re hjemme at jeg var ganske gal, sier ham.\u00a0<\/p>\n<p>Likevel er Bergmann overbevist over at valget hans var riktig.<\/p>\n<p>\u2013 Jeg tenker det blir fint. Jeg f\u00f8lte dette var noe jeg m\u00e5tte v\u00e6re med p\u00e5. Kong Olav d\u00f8de 17 \u00e5r f\u00f8r jeg ble f\u00f8dt. Jeg har derfor ikke v\u00e6rt med p\u00e5 noe lignende, forteller ham.<\/p>\n<p>Men Bergmann er ikke den eneste som har reist langt for anledningen.<\/p>\n<p>\u2013 Vi tok toget fra kristiansand i g\u00e5r og ankom Oslo klokken 02.00 i natt.\u00a0<\/p>\n<p>        <img class=\"image__img lazyload\" itemprop=\"image\" title=\"Foto: Christoffer Bogstad\/TV 2\" alt=\"ANKOM KLOKKEN 02:00: Grethe Lill Hegland reiste fra Kristiansand. Foto: Christoffer Bogstad\/TV 2\" width=\"978\" height=\"551\" bad-src=\"https:\/\/www.europesays.com\/no\/wp-content\/uploads\/2026\/09\/19196750.webp\" fetchpriority=\"auto\" \/><\/p>\n<p>      ANKOM KLOKKEN 02:00: Grethe Lill Hegland reiste fra Kristiansand.<br \/>\n         Foto: Christoffer Bogstad\/TV 2<\/p>\n<p>Det forteller Grethe Lill Hegland.<\/p>\n<p>Natten ble brukt til \u00e5 tusle rundt i Oslos gater.\u00a0<\/p>\n<p>\u2013 Det var jo stengt overalt, sier Hegland lattermildt.<\/p>\n<p>Hegland bestemte seg for \u00e5 dra til Oslo for \u00e5 defilere, blant annet fordi det er en sjelden mulighet.\u00a0<\/p>\n<p>I likhet med Bergmann, drar ogs\u00e5 Hegland hjem igjen i kveld.\u00a0<\/p>\n<p>Nye vennskap utvikles<\/p>\n<p>Og det er ingen tvil om at kong Harald har betydd mye for folk.<\/p>\n<p>\u2013 Han har betydd mye for meg, og det f\u00f8les riktig \u00e5 komme hit i dag for \u00e5 se b\u00e5ren hans, sier Bergmann.<\/p>\n<p>Men tiden i k\u00f8 kan til tider f\u00f8les som tid man aldri f\u00e5r tilbake. Bergmann derimot har brukt tiden sin fornuftig.<\/p>\n<p>\u2013 Det er mye folk her, s\u00e5 jeg har pr\u00f8vd \u00e5 f\u00e5 tiden til \u00e5 g\u00e5 med \u00e5 bli kjent med menneskene i k\u00f8en.\u00a0<\/p>\n<p>Bergmann er ikke ene og alene i \u00e5 komme i kontakt med folk mens det ventes.\u00a0<\/p>\n<p>To som fant hverandre i k\u00f8en er Ramona Nofal og Eva Nakken. Timene i k\u00f8 har n\u00e6rmest utviklet et vennskap for de to damene, som ogs\u00e5 reiste alene.<\/p>\n<p>        <img class=\"image__img lazyload\" itemprop=\"image\" title=\"Foto: Christoffer Bogstad\/TV 2\" alt=\"BLE KJENT I K\u00d8: Eva Nakken og Ramona Nofal fant hverandre i k\u00f8en. Foto: Christoffer Bogstad\/TV 2\" width=\"978\" height=\"551\" bad-src=\"https:\/\/www.europesays.com\/no\/wp-content\/uploads\/2026\/09\/19196824.webp\" fetchpriority=\"auto\" \/><\/p>\n<p>      BLE KJENT I K\u00d8: Eva Nakken og Ramona Nofal fant hverandre i k\u00f8en.<br \/>\n         Foto: Christoffer Bogstad\/TV 2<\/p>\n<p>Nofal reiste med nattoget fra Mosj\u00f8en i natt, mens Nakken tok nattbussen fra Molde.<\/p>\n<p>\u2013 Jeg f\u00f8ler jeg m\u00e5 gi noe tilbake. Det var en konge som var elsket av sitt folk og som elsket sitt folk, sier Nofal.\u00a0<\/p>\n<p>Det sier Nakken seg enig i.<\/p>\n<p>Nofal er klar p\u00e5 at de trettene timene i buss fra Mosj\u00f8en blir verdt det.<\/p>\n<p>M\u00e5 vente seks timer<\/p>\n<p>Men i k\u00f8en finnes det flere som gjerne venter i timersvis for \u00e5 ta avskjed med den gamle kongen. To av dem er far og s\u00f8nn, Alf og Syver Aschim.<\/p>\n<p>        <img class=\"image__img lazyload\" itemprop=\"image\" title=\"Foto: Christoffer Bogstad\/TV 2\" alt=\"ET FORBILDE: Kong Harald har lenge v\u00e6rt et forbilde for Syver Ascheim. Foto: Christoffer Bogstad\/TV 2\" width=\"978\" height=\"551\" bad-src=\"https:\/\/www.europesays.com\/no\/wp-content\/uploads\/2026\/09\/19196875.webp\" fetchpriority=\"auto\" \/><\/p>\n<p>      ET FORBILDE: Kong Harald har lenge v\u00e6rt et forbilde for Syver Ascheim.<br \/>\n         Foto: Christoffer Bogstad\/TV 2<\/p>\n<p>\u2013 Vi har beregnet skrekkelig god tid, ler Alf Aschim.\u00a0<\/p>\n<p>Det at det er folksomt i k\u00f8en i dag, kom ikke som noe sjokk for dem. De begge er blant de siste i k\u00f8en, og er forberedt p\u00e5 en ventetid p\u00e5 rundt seks timer.<\/p>\n<p>\u2013 Det var i dag vi hadde tid, s\u00e5 da blir det s\u00e5nn.\u00a0<\/p>\n<p>Syver Aschim forteller at kong Harald har v\u00e6rt et av hans store forbilder.<\/p>\n<p>\u2013 Han har holdt s\u00e5 mange fine taler. Jeg tenkte rett og slett \u00e5 vise han en siste takk, sier ham.<\/p>\n<p>Tankene om kong Harald g\u00e5r igjen i k\u00f8en.<\/p>\n<p>\u2013 Kong Harald har v\u00e6rt en konge for folket. En mann som har v\u00e6rt opptatt av \u00e5 v\u00e6re en del av landet v\u00e5rt, og ikke bare en som styrer det, sier Bergmann.<\/p>\n<p>Bergmann tror det kan bli r\u00f8rende \u00e5 ta farvel med den folkekj\u00e6re kongen.<\/p>\n<p>\u2013 Det blir vanskelig \u00e5 se for seg. Men jeg h\u00e5per jeg klarer \u00e5 g\u00e5 inn der uten \u00e5 bli for overveldet, sier ham.\u00a0<\/p>\n<p><\/p>\n","protected":false},"excerpt":{"rendered":"Det er lange k\u00f8er ved slottsplassen. K\u00f8en til defileringen vil ingen ende ta.\u00a0 \u2013 Jeg har st\u00e5tt her&hellip;\n","protected":false},"author":2,"featured_media":344770,"comment_status":"","ping_status":"","sticky":false,"template":"","format":"standard","meta":{"footnotes":"","_share_on_mastodon":"0"},"categories":[10],"tags":[20,21,24,25,15,22,23,13,30,28,29,14,16,26,27],"class_list":["post-344769","post","type-post","status-publish","format-standard","has-post-thumbnail","category-norge","tag-breaking-news","tag-breakingnews","tag-featured-news","tag-featurednews","tag-headlines","tag-latest-news","tag-latestnews","tag-news","tag-no","tag-norge","tag-norway","tag-nyheter","tag-overskrifter","tag-top-stories","tag-topstories"],"share_on_mastodon":{"url":"https:\/\/pubeurope.com\/@no\/117218008337938287","error":""},"_links":{"self":[{"href":"https:\/\/www.europesays.com\/no\/wp-json\/wp\/v2\/posts\/344769","targetHints":{"allow":["GET"]}}],"collection":[{"href":"https:\/\/www.europesays.com\/no\/wp-json\/wp\/v2\/posts"}],"about":[{"href":"https:\/\/www.europesays.com\/no\/wp-json\/wp\/v2\/types\/post"}],"author":[{"embeddable":true,"href":"https:\/\/www.europesays.com\/no\/wp-json\/wp\/v2\/users\/2"}],"replies":[{"embeddable":true,"href":"https:\/\/www.europesays.com\/no\/wp-json\/wp\/v2\/comments?post=344769"}],"version-history":[{"count":0,"href":"https:\/\/www.europesays.com\/no\/wp-json\/wp\/v2\/posts\/344769\/revisions"}],"wp:featuredmedia":[{"embeddable":true,"href":"https:\/\/www.europesays.com\/no\/wp-json\/wp\/v2\/media\/344770"}],"wp:attachment":[{"href":"https:\/\/www.europesays.com\/no\/wp-json\/wp\/v2\/media?parent=344769"}],"wp:term":[{"taxonomy":"category","embeddable":true,"href":"https:\/\/www.europesays.com\/no\/wp-json\/wp\/v2\/categories?post=344769"},{"taxonomy":"post_tag","embeddable":true,"href":"https:\/\/www.europesays.com\/no\/wp-json\/wp\/v2\/tags?post=344769"}],"curies":[{"name":"wp","href":"https:\/\/api.w.org\/{rel}","templated":true}]}}