{"id":344771,"date":"2026-09-05T10:40:15","date_gmt":"2026-09-05T10:40:15","guid":{"rendered":"https:\/\/www.europesays.com\/no\/344771\/"},"modified":"2026-09-05T10:40:15","modified_gmt":"2026-09-05T10:40:15","slug":"over-en-kilometer-ko-utenfor-slottet-stor-oslo","status":"publish","type":"post","link":"https:\/\/www.europesays.com\/no\/344771\/","title":{"rendered":"Over en kilometer k\u00f8 utenfor slottet \u2013 Stor-Oslo"},"content":{"rendered":"<p>K\u00f8en for \u00e5 f\u00e5 defilere forbi kong Haralds b\u00e5re er lang l\u00f8rdag formiddag.<\/p>\n<p>Marianne Kvalsvik og Tor Ola Olsen har reist helt fra \u00c5lesund.<\/p>\n<p>Da NRK snakker med dem rundt klokka 11, har de allerede st\u00e5tt i k\u00f8en i en time.<\/p>\n<p>\u2013 Hvor lenge tror dere at dere blir st\u00e5ende?<\/p>\n<p>\u2013 De antyder at det tar syv timer. Det er absolutt verdt det, sl\u00e5r Kvalsvik fast.<\/p>\n<p><img decoding=\"async\"   src=\"data:image\/gif;base64,R0lGODlhAQABAIAAAAAAAP\/\/\/yH5BAEAAAAALAAAAAABAAEAAAIBRAA7\" loading=\"eager\" alt=\"K\u00f8 definering\" title=\"Foto: Peder Bergholt \/ NRK\"\/><\/p>\n<p class=\"\">Marianne Kvalsvik og Tor Ola Olsen er forberedt p\u00e5 \u00e5 st\u00e5 flere timer i k\u00f8.<\/p>\n<p>Foto: Peder Bergholt \/ NRK<\/p>\n<p>1,2 kilometer k\u00f8<\/p>\n<p>I 11-tiden strekker k\u00f8en seg helt ned Slottsbakken rundt Fredriks gate og opp til slottsgartneriet i Kristian IVs gate.<\/p>\n<p>If\u00f8lge NTB, tilsvarer det 1,2 kilometer.<\/p>\n<p>Det blir omtrent syv timers ventetid, ansl\u00e5r vaktene p\u00e5 Slottet til nyhetsbyr\u00e5et.<\/p>\n<p>        Har du defilert forbi kong Haralds b\u00e5re?<\/p>\n<p>        Ja<\/p>\n<p>        Nei<\/p>\n<p>        Ikke enda<\/p>\n<p>      Vis resultat<\/p>\n<p class=\"pin-nrkno-poll__disclaimer\">\n    Denne avstemningen viser ikke hva befolkningen mener om sp\u00f8rsm\u00e5let.<br \/>\n    Resultatet viser hva de som selv har valgt \u00e5 stemme mener,<br \/>\n    og avstemningen har ikke et utvalg som gj\u00f8r den representativ for alle som bor i landet.\n  <\/p>\n<p>Utvidet \u00e5pningstider<\/p>\n<p>Slottskapellet har utvidet \u00e5pningstidene p\u00e5 grunn av lange k\u00f8er.<\/p>\n<p>I helgen og p\u00e5 mandag stenger d\u00f8rene klokka 23. Tidligere stengte de klokken 18.<\/p>\n<p><img decoding=\"async\"   src=\"data:image\/gif;base64,R0lGODlhAQABAIAAAAAAAP\/\/\/yH5BAEAAAAALAAAAAABAAEAAAIBRAA7\" loading=\"eager\" alt=\"Defileringsk\u00f8 kong harald\" title=\"Foto: Peder Bergholt \/ NRK\"\/><\/p>\n<p class=\"\">Ventetiden for \u00e5 komme inn i Slottskapellet og g\u00e5 sakte forbi kong Haralds b\u00e5re er over en kilometer l\u00f8rdag formiddag.<\/p>\n<p>Foto: Peder Bergholt \/ NRK<\/p>\n<p>\u2013 Verter vil informere i k\u00f8en dersom vi ser at det er noen som mest sannsynlig ikke vil rekke \u00e5 komme inn i Slottskapellet denne dagen, skrev Slottet i en pressemelding fredag.<\/p>\n<p>Det vil v\u00e6re mulig \u00e5 defilere fram til tirsdag klokka 19.<\/p>\n<p>Kong Haralds gravferd er p\u00e5 onsdag.<\/p>\n<p>Publisert<\/p>\n<p>05.09.2026, kl. 11.35<\/p>\n<p>Oppdatert<\/p>\n<p>05.09.2026, kl. 12.39<\/p>\n","protected":false},"excerpt":{"rendered":"K\u00f8en for \u00e5 f\u00e5 defilere forbi kong Haralds b\u00e5re er lang l\u00f8rdag formiddag. Marianne Kvalsvik og Tor Ola&hellip;\n","protected":false},"author":2,"featured_media":344772,"comment_status":"","ping_status":"","sticky":false,"template":"","format":"standard","meta":{"footnotes":"","_share_on_mastodon":"0"},"categories":[5],"tags":[20,21,24,25,15,19,22,23,17,18,13,30,28,29,14,16,26,27],"class_list":["post-344771","post","type-post","status-publish","format-standard","has-post-thumbnail","category-overskrifter","tag-breaking-news","tag-breakingnews","tag-featured-news","tag-featurednews","tag-headlines","tag-hovedoppslag","tag-latest-news","tag-latestnews","tag-main-news","tag-mainnews","tag-news","tag-no","tag-norge","tag-norway","tag-nyheter","tag-overskrifter","tag-top-stories","tag-topstories"],"share_on_mastodon":{"url":"https:\/\/pubeurope.com\/@no\/117218012547618142","error":""},"_links":{"self":[{"href":"https:\/\/www.europesays.com\/no\/wp-json\/wp\/v2\/posts\/344771","targetHints":{"allow":["GET"]}}],"collection":[{"href":"https:\/\/www.europesays.com\/no\/wp-json\/wp\/v2\/posts"}],"about":[{"href":"https:\/\/www.europesays.com\/no\/wp-json\/wp\/v2\/types\/post"}],"author":[{"embeddable":true,"href":"https:\/\/www.europesays.com\/no\/wp-json\/wp\/v2\/users\/2"}],"replies":[{"embeddable":true,"href":"https:\/\/www.europesays.com\/no\/wp-json\/wp\/v2\/comments?post=344771"}],"version-history":[{"count":0,"href":"https:\/\/www.europesays.com\/no\/wp-json\/wp\/v2\/posts\/344771\/revisions"}],"wp:featuredmedia":[{"embeddable":true,"href":"https:\/\/www.europesays.com\/no\/wp-json\/wp\/v2\/media\/344772"}],"wp:attachment":[{"href":"https:\/\/www.europesays.com\/no\/wp-json\/wp\/v2\/media?parent=344771"}],"wp:term":[{"taxonomy":"category","embeddable":true,"href":"https:\/\/www.europesays.com\/no\/wp-json\/wp\/v2\/categories?post=344771"},{"taxonomy":"post_tag","embeddable":true,"href":"https:\/\/www.europesays.com\/no\/wp-json\/wp\/v2\/tags?post=344771"}],"curies":[{"name":"wp","href":"https:\/\/api.w.org\/{rel}","templated":true}]}}