{"id":344773,"date":"2026-09-05T10:41:15","date_gmt":"2026-09-05T10:41:15","guid":{"rendered":"https:\/\/www.europesays.com\/no\/344773\/"},"modified":"2026-09-05T10:41:15","modified_gmt":"2026-09-05T10:41:15","slug":"sport-handball-den-nye-landslagssjefen-bet-seg-saerlig-merke-i-en-ting-med-bergen","status":"publish","type":"post","link":"https:\/\/www.europesays.com\/no\/344773\/","title":{"rendered":"Sport, H\u00e5ndball | Den nye landslagssjefen bet seg s\u00e6rlig merke i \u00e9n ting med Bergen"},"content":{"rendered":"\n<p>Fra toppen av Scandic \u00d8rnen har Magnus Andersson storslagen utsikt denne fredags ettermiddagen.<\/p>\n<p>Den nye sjefen til det norske herrelandslaget i h\u00e5ndball blir imidlertid stor i \u00f8ynene n\u00e5r BAs utsendte meddeler at Bergen, Norges nest st\u00f8rste by, ikke har en innend\u00f8rs arena for store sports- og kulturbegivenheter.\u00a0<\/p>\n<p>Det er stadig den snart 60 \u00e5r gamle betongmastodonten Haukelandshallen utenfor sentrumskjernen som innend\u00f8rsidrettene m\u00e5 ty til n\u00e5r det skal inviteres til fest.\u00a0<\/p>\n<p>\u2013 Det er jo bedr\u00f8velig, men jeg har h\u00f8rt at det skal bygges byarena her? I 2028? 2029?<\/p>\n<p><b>Nesten &#8230; <a rel=\"Follow nofollow noopener\" href=\"https:\/\/www.ba.no\/enige-om-ny-avtale-forplikter-seg-til-a-kjope-parkeringshus-for-1-3-milliarder\/s\/5-8-3432967\" target=\"_blank\">2036 er vel det forsiktige anslaget.<\/a><\/b><\/p>\n<p>Landslagssjef p\u00e5 norgesturn\u00e9<\/p>\n<p>Da er neppe 60 \u00e5r gamle Magnus Andersson norsk landslagssjef lenger.\u00a0<\/p>\n<p>Svensken har n\u00e5 sine f\u00f8rste uker i stillingen han overtok etter Jonas Wille, og bruker de p\u00e5 \u00e5 bes\u00f8ke de norske toppklubbene i h\u00e5ndball.\u00a0<\/p>\n<p>Denne helgen er han i Bergen for \u00e5 bli kjent med byens to eliteserielag, forrige sesongs tabelltreer Bergen H\u00e5ndball og nyopprykkede TIF Viking.<\/p>\n<p>   <img decoding=\"async\" width=\"8256\" height=\"5504\" fetchpriority=\"low\"  loading=\"lazy\"  src=\"https:\/\/www.europesays.com\/no\/wp-content\/uploads\/2026\/09\/4895.jpg\" alt=\"\" class=\"brick-c-cFOWSL\" style=\"--brick-image-ratio: 8256 \/ 5504;\"\/><\/p>\n<p>      Magnus Andersson er en travel mann. I sine f\u00f8rste uker p\u00e5 landslagssjef har han prioritert \u00e5 reise for \u00e5 m\u00f8te norske klubber. Og svare p\u00e5 en og annen telefon.<br \/>\n      Foto: Emil Weatherhead Breistein\n    <\/p>\n<p>\u2013 Jeg \u00f8nsker \u00e5 bli kjent med norsk h\u00e5ndball. Presentere meg og bli kjent med folkene i klubbene. Det ser jeg nesten p\u00e5 som en plikt i den jobben jeg har f\u00e5tt, sier Andersson.\u00a0<\/p>\n<p>\u2013 Tidligere i dag var jeg p\u00e5 treningen til Bergen og fikk m\u00f8tt Fredrik T\u00f8nne og gjengen der. Jeg h\u00e5per jeg skal f\u00e5 satt meg ned og pratet litt med TIF Viking ogs\u00e5. Det virker som h\u00e5ndballtradisjonene i Bergen er sterke, med to lag i eliteserien b\u00e5de for kvinner og menn og flere spillere som presterer internasjonalt.\u00a0<\/p>\n<p>\u2013 Byarena vil gi et l\u00f8ft<\/p>\n<p>Andersson har f\u00e5tt med seg historien til Bergen H\u00e5ndball, som br\u00f8t med Fyllingen for \u00e5 bli hele Bergens lag, men som ble en omstreifer i byens h\u00e5ndballhaller f\u00f8r de havnet i alvorlige \u00f8konomiske problemer.\u00a0<\/p>\n<p>Forrige sesong imponerte de likevel stort med \u00e5 bli nummer tre i serien.\u00a0<\/p>\n<p>\u2013 Det er imponerende hva de har f\u00e5tt til med sm\u00e5 ressurser, men det som imponerte meg mest var nok den entusiasmen jeg m\u00f8tte der. En veldig positiv gjeng som gj\u00f8r det beste de kan ut fra de forutsetningene de har.\u00a0<\/p>\n<p>   <img decoding=\"async\" width=\"1200\" height=\"765\" fetchpriority=\"low\"  loading=\"lazy\"  src=\"https:\/\/www.europesays.com\/no\/wp-content\/uploads\/2026\/09\/image.png\" alt=\"\" class=\"brick-c-cFOWSL\" style=\"--brick-image-ratio: 1200 \/ 765;\"\/><\/p>\n<p>      Slik kan det bli seende ut. Byarenaen det runde bygget til venstre.<br \/>\n      Foto: Illustrasjon: CF M\u00d8LLER\/NYG\u00c5RDSTANGEN UTVIKLING\n    <\/p>\n<p>Men s\u00e5 var det dette med byarena igjen &#8230;\u00a0<\/p>\n<p>\u2013 Jeg forsto jo p\u00e5 det m\u00f8tet jeg hadde med dem at det er noe de har etterspurt og ventet p\u00e5 lenge. Det er klart en ny og moderne arena vil kunne gi de helt andre forutsetninger. Ikke minst at de kan f\u00e5 et sted \u00e5 ha tilh\u00f8righet, sier landslagssjefen.\u00a0<\/p>\n<p>Er det plass til bergensere?<\/p>\n<p>Andersson har en mektig h\u00e5ndball-CV. Som spiller fikk han en lang proffkarriere i Tyskland og ble b\u00e5de verdens- og europamester med Sverige. Som trener har han vunnet titler i Danmark og Portugal. I tillegg har han vunnet europaligaen to ganger.<\/p>\n<p>Det er med andre ord ingen hvem som helst Norges h\u00e5ndballforbund har f\u00e5tt tak i.\u00a0<\/p>\n<p>I oktober tar Andersson ut sin f\u00f8rste Norge-tropp, men svensken vil ikke si stort om verken bergenske eller andre spillere som kan v\u00e6re med \u00e5 forme hans landslag.<\/p>\n<p>En m\u00e5 likevel kunne regne med at 60-\u00e5ringen, med sin bakgrunn fra tysk og internasjonal h\u00e5ndball, har god kontroll p\u00e5 de bergenske stjernene Harald Reinkind (THW Kiel) og Sindre Heldal (PSG).\u00a0<\/p>\n<p>\u2013 Jeg har bare v\u00e6rt landslagssjef i fem uker, s\u00e5 det ville v\u00e6rt urettferdig \u00e5 diskutere spesifikke navn n\u00e5r jeg enn\u00e5 ikke sett alle spillerne. Men n\u00e5 skal jeg se Bergen spille p\u00e5 l\u00f8rdag og TIF Viking p\u00e5 s\u00f8ndag. Akkurat n\u00e5 er alle aktuelle, gliser Andersson.\u00a0<\/p>\n<p><b>Bergen m\u00f8ter storlaget Elverum p\u00e5 hjemmebane l\u00f8rdag. TIF Viking tar imot Sandnes s\u00f8ndag. <\/b><\/p>\n","protected":false},"excerpt":{"rendered":"Fra toppen av Scandic \u00d8rnen har Magnus Andersson storslagen utsikt denne fredags ettermiddagen. Den nye sjefen til det&hellip;\n","protected":false},"author":2,"featured_media":344774,"comment_status":"","ping_status":"","sticky":false,"template":"","format":"standard","meta":{"footnotes":"","_share_on_mastodon":"0"},"categories":[59],"tags":[36,7954,105,26393,30,28,29,83,82,1510],"class_list":["post-344773","post","type-post","status-publish","format-standard","has-post-thumbnail","category-sport","tag-art","tag-bergen-handball","tag-handball","tag-handballherrene","tag-no","tag-norge","tag-norway","tag-sport","tag-sports","tag-story"],"share_on_mastodon":{"url":"https:\/\/pubeurope.com\/@no\/117218016763191112","error":""},"_links":{"self":[{"href":"https:\/\/www.europesays.com\/no\/wp-json\/wp\/v2\/posts\/344773","targetHints":{"allow":["GET"]}}],"collection":[{"href":"https:\/\/www.europesays.com\/no\/wp-json\/wp\/v2\/posts"}],"about":[{"href":"https:\/\/www.europesays.com\/no\/wp-json\/wp\/v2\/types\/post"}],"author":[{"embeddable":true,"href":"https:\/\/www.europesays.com\/no\/wp-json\/wp\/v2\/users\/2"}],"replies":[{"embeddable":true,"href":"https:\/\/www.europesays.com\/no\/wp-json\/wp\/v2\/comments?post=344773"}],"version-history":[{"count":0,"href":"https:\/\/www.europesays.com\/no\/wp-json\/wp\/v2\/posts\/344773\/revisions"}],"wp:featuredmedia":[{"embeddable":true,"href":"https:\/\/www.europesays.com\/no\/wp-json\/wp\/v2\/media\/344774"}],"wp:attachment":[{"href":"https:\/\/www.europesays.com\/no\/wp-json\/wp\/v2\/media?parent=344773"}],"wp:term":[{"taxonomy":"category","embeddable":true,"href":"https:\/\/www.europesays.com\/no\/wp-json\/wp\/v2\/categories?post=344773"},{"taxonomy":"post_tag","embeddable":true,"href":"https:\/\/www.europesays.com\/no\/wp-json\/wp\/v2\/tags?post=344773"}],"curies":[{"name":"wp","href":"https:\/\/api.w.org\/{rel}","templated":true}]}}