{"id":344777,"date":"2026-09-05T10:47:11","date_gmt":"2026-09-05T10:47:11","guid":{"rendered":"https:\/\/www.europesays.com\/no\/344777\/"},"modified":"2026-09-05T10:47:11","modified_gmt":"2026-09-05T10:47:11","slug":"sann-ser-verden-egentlig-ut","status":"publish","type":"post","link":"https:\/\/www.europesays.com\/no\/344777\/","title":{"rendered":"S\u00e5nn ser verden egentlig ut"},"content":{"rendered":"<p class=\"kicker t20\" style=\"\">Verdenskartet endres:<\/p>\n<p class=\"subtitle \" style=\"\">USA stemte nei, men resten av verden har n\u00e5 bestemt \u00e5 bruke et kart som viser alle lands faktiske areal. Afrika blir mye st\u00f8rre, mens USA, Gr\u00f8nland, Canada og Norden krymper.<\/p>\n<p>\n    F\u00d8R OG N\u00c5: Det bl\u00e5e verdenskartet er det vi kjenner best. Men fra n\u00e5 skal verden ses med nye \u00f8yne &#8211; og kart. Det r\u00f8de kartet er framtida, og viser at Afrika er et mye st\u00f8rre kontinent i virkeligheten.\n  <\/p>\n<p>Fredag bestemte <a href=\"https:\/\/news.un.org\/en\/story\/2026\/09\/1168284\" rel=\"nofollow noopener\" target=\"_blank\">FNs generalforsamling<\/a>\u00a0at verdenskartet vi har vokst opp med skal fases ut. I stedet skal et\u00a0\u00abrettferdig kart\u00bb brukes, spesielt for at Afrikas enorme st\u00f8rrelse vises bedre.<\/p>\n<p>&#8211; I over 450 \u00e5r har vi forst\u00e5tt Afrika, og verden, ut i fra et kart som er feil. Du kan faktisk putte USA, Kina, India, Japan, Mexico og mye av Europa inn i Afrika, og du har fremdeles mer land til overs, sier <a href=\"https:\/\/correctthemap.org\/\" rel=\"nofollow noopener\" target=\"_blank\">#CorrectTheMap-kampanjen<\/a>, som har jobbet for kartendringen.\u00a0<\/p>\n<p>        <img loading=\"lazy\" decoding=\"async\" src=\"https:\/\/www.europesays.com\/no\/wp-content\/uploads\/2026\/09\/85113278.webp\" width=\"667\" height=\"534\" alt=\"\" class=\"\" style=\"--aspect-ratio-image: 1.25; \"\/><\/p>\n<p>\n        F\u00d8R OG N\u00c5: Til venstre vises Afrika s\u00e5nn vi er vant til \u00e5 se kontinentet. G\u00e5r det som FNs generalforsamling har stemt, skal Afrika og verden vises i en ny m\u00e5lestokk (til h\u00f8yre), s\u00e5nn at de faktiske st\u00f8rrelsene p\u00e5 landene og omr\u00e5dene vises bedre.\n    <\/p>\n<p>Trump lurt\t<\/p>\n<p>164 land stemte for\u00a0den\u00a0\u00abriktige kart\u00bb-resolusjonen , USA stemte mot, mens seks land valgte ikke \u00e5 stemme.\u00a0<\/p>\n<p>Britiske <a href=\"https:\/\/www.independent.co.uk\/news\/world\/africa\/mercator-world-map-projection-africa-size-trump-b3044682.html\" rel=\"nofollow noopener\" target=\"_blank\">The Independent<\/a> har en sak om at USAs Donald Trump kanskje hadde latt v\u00e6re \u00e5 sette \u00f8ynene p\u00e5 Gr\u00f8nland, om han kunnet det faktiske verdenskartet, som fra n\u00e5 av skal brukes.<\/p>\n<p class=\"font-weight-bold m-font-weight-bold\" data-lab-font_weight=\"font-weight-bold\">\u00abTil og med Trump ble lurt av det misvisende verdenskartet, som ogs\u00e5 er en grunn til at det er p\u00e5 tide \u00e5 endre det, skriver <a href=\"https:\/\/www.independent.co.uk\/news\/world\/africa\/mercator-world-map-projection-africa-size-trump-b3044682.html\" rel=\"nofollow noopener\" target=\"_blank\">Independent<\/a>.\u00a0<\/p>\n<p>Verdenskartet vi har vokst opp med, bruker den s\u00e5kalte Mercator-metoden, som\u00a0avbilder den runde jordkloden p\u00e5 et flatt papir eller skjerm.\u00a0<\/p>\n<p>Det betyr at kompassretninger og vinkler stemmer, som har v\u00e6rt historisk uunnv\u00e6rlig for navigering til sj\u00f8l. Ulempen er at st\u00f8rrelsen p\u00e5 landomr\u00e5dene blir kraftig forvrengt jo lenger bort fra ekvator de kommer.\u00a0<\/p>\n<p>Land n\u00e6r polene, som Gr\u00f8nland og Norge, ser mye st\u00f8rre ut p\u00e5 kartet enn de faktisk er i forhold til land n\u00e6r ekvator.\u00a0<\/p>\n<p>        <img loading=\"lazy\" decoding=\"async\" src=\"https:\/\/www.europesays.com\/no\/wp-content\/uploads\/2026\/09\/85113082.webp\" width=\"688\" height=\"393\" alt=\"\" class=\"\" style=\"--aspect-ratio-image: 1.75; \"\/><\/p>\n<p>\n        MER RETTFERDIG? S\u00e5nn skal verdenskart brukes i framtida, g\u00e5r det som FNs generalforsamling \u00f8nsker.\n    <\/p>\n<p>&#8211; Korrigerer forvrengning\t<\/p>\n<p>Vil s\u00e5 alle v\u00e5re kart endres?\u00a0\u00abRiktig kart\u00bb-resolusjonen er ikke-bindende, men det vil bli endringer i hvordan kart blir brukt av institusjoner verden over, skriver <a href=\"https:\/\/www.bbc.com\/news\/articles\/ce30vp55dnlo\" rel=\"nofollow noopener\" target=\"_blank\">BBC<\/a>.\u00a0<\/p>\n<p>Ved den gamle Mercator-metoden, som har blitt brukt siden 1500-tallet og har spesielt blitt kritisert av afrikanske land. Grunnen er at Afrika har samme st\u00f8rrelse som Gr\u00f8nland, selv om det er 14 ganger st\u00f8rre.\u00a0<\/p>\n<p>Mercator-kartet ble laget i 1569 av den flamske kartograven Gerardus Mercator for \u00e5 hjelpe europeiske oppdagelsesreisende \u00e5 navigere.\u00a0\u00a0<\/p>\n<p>Det er det afrikanske landet Togo som har st\u00e5tt i spissen for \u00e5 f\u00e5 et mer rettferdig kart.<\/p>\n<p class=\"font-weight-bold m-font-weight-bold\" data-lab-font_weight=\"font-weight-bold\">&#8211; En rettferdig verden begynner med et rettferdig kart. Et kart er aldri n\u00f8ytralt. Det skaper oppfatninger og p\u00e5virker hvordan land og kontinent blir forst\u00e5tt, sa Togos utenriksminister Robert Dussey i forbindelse med FN-avstemningen.\u00a0<\/p>\n<p>Den franske utenriksministeren Jean-No\u00ebl Barrot st\u00f8ttet togoleserne og sier Frankrike vil slutte \u00e5 bruke Mercator-kartet.<\/p>\n<p>&#8211; \u00c5 endre et kart endrer selvsagt ikke verden. Men \u00e5 korrigere en framstilling som forvrenger den, er i seg selv en sannhetshandling, sier Barrot.\u00a0<\/p>\n","protected":false},"excerpt":{"rendered":"Verdenskartet endres: USA stemte nei, men resten av verden har n\u00e5 bestemt \u00e5 bruke et kart som viser&hellip;\n","protected":false},"author":2,"featured_media":344778,"comment_status":"","ping_status":"","sticky":false,"template":"","format":"standard","meta":{"footnotes":"","_share_on_mastodon":"0"},"categories":[5],"tags":[20,21,24,25,26394,15,19,22,23,17,18,13,30,28,29,14,16,26,27,412,42],"class_list":["post-344777","post","type-post","status-publish","format-standard","has-post-thumbnail","category-overskrifter","tag-breaking-news","tag-breakingnews","tag-featured-news","tag-featurednews","tag-fns-generalforsamling","tag-headlines","tag-hovedoppslag","tag-latest-news","tag-latestnews","tag-main-news","tag-mainnews","tag-news","tag-no","tag-norge","tag-norway","tag-nyheter","tag-overskrifter","tag-top-stories","tag-topstories","tag-utenriks","tag-verden"],"share_on_mastodon":{"url":"https:\/\/pubeurope.com\/@no\/117218040013138291","error":""},"_links":{"self":[{"href":"https:\/\/www.europesays.com\/no\/wp-json\/wp\/v2\/posts\/344777","targetHints":{"allow":["GET"]}}],"collection":[{"href":"https:\/\/www.europesays.com\/no\/wp-json\/wp\/v2\/posts"}],"about":[{"href":"https:\/\/www.europesays.com\/no\/wp-json\/wp\/v2\/types\/post"}],"author":[{"embeddable":true,"href":"https:\/\/www.europesays.com\/no\/wp-json\/wp\/v2\/users\/2"}],"replies":[{"embeddable":true,"href":"https:\/\/www.europesays.com\/no\/wp-json\/wp\/v2\/comments?post=344777"}],"version-history":[{"count":0,"href":"https:\/\/www.europesays.com\/no\/wp-json\/wp\/v2\/posts\/344777\/revisions"}],"wp:featuredmedia":[{"embeddable":true,"href":"https:\/\/www.europesays.com\/no\/wp-json\/wp\/v2\/media\/344778"}],"wp:attachment":[{"href":"https:\/\/www.europesays.com\/no\/wp-json\/wp\/v2\/media?parent=344777"}],"wp:term":[{"taxonomy":"category","embeddable":true,"href":"https:\/\/www.europesays.com\/no\/wp-json\/wp\/v2\/categories?post=344777"},{"taxonomy":"post_tag","embeddable":true,"href":"https:\/\/www.europesays.com\/no\/wp-json\/wp\/v2\/tags?post=344777"}],"curies":[{"name":"wp","href":"https:\/\/api.w.org\/{rel}","templated":true}]}}