{"id":344783,"date":"2026-09-05T10:53:12","date_gmt":"2026-09-05T10:53:12","guid":{"rendered":"https:\/\/www.europesays.com\/no\/344783\/"},"modified":"2026-09-05T10:53:12","modified_gmt":"2026-09-05T10:53:12","slug":"sju-timers-ventetid-for-a-defilere-ved-kong-haralds-bare","status":"publish","type":"post","link":"https:\/\/www.europesays.com\/no\/344783\/","title":{"rendered":"Sju timers ventetid for \u00e5 defilere ved kong Haralds b\u00e5re"},"content":{"rendered":"<p data-v-0ec4b2dc=\"\" data-v-db60476c=\"\">K\u00f8en er p\u00e5 rundt sju timer, opplyser kongehusets vakter i k\u00f8en til NTB. Den er rundt 1,2 kilometer lang, viser NTBs unders\u00f8kelser.<\/p>\n<p data-v-0ec4b2dc=\"\" data-v-db60476c=\"\">Slottet har utvidet \u00e5pningstidene til klokken 23 i helgen og mandag p\u00e5 grunn av lange k\u00f8er. Tidligere i uken stengte det klokken 18.<\/p>\n<p data-v-0ec4b2dc=\"\" data-v-db60476c=\"\">\u2013 Verter vil informere i k\u00f8en dersom vi ser at det er noen som mest sannsynlig ikke vil rekke \u00e5 komme inn i Slottskapellet denne dagen, skrev Slottet i en pressemelding fredag.<\/p>\n<p data-v-0ec4b2dc=\"\" data-v-db60476c=\"\">Slottskapellet er \u00e5pent fra 10 til 23 l\u00f8rdag, s\u00f8ndag og mandag, mens det er fra 10 til 19 tirsdag. Onsdag er kong Haralds gravferd.<\/p>\n","protected":false},"excerpt":{"rendered":"K\u00f8en er p\u00e5 rundt sju timer, opplyser kongehusets vakter i k\u00f8en til NTB. Den er rundt 1,2 kilometer&hellip;\n","protected":false},"author":2,"featured_media":344784,"comment_status":"","ping_status":"","sticky":false,"template":"","format":"standard","meta":{"footnotes":"","_share_on_mastodon":"0"},"categories":[10],"tags":[20,21,24,25,15,22,23,13,30,28,29,14,16,26,27],"class_list":["post-344783","post","type-post","status-publish","format-standard","has-post-thumbnail","category-norge","tag-breaking-news","tag-breakingnews","tag-featured-news","tag-featurednews","tag-headlines","tag-latest-news","tag-latestnews","tag-news","tag-no","tag-norge","tag-norway","tag-nyheter","tag-overskrifter","tag-top-stories","tag-topstories"],"share_on_mastodon":{"url":"https:\/\/pubeurope.com\/@no\/117218063741313329","error":""},"_links":{"self":[{"href":"https:\/\/www.europesays.com\/no\/wp-json\/wp\/v2\/posts\/344783","targetHints":{"allow":["GET"]}}],"collection":[{"href":"https:\/\/www.europesays.com\/no\/wp-json\/wp\/v2\/posts"}],"about":[{"href":"https:\/\/www.europesays.com\/no\/wp-json\/wp\/v2\/types\/post"}],"author":[{"embeddable":true,"href":"https:\/\/www.europesays.com\/no\/wp-json\/wp\/v2\/users\/2"}],"replies":[{"embeddable":true,"href":"https:\/\/www.europesays.com\/no\/wp-json\/wp\/v2\/comments?post=344783"}],"version-history":[{"count":0,"href":"https:\/\/www.europesays.com\/no\/wp-json\/wp\/v2\/posts\/344783\/revisions"}],"wp:featuredmedia":[{"embeddable":true,"href":"https:\/\/www.europesays.com\/no\/wp-json\/wp\/v2\/media\/344784"}],"wp:attachment":[{"href":"https:\/\/www.europesays.com\/no\/wp-json\/wp\/v2\/media?parent=344783"}],"wp:term":[{"taxonomy":"category","embeddable":true,"href":"https:\/\/www.europesays.com\/no\/wp-json\/wp\/v2\/categories?post=344783"},{"taxonomy":"post_tag","embeddable":true,"href":"https:\/\/www.europesays.com\/no\/wp-json\/wp\/v2\/tags?post=344783"}],"curies":[{"name":"wp","href":"https:\/\/api.w.org\/{rel}","templated":true}]}}