{"id":344785,"date":"2026-09-05T10:54:12","date_gmt":"2026-09-05T10:54:12","guid":{"rendered":"https:\/\/www.europesays.com\/no\/344785\/"},"modified":"2026-09-05T10:54:12","modified_gmt":"2026-09-05T10:54:12","slug":"nevner-atomvapen-i-uttalelse-om-norge","status":"publish","type":"post","link":"https:\/\/www.europesays.com\/no\/344785\/","title":{"rendered":"Nevner atomv\u00e5pen i uttalelse om Norge"},"content":{"rendered":"<p class=\"kicker t15 font-weight-bold m-font-weight-bold color_mobile_no_bg_color quaternary color_mobile_quaternary font-Trim text-case-transform-upper mobile-hasTextPadding hasTextColor hasTextColorMobile\" style=\"\">Nyheter<\/p>\n<p class=\"subtitle tm18\" style=\"\">Norge avtale med Ukraina om produksjon av ukrainske droner p\u00e5 norsk jord tvinger\u00a0Russland til mottiltak, if\u00f8lge den russiske ambassaden i Oslo.\u00a0<\/p>\n<p>\n        AMBASSAD\u00d8R: Nikolay Korchunov er Russlands ambassad\u00f8r til Norge.<br \/>\n        Foto: Ole Berg-Rusten, NTB\n    <\/p>\n<p>Russlands ambassade i Oslo advarer om at norsk v\u00e5penproduksjon for Ukraina \u00f8ker sikkerhetsrisikoen for Norge og viser til atomv\u00e5pen i sin uttalelse.<\/p>\n<p>Det melder <a href=\"https:\/\/www.nettavisen.no\/nyheter\/russlands-ambassade-trekker-fram-atomvapen-i-krass-uttalelse-om-norge\/s\/80-95-54908\" target=\"_blank\" rel=\"noopener nofollow\">Nettavisen.<\/a><\/p>\n<p>Bakgrunnen er en tilsvarende advarsel fra Russlands ambassad\u00f8r i Danmark, som hevdet at dansk produksjon av milit\u00e6rt materiell for Ukraina har \u00f8kt sikkerhetsrisikoen for landet.<\/p>\n<p>Norge inngikk tidligere i \u00e5r en avtale med Ukraina om produksjon av ukrainske droner p\u00e5 norsk jord. Den russiske ambassaden i Oslo skriver til Nettavisen at slik produksjon tvinger Russland til mottiltak.<\/p>\n<p>\u2013 Masseproduksjon, levering og bruk av slike v\u00e5pen tvinger den russiske siden til \u00e5 iverksette strenge og effektive mottiltak og f\u00f8rer til en eskalering av konflikten, noe som \u00f8ker risikoen for at den utvides og til slutt kan f\u00f8re til en direkte milit\u00e6r konflikt i Europa med katastrofale konsekvenser, skriver ambassaden.<\/p>\n<p>De advarer videre om konsekvensene av en storskala konflikt mellom Russland og Nato.<\/p>\n<p>\u2013 Trenger det \u00e5 forklares at en eventuell storstilt konflikt mellom Russland og Nato, som begge besitter enorme kjernefysiske kapasiteter, og som utl\u00f8ses av fiendtlige handlinger fra en aggressiv blokk, b\u00f8r betraktes som en betydelig sikkerhetsrisiko ikke bare for Norge og Europa, men for hele menneskeheten? skriver ambassaden.<\/p>\n","protected":false},"excerpt":{"rendered":"Nyheter Norge avtale med Ukraina om produksjon av ukrainske droner p\u00e5 norsk jord tvinger\u00a0Russland til mottiltak, if\u00f8lge den&hellip;\n","protected":false},"author":2,"featured_media":344786,"comment_status":"","ping_status":"","sticky":false,"template":"","format":"standard","meta":{"footnotes":"","_share_on_mastodon":"0"},"categories":[5],"tags":[20,21,24,25,15,19,22,23,17,18,13,30,28,29,14,16,26,27],"class_list":["post-344785","post","type-post","status-publish","format-standard","has-post-thumbnail","category-overskrifter","tag-breaking-news","tag-breakingnews","tag-featured-news","tag-featurednews","tag-headlines","tag-hovedoppslag","tag-latest-news","tag-latestnews","tag-main-news","tag-mainnews","tag-news","tag-no","tag-norge","tag-norway","tag-nyheter","tag-overskrifter","tag-top-stories","tag-topstories"],"share_on_mastodon":{"url":"https:\/\/pubeurope.com\/@no\/117218067530129848","error":""},"_links":{"self":[{"href":"https:\/\/www.europesays.com\/no\/wp-json\/wp\/v2\/posts\/344785","targetHints":{"allow":["GET"]}}],"collection":[{"href":"https:\/\/www.europesays.com\/no\/wp-json\/wp\/v2\/posts"}],"about":[{"href":"https:\/\/www.europesays.com\/no\/wp-json\/wp\/v2\/types\/post"}],"author":[{"embeddable":true,"href":"https:\/\/www.europesays.com\/no\/wp-json\/wp\/v2\/users\/2"}],"replies":[{"embeddable":true,"href":"https:\/\/www.europesays.com\/no\/wp-json\/wp\/v2\/comments?post=344785"}],"version-history":[{"count":0,"href":"https:\/\/www.europesays.com\/no\/wp-json\/wp\/v2\/posts\/344785\/revisions"}],"wp:featuredmedia":[{"embeddable":true,"href":"https:\/\/www.europesays.com\/no\/wp-json\/wp\/v2\/media\/344786"}],"wp:attachment":[{"href":"https:\/\/www.europesays.com\/no\/wp-json\/wp\/v2\/media?parent=344785"}],"wp:term":[{"taxonomy":"category","embeddable":true,"href":"https:\/\/www.europesays.com\/no\/wp-json\/wp\/v2\/categories?post=344785"},{"taxonomy":"post_tag","embeddable":true,"href":"https:\/\/www.europesays.com\/no\/wp-json\/wp\/v2\/tags?post=344785"}],"curies":[{"name":"wp","href":"https:\/\/api.w.org\/{rel}","templated":true}]}}