{"id":344793,"date":"2026-09-05T11:01:26","date_gmt":"2026-09-05T11:01:26","guid":{"rendered":"https:\/\/www.europesays.com\/no\/344793\/"},"modified":"2026-09-05T11:01:26","modified_gmt":"2026-09-05T11:01:26","slug":"fiskere-raser-skittent-spill","status":"publish","type":"post","link":"https:\/\/www.europesays.com\/no\/344793\/","title":{"rendered":"Fiskere raser: &#8211; Skittent spill"},"content":{"rendered":"<p>Fredag klokka 12 innf\u00f8rte politiet i Nordland ferdselsforbud p\u00e5 And\u00f8ya i forbindelse med rakettoppskyting fra And\u00f8ya Space.<\/p>\n<p>Planen var \u00e5 nok en gang sende raketten\u00a0Spectrum 2 opp i bane, en operasjon som mildt sagt krever mye plass. Fredagens rakettoppskyting, dette sjette fors\u00f8ket, ble riktignok avlyst &#8211; trolig grunnet d\u00e5rlig v\u00e6r.\u00a0<\/p>\n<p>Det ble <a href=\"https:\/\/www.politiet.no\/nyheter-og-presse\/nordland\/nyhet\/2026-09-01\/ferdselsforbud-pa-andoya-i-forbindelse-med-rakettoppskytning-fra-andoya-space?nyhetsmelding=0\" rel=\"nofollow noopener\" target=\"_blank\">i en pressemelding fra politiet<\/a> meldt at ferdselsforbudet skulle gjelde til og med 11. september, p\u00e5 land og til havs. P\u00e5 hjemmesidene til And\u00f8ya Space st\u00e5r det fremdeles at det er planlagt oppskytningsaktivitet i dette tidsrommet.<\/p>\n<p>    <a itemprop=\"url\" href=\"https:\/\/www.dagbladet.no\/nyheter\/fisker-raser-faen-ikke-mulig\/83763961\" rel=\"nofollow noopener\" target=\"_blank\"><\/p>\n<p>        <img loading=\"lazy\" decoding=\"async\" src=\"https:\/\/www.europesays.com\/no\/wp-content\/uploads\/2026\/09\/83770439.webp\" width=\"180\" height=\"81\" alt=\"\" class=\"lazyload\" style=\"--aspect-ratio-image: 2.22; \"\/><\/p>\n<p>        Fisker raser: &#8211; Faen ikke mulig<\/p>\n<p>    <\/a><\/p>\n<p>P\u00e5 And\u00f8ya skaper de gjentatte ferdselsforbudene uro blant fiskere.<\/p>\n<p>&#8211; N\u00e5 kan de i praksis sende opp en satellitt hvert tolvte dag. Skulle det \u00f8ke utover det, er havet stengt. Disse ferdselsforbudene kommer p\u00e5 toppen av alt det andre som And\u00f8ya Space gj\u00f8r, med oppskyting av forskningsraketter og Forsvarets v\u00e5pentesting. Det gj\u00f8r at totalbelastningen blir for stor p\u00e5 And\u00f8ya.<\/p>\n<p>Det sier Rune Solvang, som har v\u00e6rt fisker p\u00e5 And\u00f8ya i 35 \u00e5r.<\/p>\n<p class=\"italic m-italic\" data-lab-italic=\"italic\">And\u00f8ya Space har blitt forelagt kritikken som kommer fram i denne saken. Les tilsvaret fra dem lenger ned i saken.<\/p>\n<p>        <img loading=\"lazy\" decoding=\"async\" src=\"https:\/\/www.europesays.com\/no\/wp-content\/uploads\/2026\/09\/85098160.webp\" width=\"667\" height=\"627\" alt=\"\" class=\"\" style=\"--aspect-ratio-image: 1.06; \"\/><\/p>\n<p>\n        FORBUDT SONE: Kart over forbudssoner p\u00e5 land og til havs p\u00e5 And\u00f8ya i henhold til forbudet som gjelder fra 4. til 11. september. Foto: Politiet\n    <\/p>\n<p>\u00abBrudd p\u00e5 sikkerhetssona\u00bb\t<\/p>\n<p>I mars ble et fors\u00f8k p\u00e5 rakettoppskyting p\u00e5 And\u00f8ya Space avlyst i siste sekund.<\/p>\n<p>If\u00f8lge Isar Aerospace var \u00e5rsaken et brudd p\u00e5 sikkerhetssonen som var innf\u00f8rt i forbindelse med oppskytingen.<\/p>\n<p>&#8211; Etter et opphold i nedtellingen, grunnet et brudd p\u00e5 sikkerhetssona av en uautorisert b\u00e5t, overskred den nye nedtellingen tidsrammen for oppskytningsvinduet v\u00e5rt, skrev Isar Aerospace i en pressemelding den gang.<\/p>\n<p>        <img loading=\"lazy\" decoding=\"async\" src=\"https:\/\/www.europesays.com\/no\/wp-content\/uploads\/2026\/09\/85111371.webp\" width=\"686\" height=\"460\" alt=\"\" class=\"\" style=\"--aspect-ratio-image: 1.49; \"\/><\/p>\n<p>\n        EKSPLODERTE: \u00abSpectrum\u00bb-raketten fra tyske Isar Aerospace styrtet og eksploderte rundt 20 sekunder etter oppskytingen fra And\u00f8ya 30. mars 2025. Foto: Simon Fischer \/ Isar Aerospace \/ handout \/ NTB\n    <\/p>\n<p>Fors\u00f8ket skjedde under det som beskrives som en av de beste fiskeukene i \u00e5ret.\u00a0<\/p>\n<p>Store mengder skrei kommer til Lofoten og Vester\u00e5len fra Barentshavet for \u00e5 gyte i februar og mars.<\/p>\n<p>Fiskere reagerte ogs\u00e5 den gang p\u00e5 hvordan aktiviteten begrenser muligheten deres til \u00e5 gj\u00f8re jobben.<\/p>\n<p>Ketil Olsen, administrerende direkt\u00f8r i And\u00f8ya Space Center, sa til <a href=\"https:\/\/www.dagbladet.no\/nyheter\/nabokrangel-i-nord-amatormessig\/84421489\" rel=\"nofollow noopener\" target=\"_blank\">Dagbladet<\/a> at han var uenig i at det foregikk en nabokrangel mellom dem og fiskerne.<\/p>\n<p>        <img loading=\"lazy\" decoding=\"async\" src=\"https:\/\/www.europesays.com\/no\/wp-content\/uploads\/2026\/09\/85108432.webp\" width=\"667\" height=\"1001\" alt=\"\" class=\"\" style=\"--aspect-ratio-image: 0.67; \"\/><\/p>\n<p>\n        TIL V\u00c6RS: En vitenskapelig rakett skytes opp fra And\u00f8ya. Fredag innf\u00f8res ferdselsforbud p\u00e5 land og til havs i forbindelse med en ny planlagt rakettoppskyting. Foto: Terje Mortensen \/ NTB\n    <\/p>\n<p>&#8211; Skittent spill\t<\/p>\n<p>Overtredelse av ferdselsforbudet som tr\u00e5dte i kraft fredag er straffbart, het det i pressemeldinga fra politiet.<\/p>\n<p>Robert Brun fra \u00d8ksnes, s\u00f8rvest for And\u00f8ya, reagerer p\u00e5 at fiskerne risikerer \u00e5 bli b\u00f8telagt.<\/p>\n<p>&#8211; Det er ikke romslige l\u00f8sninger, og det har enorme ringvirkninger. Det er ikke bare vi p\u00e5 fiskeb\u00e5ten som rammes. For eksempel blir fiskebrukene og langtransporten p\u00e5virket. De driver med skittent spill, og n\u00e5 blir vi truet for \u00e5 dra p\u00e5 jobb, sier Brun.<\/p>\n<p>        <img loading=\"lazy\" decoding=\"async\" src=\"https:\/\/www.europesays.com\/no\/wp-content\/uploads\/2026\/09\/85106355.webp\" width=\"686\" height=\"1029\" alt=\"\" class=\"\" style=\"--aspect-ratio-image: 0.67; \"\/><\/p>\n<p>\n        FISKER: Robert Brun fra \u00d8ksnes har fisket mye i farvannene ved And\u00f8ya. Foto: Privat\n    <\/p>\n<p>Om nedtellingen hadde g\u00e5tt som planlagt, ville ferdselsforbudet til havs gjelde fra klokka 20 til 24 den aktuelle dagen.\u00a0<\/p>\n<p>Fart\u00f8yer i omr\u00e5det fikk fra klokka 20 til 21 p\u00e5 \u00e5 komme seg ut.<\/p>\n<p>&#8211; Vi ror med line, og da m\u00e5 vi ha klart ferdigtinet agn til \u00e5 dra p\u00e5 sj\u00f8en. Samtidig er vi veldig vind- og v\u00e6ravhengig. Er det d\u00e5rlig v\u00e6r, kan vi ikke dra ut. Vi har ikke god tid p\u00e5 oss, sier Brun.<\/p>\n<p>        <img loading=\"lazy\" decoding=\"async\" src=\"https:\/\/www.europesays.com\/no\/wp-content\/uploads\/2026\/09\/85103959.webp\" width=\"686\" height=\"460\" alt=\"\" class=\"\" style=\"--aspect-ratio-image: 1.49; \"\/><\/p>\n<p>\n        P\u00c5 STEDET HVIL: \u00abSpectrum\u00bb-raketten sto klar til utskyting p\u00e5 And\u00f8ya i mars. Den kom seg aldri av g\u00e5rde. Foto: Isar Aerospace \/ Direktoratet for romvirksomhet\n    <\/p>\n<p>30 oppskytinger \u00e5rlig\t<\/p>\n<p>And\u00f8ya Spaceport ble formelt romhavnoperat\u00f8r i 2024.\u00a0<\/p>\n<p>Luftfartstilsynet har gitt tillatelse til 30 oppskytinger i \u00e5ret, hvorav opptil fire kan skje p\u00e5 natta.<\/p>\n<p>    <a itemprop=\"url\" href=\"https:\/\/www.dagbladet.no\/nyheter\/russland-reagerer-pa-svalbard-beslag-piratvirksomhet\/85103945\" rel=\"nofollow noopener\" target=\"_blank\"><\/p>\n<p>        <img loading=\"lazy\" decoding=\"async\" src=\"https:\/\/www.europesays.com\/no\/wp-content\/uploads\/2026\/09\/1788606082_90_85103975.webp\" width=\"180\" height=\"81\" alt=\"\" class=\"lazyload\" style=\"--aspect-ratio-image: 2.22; \"\/><\/p>\n<p>        Russland reagerer p\u00e5 Svalbard-beslag: &#8211; Piratvirksomhet<\/p>\n<p>    <\/a><\/p>\n<p>30. mars 2025 ble den f\u00f8rste \u00abSpectrum\u00bb-raketten skutt opp fra And\u00f8ya. Isar Aerospace kalte oppskytingen vellykket, selv om raketten styrtet i havet etter 30 sekunder.<\/p>\n<p>Fiskerne mener de tidvis blir framstilt som problemet.<\/p>\n<p>        <img loading=\"lazy\" decoding=\"async\" src=\"https:\/\/www.europesays.com\/no\/wp-content\/uploads\/2026\/09\/85106354.webp\" width=\"686\" height=\"769\" alt=\"\" class=\"\" style=\"--aspect-ratio-image: 0.89; \"\/><\/p>\n<p>\n        N\u00c6RING: Med autolineb\u00e5ten \u00abLive Elise\u00bb drar Robert Brun ut p\u00e5 havet for \u00e5 dra opp fisk. Han en bekymret for hvordan arbeidsmulighetene skal bli p\u00e5 And\u00f8ya framover. Foto: Privat\n    <\/p>\n<p>Da et seinere fors\u00f8k p\u00e5 \u00e5 sende opp \u00abSpectrum\u00bb ble avlyst, avviste skipper Olafur Einarsson overfor <a href=\"https:\/\/www.kystogfjord.no\/nyheter\/n\/d447GB\/vi-hadde-vase-paa-bruket\" rel=\"nofollow noopener\" target=\"_blank\">Fiskeriavisa Kyst og Fjord<\/a> at fiskerne fors\u00f8kte \u00e5 sabotere oppskytingen.<\/p>\n<p>&#8211; Jeg vet ikke om noen som har planlagt noen sabotasje. Dette er v\u00e5r arbeidsplass, driver vi sabotasje om vi g\u00e5r p\u00e5 jobb? Det kan jeg ikke forst\u00e5 at noen tror. Om det blir forsinkelse for oss, s\u00e5 er det ikke noen sabotasje, vi gj\u00f8r v\u00e5r jobb og de gj\u00f8r sin, sa Einarsson til avisa.<\/p>\n<p>Brun peker ogs\u00e5 p\u00e5 kostnaden ved \u00e5 flytte fisket.<\/p>\n<p class=\"font-weight-bold m-font-weight-bold\" data-lab-font_weight=\"font-weight-bold\">&#8211; Vi er all time p\u00e5 drivstoffpriser. Det er sinnsykt dyrt \u00e5 dra et annet sted.<\/p>\n<p>        <img loading=\"lazy\" decoding=\"async\" src=\"https:\/\/www.europesays.com\/no\/wp-content\/uploads\/2026\/09\/85105159.webp\" width=\"686\" height=\"453\" alt=\"\" class=\"\" style=\"--aspect-ratio-image: 1.51; \"\/><\/p>\n<p>\n        V\u00c5PENTESTING: Bildet er fra \u00f8velse S\u00f8lvpil p\u00e5 Nordmela skytefelt p\u00e5 And\u00f8ya i juni 2023. Her skyter luftvernsystemet NASAMS II p\u00e5 ei drone med skarpe missiler. Foto: Martin Mellquist \/ Forsvaret\n    <\/p>\n<p>&#8211; Fiske er det vi lever av\t<\/p>\n<p>Solvang understreker at fiskerne ikke er motstandere av forskning eller aktiviteten ved And\u00f8ya Space.\u00a0<\/p>\n<p>Kritikken handler om omfanget og konsekvensene for fisket. Han kaller ferdselsforbudet \u00abdr\u00f8yt\u00bb.<\/p>\n<p>I pressemeldingen forklarer politiet hvorfor forbudet ogs\u00e5 omfatter havomr\u00e5dene:<\/p>\n<p>\u00abFerdselsforbudet opprettes for \u00e5 ivareta sikkerheten under operasjon under ledelse av And\u00f8ya Space. Da det tidligere har v\u00e6rt tilfeller av aktivitet i havomr\u00e5det innenfor sikkerhetssonen, har politiet etter anmodning fra And\u00f8ya Space valgt \u00e5 utvide ferdselsforbudet til \u00e5 ogs\u00e5 gjelde havomr\u00e5dene som er innenfor sikkerhetssonen\u00bb.<\/p>\n<p>I pressemeldingen forklarer politiet hvorfor forbudet ogs\u00e5 omfatter havomr\u00e5dene:<\/p>\n<p class=\"italic m-italic\" data-lab-italic=\"italic\">\u00abFerdselsforbudet opprettes for \u00e5 ivareta sikkerheten under operasjon under ledelse av And\u00f8ya Space.\u00a0<\/p>\n<p class=\"italic m-italic\" data-lab-italic=\"italic\">Da det tidligere har v\u00e6rt tilfeller av aktivitet i havomr\u00e5det innenfor sikkerhetssonen, har politiet etter anmodning fra And\u00f8ya Space valgt \u00e5 utvide ferdselsforbudet til \u00e5 ogs\u00e5 gjelde havomr\u00e5dene som er innenfor sikkerhetssonen\u00bb.<\/p>\n<p>        <img loading=\"lazy\" decoding=\"async\" src=\"https:\/\/www.europesays.com\/no\/wp-content\/uploads\/2026\/09\/85104998.webp\" width=\"686\" height=\"515\" alt=\"\" class=\"\" style=\"--aspect-ratio-image: 1.33; \"\/><\/p>\n<p>\n        ROMHAVN: Bildet ble gitt ut av Isar Aerospace i forbindelse med deres f\u00f8rste oppskytingsfors\u00f8k av raketten \u00abSpectrum\u00bb fra And\u00f8ya Spaceport i mars 2025. Foto: Simon Fisher \/ Wingman Media \/ Isar Aerospace \/ Handout \/ NTB\n    <\/p>\n<p>&#8211; Det er selvf\u00f8lgelig viktig at de ivaretar sikkerheten, men man m\u00e5 kunne spre aktiviteten utover landet slik at det ikke blir trykk p\u00e5 ett fiskeomr\u00e5de, sier Solvang.<\/p>\n<p>Han legger til:<\/p>\n<p>&#8211; Vi er fullt klar over at det er voldsom prestisje med tanke p\u00e5 \u00e5 f\u00e5 skutt opp satellitter p\u00e5 And\u00f8ya Space. Men vi kan ikke gi opp det som er det beste fiskeomr\u00e5det. Fiske er det vi lever av.<\/p>\n<p>        <img loading=\"lazy\" decoding=\"async\" src=\"https:\/\/www.europesays.com\/no\/wp-content\/uploads\/2026\/09\/85105087.webp\" width=\"686\" height=\"460\" alt=\"\" class=\"\" style=\"--aspect-ratio-image: 1.49; \"\/><\/p>\n<p>\n        FISKEGRUNNLAG: Farvannene rundt And\u00f8ya er kjent for \u00e5 ha gode muligheter for ferskvannsfiske og havfiske. Her er Andenes by, som ligger nord p\u00e5 And\u00f8ya, sett fra fjellet Andehue. Foto: Tore Meek \/ NTB\n    <\/p>\n<p>N\u00e5 g\u00e5r omr\u00e5det inn mot sildesesongen.<\/p>\n<p>&#8211; Det er ikke torskesesong n\u00e5, men vi g\u00e5r mot en sildesesong, som betyr at det vil komme b\u00e5ter fra hele landet hit. Da er det enorme verdier som dras opp, sier Solvang.<\/p>\n<p>    Dette svarer And\u00f8ya Space:<\/p>\n<p> Dagbladet B\u00f8rsen har forelagt kritikken som framkommer i denne saken overfor And\u00f8ya Space.\u00a0<\/p>\n<p class=\"font-weight-normal m-font-weight-normal\" data-lab-font_weight=\"font-weight-normal\">I en e-post til oss skriver Eva-Mari Rahkola, fiskeri- og myndighetskontakt ved And\u00f8ya Space, f\u00f8lgende:\u00a0<\/p>\n<p class=\"font-weight-normal m-font-weight-normal italic m-italic\" data-lab-font_weight=\"font-weight-normal\" data-lab-italic=\"italic\">&#8211;\u00a0Hva er deres kommentar til kritikken?<\/p>\n<p>&#8211; Vi har forst\u00e5else for at fiskerne opplever utfordringer n\u00e5r det innf\u00f8res midlertidige restriksjoner. Samtidig er sikkerhet en grunnleggende forutsetning for all oppskytingsvirksomhet. V\u00e5rt m\u00e5l er \u00e5 finne l\u00f8sninger som gj\u00f8r sameksistens mellom romvirksomhet og fiskeri mulig gjennom dialog og samarbeid.<\/p>\n<p>&#8211;\u00a0Hva slags aktivitet ved And\u00f8ya Space f\u00f8rer til begrensninger for fisken\u00e6ringen?<\/p>\n<p>&#8211; Det er viktig \u00e5 skille mellom ulike typer aktivitet. And\u00f8ya Space legger til rette for blant annet forsvars- og \u00f8vingsaktivitet, forskningsraketter og orbitale oppskytinger. Fareomr\u00e5dene er ikke permanente, men etableres i begrensede tidsrom n\u00e5r sikkerhetshensyn krever det. Varigheten og omfanget av restriksjonene avhenger av den konkrete aktiviteten.<\/p>\n<p class=\"italic m-italic\" data-lab-italic=\"italic\">&#8211; Hvor ofte skjer slik aktivitet?<\/p>\n<p>&#8211; Oppskytinger gjennomf\u00f8res i avgrensede kampanjer og tidsvinduer, ikke som kontinuerlig aktivitet. Et oppskytingsvindu betyr heller ikke at restriksjoner gjelder kontinuerlig gjennom hele perioden, da aktivitet kan bli utsatt eller flyttet av operative, tekniske eller v\u00e6rmessige \u00e5rsaker.<\/p>\n<p class=\"italic m-italic\" data-lab-italic=\"italic\">&#8211; Hvordan jobber And\u00f8ya Space for \u00e5 sameksistere med fiskerin\u00e6ringen?<\/p>\n<p>Dialog og tydelig informasjon til ber\u00f8rte grupper en viktig del av forberedelsene. Vi skal v\u00e6re s\u00e5 forutsigbare som mulig og s\u00f8ke gode l\u00f8sninger sammen med dem som ber\u00f8res, samtidig som n\u00f8dvendige sikkerhetskrav ivaretas.<\/p>\n<p class=\"italic m-italic\" data-lab-italic=\"italic\">&#8211;\u00a0Hva er kommentaren til p\u00e5standen om \u00abskittent spill\u00bb og frykt for b\u00f8ter?<\/p>\n<p>&#8211; Vi har forst\u00e5else for at restriksjonene oppleves krevende. Samtidig er sikkerhetssonene etablert for \u00e5 beskytte mennesker, fart\u00f8y og annen aktivitet under oppskytingsoperasjoner. Dette handler ikke om \u00e5 hindre fiskere i \u00e5 utf\u00f8re sitt arbeid, men om \u00e5 ivareta sikkerheten n\u00e5r denne typen aktivitet gjennomf\u00f8res.<\/p>\n<p class=\"italic m-italic\" data-lab-italic=\"italic\">&#8211; Er det noe annet dere vil tilf\u00f8ye?<\/p>\n<p>&#8211; Romvirksomhet og fiskeri er begge viktige n\u00e6ringer for And\u00f8ya. Vi mener sameksistens er mulig, og vil fortsette arbeidet med \u00e5 finne gode l\u00f8sninger gjennom dialog, koordinering og forutsigbarhet for alle som bruker havomr\u00e5dene rundt And\u00f8ya. <\/p>\n<p>      Vis mer<br \/>\n      Vis mindre<\/p>\n","protected":false},"excerpt":{"rendered":"Fredag klokka 12 innf\u00f8rte politiet i Nordland ferdselsforbud p\u00e5 And\u00f8ya i forbindelse med rakettoppskyting fra And\u00f8ya Space. Planen&hellip;\n","protected":false},"author":2,"featured_media":344794,"comment_status":"","ping_status":"","sticky":false,"template":"","format":"standard","meta":{"footnotes":"","_share_on_mastodon":"0"},"categories":[10],"tags":[3396,20,21,24,25,3288,15,22,23,13,30,28,29,14,16,26,27],"class_list":["post-344793","post","type-post","status-publish","format-standard","has-post-thumbnail","category-norge","tag-andoya","tag-breaking-news","tag-breakingnews","tag-featured-news","tag-featurednews","tag-fiskeri","tag-headlines","tag-latest-news","tag-latestnews","tag-news","tag-no","tag-norge","tag-norway","tag-nyheter","tag-overskrifter","tag-top-stories","tag-topstories"],"share_on_mastodon":{"url":"https:\/\/pubeurope.com\/@no\/117218095925888939","error":""},"_links":{"self":[{"href":"https:\/\/www.europesays.com\/no\/wp-json\/wp\/v2\/posts\/344793","targetHints":{"allow":["GET"]}}],"collection":[{"href":"https:\/\/www.europesays.com\/no\/wp-json\/wp\/v2\/posts"}],"about":[{"href":"https:\/\/www.europesays.com\/no\/wp-json\/wp\/v2\/types\/post"}],"author":[{"embeddable":true,"href":"https:\/\/www.europesays.com\/no\/wp-json\/wp\/v2\/users\/2"}],"replies":[{"embeddable":true,"href":"https:\/\/www.europesays.com\/no\/wp-json\/wp\/v2\/comments?post=344793"}],"version-history":[{"count":0,"href":"https:\/\/www.europesays.com\/no\/wp-json\/wp\/v2\/posts\/344793\/revisions"}],"wp:featuredmedia":[{"embeddable":true,"href":"https:\/\/www.europesays.com\/no\/wp-json\/wp\/v2\/media\/344794"}],"wp:attachment":[{"href":"https:\/\/www.europesays.com\/no\/wp-json\/wp\/v2\/media?parent=344793"}],"wp:term":[{"taxonomy":"category","embeddable":true,"href":"https:\/\/www.europesays.com\/no\/wp-json\/wp\/v2\/categories?post=344793"},{"taxonomy":"post_tag","embeddable":true,"href":"https:\/\/www.europesays.com\/no\/wp-json\/wp\/v2\/tags?post=344793"}],"curies":[{"name":"wp","href":"https:\/\/api.w.org\/{rel}","templated":true}]}}