{"id":344801,"date":"2026-09-05T11:07:15","date_gmt":"2026-09-05T11:07:15","guid":{"rendered":"https:\/\/www.europesays.com\/no\/344801\/"},"modified":"2026-09-05T11:07:15","modified_gmt":"2026-09-05T11:07:15","slug":"zelenskyj-fordommer-russiske-angrep-mot-flyplasser","status":"publish","type":"post","link":"https:\/\/www.europesays.com\/no\/344801\/","title":{"rendered":"Zelenskyj ford\u00f8mmer russiske angrep mot flyplasser"},"content":{"rendered":"<p class=\"kicker t16 tm16 font-NotoSans\" style=\"\">Verden<\/p>\n<p class=\"subtitle t21 font-NotoSans\" style=\"\">Russland har angrepet to flyplasser, den ene i Kyiv, dagen f\u00f8r to amerikanske utsendinger er ventet til landet, opplyser president Volodymyr Zelenskyj.<\/p>\n<p>\n        En ukrainsk brannmann ved et delvis \u00f8delagt lagerbygg etter et russisk droneangrep i utkanten av Kyiv fredag.<br \/>\n        Francisco Seco \/ AP \/ NTB\n    <\/p>\n<p>\u2013 Disse russiske angrepene er tydeligvis en reaksjon p\u00e5 diskusjonene og forberedelsene til at den amerikanske parten muligens bruker fly for \u00e5 reise til Ukraina og eventuelt lander p\u00e5 flyplassen i Kyiv eller Boryspil, skriver Zelenskyj p\u00e5 Telegram.<\/p>\n<p>Boryspil er en by like ved Kyiv, og Russland angrep l\u00f8rdag ogs\u00e5 denne flyplassen, if\u00f8lge Zelenskyj. Begge skal ha blitt truffet av ballistiske missiler.<\/p>\n<p>L\u00f8rdag blir det ogs\u00e5 meldt at fem personer er drept i et russisk missilangrep mot et st\u00e5lverk i Dnipro \u00f8st i landet. Et produksjonsanlegg og infrastruktur er \u00f8delagt, og st\u00e5lverket stengt, opplyser st\u00e5lprodusenten Metinvest.<\/p>\n<p>If\u00f8lge selskapet produserte st\u00e5lverket kun st\u00e5l for sivile form\u00e5l.<\/p>\n<p>Ukrainas luftrom har v\u00e6rt stengt siden Russland invaderte landet i februar 2022, men i forbindelse med at Trump-utsendingene Steve Witkoff og Jared Kushner er ventet til landet, er det blitt diskutert om de kan ankomme med fly.<\/p>\n<p>De to skal f\u00f8rst til Moskva, der de if\u00f8lge ubekreftede meldinger landet l\u00f8rdag formiddag.<\/p>\n","protected":false},"excerpt":{"rendered":"Verden Russland har angrepet to flyplasser, den ene i Kyiv, dagen f\u00f8r to amerikanske utsendinger er ventet til&hellip;\n","protected":false},"author":2,"featured_media":344802,"comment_status":"","ping_status":"","sticky":false,"template":"","format":"standard","meta":{"footnotes":"","_share_on_mastodon":"0"},"categories":[12],"tags":[20,21,24,25,15,22,23,13,30,28,29,14,16,26,27,42,43,44,45],"class_list":["post-344801","post","type-post","status-publish","format-standard","has-post-thumbnail","category-verden","tag-breaking-news","tag-breakingnews","tag-featured-news","tag-featurednews","tag-headlines","tag-latest-news","tag-latestnews","tag-news","tag-no","tag-norge","tag-norway","tag-nyheter","tag-overskrifter","tag-top-stories","tag-topstories","tag-verden","tag-world","tag-world-news","tag-worldnews"],"share_on_mastodon":{"url":"https:\/\/pubeurope.com\/@no\/117218118729198635","error":""},"_links":{"self":[{"href":"https:\/\/www.europesays.com\/no\/wp-json\/wp\/v2\/posts\/344801","targetHints":{"allow":["GET"]}}],"collection":[{"href":"https:\/\/www.europesays.com\/no\/wp-json\/wp\/v2\/posts"}],"about":[{"href":"https:\/\/www.europesays.com\/no\/wp-json\/wp\/v2\/types\/post"}],"author":[{"embeddable":true,"href":"https:\/\/www.europesays.com\/no\/wp-json\/wp\/v2\/users\/2"}],"replies":[{"embeddable":true,"href":"https:\/\/www.europesays.com\/no\/wp-json\/wp\/v2\/comments?post=344801"}],"version-history":[{"count":0,"href":"https:\/\/www.europesays.com\/no\/wp-json\/wp\/v2\/posts\/344801\/revisions"}],"wp:featuredmedia":[{"embeddable":true,"href":"https:\/\/www.europesays.com\/no\/wp-json\/wp\/v2\/media\/344802"}],"wp:attachment":[{"href":"https:\/\/www.europesays.com\/no\/wp-json\/wp\/v2\/media?parent=344801"}],"wp:term":[{"taxonomy":"category","embeddable":true,"href":"https:\/\/www.europesays.com\/no\/wp-json\/wp\/v2\/categories?post=344801"},{"taxonomy":"post_tag","embeddable":true,"href":"https:\/\/www.europesays.com\/no\/wp-json\/wp\/v2\/tags?post=344801"}],"curies":[{"name":"wp","href":"https:\/\/api.w.org\/{rel}","templated":true}]}}