{"id":344803,"date":"2026-09-05T11:08:13","date_gmt":"2026-09-05T11:08:13","guid":{"rendered":"https:\/\/www.europesays.com\/no\/344803\/"},"modified":"2026-09-05T11:08:13","modified_gmt":"2026-09-05T11:08:13","slug":"en-film-som-tar-utgangspunkt-i-barnevernet-i-naustdal-kan-bli-norges-neste-oscar-suksess","status":"publish","type":"post","link":"https:\/\/www.europesays.com\/no\/344803\/","title":{"rendered":"En film som tar utgangspunkt i barnevernet i Naustdal kan bli Norges neste Oscar-suksess."},"content":{"rendered":"<p class=\"extendedContent hyperion-css-67x533\" data-test-tag=\"lead-text\">Det er vi som er skurkene i \u00e5rets internasjonale \u00abnorgesfilm\u00bb.<\/p>\n<p><img decoding=\"async\" class=\"image-asset hyperion-css-u06ts1\" data-test-tag=\"image-asset\" src=\"https:\/\/www.europesays.com\/no\/wp-content\/uploads\/2026\/09\/14dadf43-b5a6-3505-a797-d8cc04dadc8e.jpeg\"  alt=\"For ti \u00e5r siden var det store protester mot det norske barnevernet blant annet i Romania. En av sakene som fikk mest oppmerksomhet var fra Naustdal i Sunnfjord.\"  loading=\"eager\" fetchpriority=\"high\" style=\"aspect-ratio:1900 \/ 1268\"\/>For ti \u00e5r siden var det store protester mot det norske barnevernet blant annet i Romania. En av sakene som fikk mest oppmerksomhet var fra Naustdal i Sunnfjord. Foto: Eirik Brekke (arkiv)Publisert: Publisert: <\/p>\n<p>For mindre enn 30 minutter siden<\/p>\n<p class=\"paywall hyperion-css-zwo8lj\">Det er \u00e5rets varmeste dag i Bergen. Jeg sitter i en kinosal p\u00e5 Lagunen og ser en film der folk snakker rumensk \u2013 uten tekst.<\/p>\n<p class=\"paywall hyperion-css-zwo8lj\">Bortsett fra rumenerne jeg h\u00f8rer p\u00e5 vei inn i salen, er det nok bare regiss\u00f8ren p\u00e5 f\u00f8rste rad som forst\u00e5r hva som blir sagt. <\/p>\n<p><img decoding=\"async\" class=\"image-asset hyperion-css-u06ts1\" data-test-tag=\"image-asset\" src=\"https:\/\/www.europesays.com\/no\/wp-content\/uploads\/2026\/09\/1f23f834-49b4-3d87-b55f-28e3468bdfe8.jpeg\"  alt=\"Det norske flagget smeller mot vinduet i bakgrunnen n\u00e5r norsk-rumenske Lisbet (Renate Reinsve) blir opps\u00f8kt av barnevernet.\"  loading=\"eager\" fetchpriority=\"high\" style=\"aspect-ratio:1900 \/ 796\"\/>Det norske flagget smeller mot vinduet i bakgrunnen n\u00e5r norsk-rumenske Lisbet (Renate Reinsve) blir opps\u00f8kt av barnevernet. Foto: Another World Entertainment<\/p>\n<p class=\"paywall hyperion-css-zwo8lj\">For en bergenser f\u00f8les det nesten smertefullt feil \u00e5 g\u00e5 inn i en kj\u00f8pesenterkinosal p\u00e5 en varm sommerdag. Det er som en mental kulturkollisjon \u2013 et kulturkrasj.<\/p>\n<p class=\"paywall hyperion-css-zwo8lj\">\u00abFjord\u00bb handler nettopp om hva som skjer n\u00e5r to kulturer frontkolliderer. <\/p>\n<p class=\"paywall hyperion-css-zwo8lj\">Filmen er inspirert av en barnevernssak i Naustdal i Sunnfjord, og hovedansvaret for sammenst\u00f8tet har den norske velferdsstaten \u2013 dette velmenende monsteret kledd i r\u00f8dt, hvitt og bl\u00e5tt. <\/p>\n<p class=\"hyperion-css-1qm9e9t\">Les hele saken med abonnement<\/p>\n<p>Allerede abonnent? Logg inn<\/p>\n","protected":false},"excerpt":{"rendered":"Det er vi som er skurkene i \u00e5rets internasjonale \u00abnorgesfilm\u00bb. For ti \u00e5r siden var det store protester&hellip;\n","protected":false},"author":2,"featured_media":344804,"comment_status":"","ping_status":"","sticky":false,"template":"","format":"standard","meta":{"footnotes":"","_share_on_mastodon":"0"},"categories":[10],"tags":[20,21,24,25,15,22,23,13,30,28,29,14,16,26,27],"class_list":["post-344803","post","type-post","status-publish","format-standard","has-post-thumbnail","category-norge","tag-breaking-news","tag-breakingnews","tag-featured-news","tag-featurednews","tag-headlines","tag-latest-news","tag-latestnews","tag-news","tag-no","tag-norge","tag-norway","tag-nyheter","tag-overskrifter","tag-top-stories","tag-topstories"],"share_on_mastodon":{"url":"https:\/\/pubeurope.com\/@no\/117218122467195940","error":""},"_links":{"self":[{"href":"https:\/\/www.europesays.com\/no\/wp-json\/wp\/v2\/posts\/344803","targetHints":{"allow":["GET"]}}],"collection":[{"href":"https:\/\/www.europesays.com\/no\/wp-json\/wp\/v2\/posts"}],"about":[{"href":"https:\/\/www.europesays.com\/no\/wp-json\/wp\/v2\/types\/post"}],"author":[{"embeddable":true,"href":"https:\/\/www.europesays.com\/no\/wp-json\/wp\/v2\/users\/2"}],"replies":[{"embeddable":true,"href":"https:\/\/www.europesays.com\/no\/wp-json\/wp\/v2\/comments?post=344803"}],"version-history":[{"count":0,"href":"https:\/\/www.europesays.com\/no\/wp-json\/wp\/v2\/posts\/344803\/revisions"}],"wp:featuredmedia":[{"embeddable":true,"href":"https:\/\/www.europesays.com\/no\/wp-json\/wp\/v2\/media\/344804"}],"wp:attachment":[{"href":"https:\/\/www.europesays.com\/no\/wp-json\/wp\/v2\/media?parent=344803"}],"wp:term":[{"taxonomy":"category","embeddable":true,"href":"https:\/\/www.europesays.com\/no\/wp-json\/wp\/v2\/categories?post=344803"},{"taxonomy":"post_tag","embeddable":true,"href":"https:\/\/www.europesays.com\/no\/wp-json\/wp\/v2\/tags?post=344803"}],"curies":[{"name":"wp","href":"https:\/\/api.w.org\/{rel}","templated":true}]}}