{"id":344843,"date":"2026-09-05T11:57:14","date_gmt":"2026-09-05T11:57:14","guid":{"rendered":"https:\/\/www.europesays.com\/no\/344843\/"},"modified":"2026-09-05T11:57:14","modified_gmt":"2026-09-05T11:57:14","slug":"rumer-willis-tar-gentest-etter-bruce-willis-demensdiagnose","status":"publish","type":"post","link":"https:\/\/www.europesays.com\/no\/344843\/","title":{"rendered":"Rumer Willis tar gentest etter Bruce Willis\u2019 demensdiagnose"},"content":{"rendered":"<p class=\"kicker \" style=\"\">Bruce Willis\u2019 datter Rumer tester seg<\/p>\n<p class=\"subtitle \" style=\"\">Rumer unders\u00f8ker muligheten for om hun selv kan ha anlegg for den fryktede sykdommen pappa er rammet av.<\/p>\n<p>\n    KJ\u00c6RLIGHET: Rumer vil at datteren Louetta skal f\u00e5 gode minner av bestefar Bruce. Foto: @rumerwillis\/Instagram\n  <\/p>\n<p>De siste \u00e5rene har v\u00e6rt brutale for <a href=\"https:\/\/www.seher.no\/kjendis\/jeg-sliter-alltid-med-det\/84982899\" rel=\"nofollow noopener\" target=\"_blank\">Bruce Willis<\/a> (71) og familien. F\u00f8rst m\u00e5tte \u00abDie Hard\u00bb-stjernen trekke seg tilbake som skuespiller etter at han fikk diagnosen afasi. I 2023 kom beskjeden om at tilstanden hadde utviklet seg, og Bruce var diagnostisert med frontallappdemens. Familien beskrev selv sykdommen som \u00abgrusom\u00bb.<\/p>\n<p>    <a itemprop=\"url\" href=\"https:\/\/www.seher.no\/kjendis\/deler-gladnyhet\/85051926\" rel=\"nofollow noopener\" target=\"_blank\"><\/p>\n<p>        <img loading=\"lazy\" decoding=\"async\" src=\"https:\/\/www.europesays.com\/no\/wp-content\/uploads\/2026\/09\/85051943.webp\" width=\"147\" height=\"98\" alt=\"\" class=\"lazyload\" style=\"--aspect-ratio-image: 1.50; \"\/><\/p>\n<p>        Deler gladnyhet<\/p>\n<p>    <\/a><\/p>\n<p>For eldstedatteren Rumer (38) har dette satt dype spor. P\u00e5 farsdagen i fjor innr\u00f8mmet hun at dagen var \u00abtung\u00bb, og at hun kjente en sterk sorg over ikke lenger \u00e5 kunne snakke med faren slik hun en gang gjorde. Samtidig klamrer familien seg til de gode \u00f8yeblikkene. Rumer forteller at Bruce fortsatt smiler n\u00e5r han ser henne og barnebarnet Louetta (3).<\/p>\n<p>        <img loading=\"lazy\" decoding=\"async\" src=\"https:\/\/www.europesays.com\/no\/wp-content\/uploads\/2026\/09\/85087018.webp\" width=\"686\" height=\"515\" alt=\"\" class=\"\" style=\"--aspect-ratio-image: 1.33; \"\/><\/p>\n<p>\n        GODT FORHOLD: I 2001 var Demi Moore (63) og Bruce offisielt skilt, men vennskapet var likevel sterkt. Her med d\u00f8trene Rumer, Tallulah Belle (32) og Scout (35) p\u00e5 filmpremiere. Foto: NTB\n    <\/p>\n<p>\u2013 Det finnes fortsatt s\u00e5 mye kj\u00e6rlighet, glede og \u00f8mhet, sier hun n\u00e5 i et intervju med People.<\/p>\n<p>Rumer forteller at hun har begynt \u00e5 ta avanserte helse- og gentester for \u00e5 f\u00e5 vite mer om risikoen hun selv kan b\u00e6re p\u00e5. Hun har blant annet tatt en APOE-test, som kan si noe om genetisk risiko for \u00e5 utvikle Alzheimers sykdom. For Rumer var det ikke et enkelt valg.<\/p>\n<p>        R\u00d8RT: L\u00f8rdag kveld holdt kong Haakon sin aller f\u00f8rste tale til det norske folk som monark. Han ble tydelig ber\u00f8rt da han gratulerte moren, dronning Sonja, med bryllupsdagen.<\/p>\n<p>\u2013 Det kan v\u00e6re skremmende \u00e5 f\u00e5 konkrete svar om hva som kan ligge i genene, forteller hun. <\/p>\n<p>Men etter \u00e5 ha opplevd p\u00e5 n\u00e6rt hold hvor dramatisk sykdom kan forandre en familie, vil Rumer gj\u00f8re alt hun kan for \u00e5 holde seg frisk, spesielt for datterens skyld.<\/p>\n<p>\u2013 Kunnskap er makt, sl\u00e5r hun fast.<\/p>\n","protected":false},"excerpt":{"rendered":"Bruce Willis\u2019 datter Rumer tester seg Rumer unders\u00f8ker muligheten for om hun selv kan ha anlegg for den&hellip;\n","protected":false},"author":2,"featured_media":344844,"comment_status":"","ping_status":"","sticky":false,"template":"","format":"standard","meta":{"footnotes":"","_share_on_mastodon":"0"},"categories":[58],"tags":[3321,4104,71,479,2543,30,28,29,72],"class_list":["post-344843","post","type-post","status-publish","format-standard","has-post-thumbnail","category-underholdning","tag-bruce-willis","tag-eksklusivt","tag-entertainment","tag-kjendis","tag-kjendisdesken","tag-no","tag-norge","tag-norway","tag-underholdning"],"share_on_mastodon":{"url":"","error":""},"_links":{"self":[{"href":"https:\/\/www.europesays.com\/no\/wp-json\/wp\/v2\/posts\/344843","targetHints":{"allow":["GET"]}}],"collection":[{"href":"https:\/\/www.europesays.com\/no\/wp-json\/wp\/v2\/posts"}],"about":[{"href":"https:\/\/www.europesays.com\/no\/wp-json\/wp\/v2\/types\/post"}],"author":[{"embeddable":true,"href":"https:\/\/www.europesays.com\/no\/wp-json\/wp\/v2\/users\/2"}],"replies":[{"embeddable":true,"href":"https:\/\/www.europesays.com\/no\/wp-json\/wp\/v2\/comments?post=344843"}],"version-history":[{"count":0,"href":"https:\/\/www.europesays.com\/no\/wp-json\/wp\/v2\/posts\/344843\/revisions"}],"wp:featuredmedia":[{"embeddable":true,"href":"https:\/\/www.europesays.com\/no\/wp-json\/wp\/v2\/media\/344844"}],"wp:attachment":[{"href":"https:\/\/www.europesays.com\/no\/wp-json\/wp\/v2\/media?parent=344843"}],"wp:term":[{"taxonomy":"category","embeddable":true,"href":"https:\/\/www.europesays.com\/no\/wp-json\/wp\/v2\/categories?post=344843"},{"taxonomy":"post_tag","embeddable":true,"href":"https:\/\/www.europesays.com\/no\/wp-json\/wp\/v2\/tags?post=344843"}],"curies":[{"name":"wp","href":"https:\/\/api.w.org\/{rel}","templated":true}]}}