{"id":344863,"date":"2026-09-05T12:14:12","date_gmt":"2026-09-05T12:14:12","guid":{"rendered":"https:\/\/www.europesays.com\/no\/344863\/"},"modified":"2026-09-05T12:14:12","modified_gmt":"2026-09-05T12:14:12","slug":"bloomberg-apple-planlegger-tidenes-storste-produktbolge","status":"publish","type":"post","link":"https:\/\/www.europesays.com\/no\/344863\/","title":{"rendered":"Bloomberg: Apple planlegger tidenes st\u00f8rste produktb\u00f8lge"},"content":{"rendered":"<p>Det skriver <a href=\"https:\/\/www.bloomberg.com\/news\/articles\/2026-09-04\/what-to-expect-at-sept-9-apple-event-foldable-iphone-iphone-18-pro-watch?srnd=homepage-europe\" rel=\"nofollow noopener\" target=\"_blank\">Bloomberg<\/a>, som viser til kilder med kjennskap til planene. F\u00f8rste store lansering kommer allerede onsdag 9. september, n\u00e5r Apple holder sitt \u00abSurprise and Shine\u00bb-arrangement.<\/p>\n<p>Da skal den nye Apple-sjefen John Ternus blant annet vise frem nye iPhone- og Apple Watch-modeller.<\/p>\n<p>If\u00f8lge Bloomberg har Apple jobbet med den nye produktrekken i rundt fem \u00e5r. Ternus skal internt ha snakket varmt om det som kommer.<\/p>\n<p>\u2013 Jeg er utrolig spent p\u00e5 alt vi har p\u00e5 lager, skrev han til de ansatte tidligere denne uken, if\u00f8lge Bloomberg.<\/p>\n<p class=\"subhead\" data-element-type=\"subhead\" data-element-label=\"Mellomtittel\">Brettbar iPhone<\/p>\n<p>Den st\u00f8rste nyheten skal v\u00e6re Apples f\u00f8rste brettbare iPhone.<\/p>\n<p>Telefonen skal internt ha blitt omtalt som \u00abiPhone Ultra\u00bb. Den f\u00e5r en stor skjerm p\u00e5 innsiden og en mindre p\u00e5 utsiden, og skal v\u00e6re omtrent p\u00e5 st\u00f8rrelse med et pass n\u00e5r den er brettet sammen.<\/p>\n<p>Den skal ogs\u00e5 f\u00e5 Apples nye A20 Pro-brikke. Prisen ventes \u00e5 bli over 2.000 dollar, eller rundt 18.600 kroner.<\/p>\n<p>Apple skal samtidig lansere nye iPhone 18 Pro-modeller, Apple Watch Series 12 og Ultra 4 og AirPods 5.<\/p>\n<p>If\u00f8lge Bloomberg kommer det ogs\u00e5 nye versjoner av Apple TV, HomePod mini og iPad mini.<\/p>\n<p class=\"subhead\" data-element-type=\"subhead\" data-element-label=\"Mellomtittel\">Ber\u00f8ringsskjerm p\u00e5 Mac<\/p>\n<p>Apple jobber ogs\u00e5 med sine f\u00f8rste MacBook Pro-modeller med ber\u00f8ringsskjerm, if\u00f8lge Bloomberg.<\/p>\n<p>Maskinene skal f\u00e5 OLED-skjerm og komme i st\u00f8rrelsene 14 og 16 tommer.<\/p>\n<p>I 2027 skal Apple etter planen ogs\u00e5 lansere sine f\u00f8rste smarte briller. De skal kunne brukes til blant annet samtaler, bilder, video og AI-funksjoner, og vil konkurrere med Metas smartbriller.<\/p>\n<p>Selskapet skal ogs\u00e5 jobbe med AirPods med kamera, en ny iPhone til 20-\u00e5rsjubileet og en ny generasjon av den brettbare iPhonen.<\/p>\n<p>Bloomberg understreker at flere av produktene fortsatt er under utvikling, og at planene kan bli endret eller skrinlagt.<\/p>\n<p>Apple \u00f8nsket ikke \u00e5 kommentere opplysningene overfor Bloomberg.<\/p>\n","protected":false},"excerpt":{"rendered":"Det skriver Bloomberg, som viser til kilder med kjennskap til planene. F\u00f8rste store lansering kommer allerede onsdag 9.&hellip;\n","protected":false},"author":2,"featured_media":344864,"comment_status":"","ping_status":"","sticky":false,"template":"","format":"standard","meta":{"footnotes":"","_share_on_mastodon":"0"},"categories":[57],"tags":[30,28,29,65,63,64,66,70,69,67,68],"class_list":["post-344863","post","type-post","status-publish","format-standard","has-post-thumbnail","category-vitenskap-og-teknologi","tag-no","tag-norge","tag-norway","tag-science","tag-science-and-technology","tag-scienceandtechnology","tag-technology","tag-teknologi","tag-vitenskap","tag-vitenskap-og-teknologi","tag-vitenskapteknologi"],"share_on_mastodon":{"url":"https:\/\/pubeurope.com\/@no\/117218382062120279","error":""},"_links":{"self":[{"href":"https:\/\/www.europesays.com\/no\/wp-json\/wp\/v2\/posts\/344863","targetHints":{"allow":["GET"]}}],"collection":[{"href":"https:\/\/www.europesays.com\/no\/wp-json\/wp\/v2\/posts"}],"about":[{"href":"https:\/\/www.europesays.com\/no\/wp-json\/wp\/v2\/types\/post"}],"author":[{"embeddable":true,"href":"https:\/\/www.europesays.com\/no\/wp-json\/wp\/v2\/users\/2"}],"replies":[{"embeddable":true,"href":"https:\/\/www.europesays.com\/no\/wp-json\/wp\/v2\/comments?post=344863"}],"version-history":[{"count":0,"href":"https:\/\/www.europesays.com\/no\/wp-json\/wp\/v2\/posts\/344863\/revisions"}],"wp:featuredmedia":[{"embeddable":true,"href":"https:\/\/www.europesays.com\/no\/wp-json\/wp\/v2\/media\/344864"}],"wp:attachment":[{"href":"https:\/\/www.europesays.com\/no\/wp-json\/wp\/v2\/media?parent=344863"}],"wp:term":[{"taxonomy":"category","embeddable":true,"href":"https:\/\/www.europesays.com\/no\/wp-json\/wp\/v2\/categories?post=344863"},{"taxonomy":"post_tag","embeddable":true,"href":"https:\/\/www.europesays.com\/no\/wp-json\/wp\/v2\/tags?post=344863"}],"curies":[{"name":"wp","href":"https:\/\/api.w.org\/{rel}","templated":true}]}}