{"id":344889,"date":"2026-09-05T12:52:27","date_gmt":"2026-09-05T12:52:27","guid":{"rendered":"https:\/\/www.europesays.com\/no\/344889\/"},"modified":"2026-09-05T12:52:27","modified_gmt":"2026-09-05T12:52:27","slug":"john-arne-riise-har-dratt-til-dubai-han-jobber-na-med-planer-a-starte-en-fotballturnering-i-de-forente-arabiske-emirater","status":"publish","type":"post","link":"https:\/\/www.europesays.com\/no\/344889\/","title":{"rendered":"John Arne Riise har dratt til Dubai. Han jobber n\u00e5 med planer \u00e5 starte en fotballturnering i De forente arabiske emirater."},"content":{"rendered":"<p class=\"subtitle \" style=\"\">John Arne Riise (45) f\u00e5r med seg kongefamilien i De forente arabiske emirater.<\/p>\n<p>\n    SIKRER FINANSIERING: John Arne Riise satser stort p\u00e5 en fotballturnering i De forente arabiske emirater. Her er han sammen med sjeik Khalifa Bin Khalid Al Hamed som g\u00e5r inn p\u00e5 eiersiden med kongefamilien. Foto: Royal United Sports Events\n  <\/p>\n<p>\u00abEt enormt steg for oss.\u00bb Det sier John Arne Riise som sammen med samarbeidspartnere skal starte en stor fotballturnering i De forente arabiske emirater (UAE).<\/p>\n<p>I en pressemelding som Dagbladet har f\u00e5tt tilsendt, heter det at kongefamilien i Abu Dhabi blir med som eier av turneringen. Turneringen har f\u00e5tt navnet Royal Cup. Planen er at den skal arrangeres i Dubai for f\u00f8rste gang i februar.<\/p>\n<p>I pressemeldingen er Riise avbildet sammen med sjeik Khalifa Bin Khalid Al Hamed. Han blir med p\u00e5 eiersiden i selskapet bak Royal Cup.\u00a0<\/p>\n<p>        <img loading=\"lazy\" decoding=\"async\" src=\"https:\/\/www.europesays.com\/no\/wp-content\/uploads\/2026\/09\/85113724.webp\" width=\"667\" height=\"467\" alt=\"\" class=\"\" style=\"--aspect-ratio-image: 1.43; \"\/><\/p>\n<p>\n        STORE PLANER: John Arne Riise snakker med engasjement om fotballturneringen han og st\u00f8ttespillerne jobber med. Foto: Bj\u00f8rn Langsem \/ Dagbladet\n    <\/p>\n<p>&#8211; Helt fra starten har jeg sagt at dersom vi skal bygge Royal Cup i De forente arabiske emirater, m\u00e5 vi gj\u00f8re det ordentlig. Vi m\u00e5 ha de riktige menneskene, sterke lokale r\u00f8tter og et langsiktig engasjement, forteller Riise.<\/p>\n<p>&#8211; At Khalifa og familien hans blir med p\u00e5 eiersiden, gir oss noe penger alene ikke kan kj\u00f8pe. Det gir oss kunnskap, troverdighet, relasjoner og en forst\u00e5else av De forente arabiske emirater. Det vil \u00e5pne mange d\u00f8rer. Men like viktig er det at det hjelper oss med \u00e5 sikre en seri\u00f8s, trygg og profesjonell gjennomf\u00f8ring av det vi mener kan utvikle seg til verdens st\u00f8rste internasjonale ungdomsfotballturnering.<\/p>\n<p>    <a itemprop=\"url\" href=\"https:\/\/www.dagbladet.no\/sport\/satser-stort-i-dubai\/84932240\" rel=\"nofollow noopener\" target=\"_blank\"><\/p>\n<p>        <img loading=\"lazy\" decoding=\"async\" src=\"https:\/\/www.europesays.com\/no\/wp-content\/uploads\/2026\/09\/84932245.webp\" width=\"147\" height=\"98\" alt=\"\" class=\"lazyload\" style=\"--aspect-ratio-image: 1.50; \"\/><\/p>\n<p>        Satser stort i Dubai<\/p>\n<p>    <\/a><\/p>\n<p>Det var i juli at Riise avsl\u00f8rte overfor Dagbladet at han skulle flytte til Dubai. Han har f\u00e5tt seg en leilighet der, men vil fortsatt pendle en del til Norge. M\u00e5let er \u00e5 bygge opp en stor fotballturnering i De forente arabiske emirater.<\/p>\n<p>Riise fronter sportsselskapet Royal United Sports Events som st\u00e5r bak planene. I den f\u00f8rste turneringen i februar 2027 var utgangspunktet 30 lag. N\u00e5 f\u00e5r Dagbladet opplyst at 150 lag skal delta.<\/p>\n<p>&#8211; Vi lever i en tid der verden opplever splittelse, usikkerhet og konflikt. Fotball kan ikke l\u00f8se disse problemene. Men den har en ekstraordin\u00e6r evne til \u00e5 bringe mennesker sammen, sier sjeik Khalifa Bin Khalid Al Hamed i pressemeldingen.<\/p>\n<p>        <img loading=\"lazy\" decoding=\"async\" src=\"https:\/\/www.europesays.com\/no\/wp-content\/uploads\/2026\/09\/85113719.webp\" width=\"667\" height=\"474\" alt=\"\" class=\"\" style=\"--aspect-ratio-image: 1.41; \"\/><\/p>\n<p>\n        M\u00d8TTE DAGBLADET: John Arne Riise ble intervjuet av Dagbladet i Miami i juli. Han var invitert av FIFA og s\u00e5 VM-kampen mellom Norge og England. Foto: Bj\u00f8rn Langsem \/ Dagbladet\n    <\/p>\n<p>&#8211; F\u00e5 land er bedre posisjonert for dette enn De forente arabiske emirater. Mennesker fra hele verden bor, arbeider og bygger allerede framtida sammen her. Royal Cup kan ta denne \u00e5nden med ut p\u00e5 fotballbanen og skape en m\u00f8teplass der den neste generasjonen oppdager hva de har til felles, i stedet for hva som skiller dem, sier sjeiken.<\/p>\n<p>Arbeidet med fotballturneringen er fortsatt i en fase der det legges stein p\u00e5 stein. Men det er p\u00e5 det rene at Riise f\u00e5r med seg flere store fotballprofiler til \u00e5 fronte turneringen. I pressemeldingen opplyses det at dette vil v\u00e6re Champions League-vinnere, en VM-vinner og en Ballon d\u2019Or-vinner.<\/p>\n<p>        FORELSKET: John Arne Riise viser fram sin nye utk\u00e5rede for f\u00f8rste gang p\u00e5 l\u00f8peren til Reality Awards. Video: Thea Hope \/ R\u00f8d L\u00f8per.<\/p>\n<p>Identiteten p\u00e5 profilene blir avsl\u00f8rt i neste m\u00e5ned.<\/p>\n<p>&#8211; Jeg skulle \u00f8nske jeg kunne fortelle navnene i dag. Det vi har klart \u00e5 sette sammen, er ganske spesielt, forteller Riise.<\/p>\n<p>&#8211; Dette er ikke tidligere spillere som f\u00e5r betalt for \u00e5 komme noen timer, vinke til publikum og ta noen bilder. De kommer fordi de tror p\u00e5 det vi bygger, og fordi de \u00f8nsker \u00e5 hjelpe den neste generasjonen, opplyser han.<\/p>\n<p>        <img loading=\"lazy\" decoding=\"async\" src=\"https:\/\/www.europesays.com\/no\/wp-content\/uploads\/2026\/09\/85113735.webp\" width=\"667\" height=\"447\" alt=\"\" class=\"\" style=\"--aspect-ratio-image: 1.49; \"\/><\/p>\n<p>\n        GLEDER SEG: &#8211; Vi \u00f8nsker at unge spillere skal huske Royal Cup resten av livet, sier John Arne Riise. Foto: Bj\u00f8rn Langsem \/ Dagbladet\n    <\/p>\n<p>I intervjuet med Dagbladet i juli fortalte Riise at han har latt seg inspirere av turneringer som Norway Cup og Gothia Cup.<\/p>\n<p>&#8211; Vi \u00f8nsker ikke at lagene bare skal komme hit, spille fotball og reise hjem. Vi \u00f8nsker at en ung spiller skal komme hit og huske Royal Cup resten av livet &#8211; fotballen, menneskene de m\u00f8tte, det de l\u00e6rte og vennskapene de knyttet, forteller Riise.<\/p>\n<p>    <a itemprop=\"url\" href=\"https:\/\/www.dagbladet.no\/sport\/helt-sykt\/84889241\" rel=\"nofollow noopener\" target=\"_blank\"><\/p>\n<p>        <img loading=\"lazy\" decoding=\"async\" src=\"https:\/\/www.europesays.com\/no\/wp-content\/uploads\/2026\/09\/84889249.webp\" width=\"147\" height=\"98\" alt=\"\" class=\"lazyload\" style=\"--aspect-ratio-image: 1.50; \"\/><\/p>\n<p>        &#8211; Helt sykt<\/p>\n<p>    <\/a><\/p>\n<p>Selv om han har hendene fulle, stikker det ikke kjepper i hjulene for den annonserte showkampen med Petter Northug i oktober. De to g\u00e5r i bokseringen i Jotron Arena i Larvik 17. oktober.<\/p>\n<p>&#8211; Jeg tror publikum kommer til \u00e5 f\u00e5 et morsomt show, sa Riise til Dagbladet i juli.<\/p>\n","protected":false},"excerpt":{"rendered":"John Arne Riise (45) f\u00e5r med seg kongefamilien i De forente arabiske emirater. SIKRER FINANSIERING: John Arne Riise&hellip;\n","protected":false},"author":2,"featured_media":344890,"comment_status":"","ping_status":"","sticky":false,"template":"","format":"standard","meta":{"footnotes":"","_share_on_mastodon":"0"},"categories":[59],"tags":[3405,92,6237,30,28,29,83,82],"class_list":["post-344889","post","type-post","status-publish","format-standard","has-post-thumbnail","category-sport","tag-dubai","tag-fotball","tag-john-arne-riise","tag-no","tag-norge","tag-norway","tag-sport","tag-sports"],"share_on_mastodon":{"url":"https:\/\/pubeurope.com\/@no\/117218532118478562","error":""},"_links":{"self":[{"href":"https:\/\/www.europesays.com\/no\/wp-json\/wp\/v2\/posts\/344889","targetHints":{"allow":["GET"]}}],"collection":[{"href":"https:\/\/www.europesays.com\/no\/wp-json\/wp\/v2\/posts"}],"about":[{"href":"https:\/\/www.europesays.com\/no\/wp-json\/wp\/v2\/types\/post"}],"author":[{"embeddable":true,"href":"https:\/\/www.europesays.com\/no\/wp-json\/wp\/v2\/users\/2"}],"replies":[{"embeddable":true,"href":"https:\/\/www.europesays.com\/no\/wp-json\/wp\/v2\/comments?post=344889"}],"version-history":[{"count":0,"href":"https:\/\/www.europesays.com\/no\/wp-json\/wp\/v2\/posts\/344889\/revisions"}],"wp:featuredmedia":[{"embeddable":true,"href":"https:\/\/www.europesays.com\/no\/wp-json\/wp\/v2\/media\/344890"}],"wp:attachment":[{"href":"https:\/\/www.europesays.com\/no\/wp-json\/wp\/v2\/media?parent=344889"}],"wp:term":[{"taxonomy":"category","embeddable":true,"href":"https:\/\/www.europesays.com\/no\/wp-json\/wp\/v2\/categories?post=344889"},{"taxonomy":"post_tag","embeddable":true,"href":"https:\/\/www.europesays.com\/no\/wp-json\/wp\/v2\/tags?post=344889"}],"curies":[{"name":"wp","href":"https:\/\/api.w.org\/{rel}","templated":true}]}}