{"id":344895,"date":"2026-09-05T13:03:20","date_gmt":"2026-09-05T13:03:20","guid":{"rendered":"https:\/\/www.europesays.com\/no\/344895\/"},"modified":"2026-09-05T13:03:20","modified_gmt":"2026-09-05T13:03:20","slug":"hundrevis-i-maskert-migrantprotest-fergehavn-blokkert","status":"publish","type":"post","link":"https:\/\/www.europesays.com\/no\/344895\/","title":{"rendered":"Hundrevis i maskert migrantprotest \u2013 fergehavn blokkert"},"content":{"rendered":"<p><strong>Hundrevis av maskerte demonstranter blokkerte l\u00f8rdag veier ved den viktige fergehavnen i Dover i en protest mot migrasjonen over Den engelske kanal. Politiet rykket inn mens trafikken hopet seg opp.<\/strong><\/p>\n<p>If\u00f8lge <a href=\"https:\/\/www.dailymail.com\/news\/article-16107297\/Balaclava-clad-protesters-block-roads-Dover-police-in.html\" target=\"_blank\" rel=\"noreferrer noopener nofollow\">Daily Mail<\/a> samlet flere hundre demonstranter seg ved havnen l\u00f8rdag. Mange var kledd i svart og hadde finlandshetter eller p\u00e5 annen m\u00e5te dekket til ansiktet.<\/p>\n<blockquote class=\"twitter-tweet\" data-width=\"550\" data-dnt=\"true\">\n<p lang=\"en\" dir=\"ltr\">\ud83d\udea8BREAKING: HUNDREDS MORE PROTESTORS ARRIVE IN DOVER AGAINST MIGRANTS<\/p>\n<p>An army of masked protestors have no blocked the traffic coming in and out in a protest against illegal immigration<\/p>\n<p>People have had enough <br \/>LOOK AT HOW MANY ARE THERE! <a href=\"https:\/\/t.co\/nac1ISXtU7\" rel=\"nofollow\">pic.twitter.com\/nac1ISXtU7<\/a><\/p>\n<p>\u2014 Basil the Great (@BasilTheGreat) <a href=\"https:\/\/x.com\/BasilTheGreat\/status\/2096163866451325360?ref_src=twsrc%5Etfw\" rel=\"nofollow\">September 5, 2026<\/a><\/p><\/blockquote>\n<p>Ogs\u00e5 <a href=\"https:\/\/www.telegraph.co.uk\/news\/2026\/09\/05\/hundreds-of-balaclava-clad-protesters-blockade-dover-port\/?fbclid=IwcGRvZgFleHRuA2FlbQIxMABzcnRjBmFwcF9pZBAyMjIwMzkxNzg4MjAwODkyAAEeqxS0tBL2OV933JoC6zA455jB7JupcJDQiohcwE6USAF3a1NVhyAwHxp03tE_aem_or9OQSkAIRuiEAexmIIMrA\" rel=\"nofollow noopener\" target=\"_blank\">The Telegraph<\/a> omtaler aksjonen som en demonstrasjon mot migrasjon. Demonstrantene blokkerte veier rundt havnen, og politiet rykket ut for \u00e5 h\u00e5ndtere situasjonen.<\/p>\n<p>Blokaden f\u00f8rte til betydelige trafikkproblemer for reisende som skulle til og fra Dover. Daily Mail skriver at fergeselskapet P&amp;O advarte passasjerer om forsinkelser som f\u00f8lge av protesten.<\/p>\n<blockquote class=\"twitter-tweet\" data-media-max-width=\"560\">\n<p lang=\"en\" dir=\"ltr\">Dover, England (Sept. 5) \u2014 A group of masked protesters in black have blocked the road at the Port of Dover, apparently to protest the ongoing mass migration of migrants arriving on boats for years from continental Europe. <a href=\"https:\/\/t.co\/4lsjdVLxmF\" rel=\"nofollow\">pic.twitter.com\/4lsjdVLxmF<\/a><\/p>\n<p>\u2014 Andy Ngo (@MrAndyNgo) <a href=\"https:\/\/x.com\/MrAndyNgo\/status\/2096151323637129719?ref_src=twsrc%5Etfw\" rel=\"nofollow\">September 5, 2026<\/a><\/p><\/blockquote>\n<p>Dover st\u00e5r sentralt i den britiske migrasjonsdebatten fordi omr\u00e5det er et viktig ankomststed for migranter som tar seg over Den engelske kanal i sm\u00e5b\u00e5ter fra Frankrike.<\/p>\n<p>The Telegraph beskriver demonstrantene som \u00abanti-migrant protesters\u00bb, mens Daily Mail omtaler hendelsen som en \u00abanti-migrant demonstration\u00bb. Aksjonen skjer mens sp\u00f8rsm\u00e5let om b\u00e5tmigrasjonen fortsatt st\u00e5r h\u00f8yt p\u00e5 den politiske dagsordenen i Storbritannia.<\/p>\n<p><script async src=\"https:\/\/platform.twitter.com\/widgets.js\" charset=\"utf-8\"><\/script><\/p>\n","protected":false},"excerpt":{"rendered":"Hundrevis av maskerte demonstranter blokkerte l\u00f8rdag veier ved den viktige fergehavnen i Dover i en protest mot migrasjonen&hellip;\n","protected":false},"author":2,"featured_media":344896,"comment_status":"","ping_status":"","sticky":false,"template":"","format":"standard","meta":{"footnotes":"","_share_on_mastodon":"0"},"categories":[12],"tags":[20491,20,21,24608,26401,24,25,15,22,23,13,30,28,29,14,16,26258,26,27,42,43,44,45],"class_list":["post-344895","post","type-post","status-publish","format-standard","has-post-thumbnail","category-verden","tag-batmigranter","tag-breaking-news","tag-breakingnews","tag-den-engelske-kanal","tag-dover","tag-featured-news","tag-featurednews","tag-headlines","tag-latest-news","tag-latestnews","tag-news","tag-no","tag-norge","tag-norway","tag-nyheter","tag-overskrifter","tag-storbirtannia","tag-top-stories","tag-topstories","tag-verden","tag-world","tag-world-news","tag-worldnews"],"share_on_mastodon":{"url":"https:\/\/pubeurope.com\/@no\/117218574494521316","error":""},"_links":{"self":[{"href":"https:\/\/www.europesays.com\/no\/wp-json\/wp\/v2\/posts\/344895","targetHints":{"allow":["GET"]}}],"collection":[{"href":"https:\/\/www.europesays.com\/no\/wp-json\/wp\/v2\/posts"}],"about":[{"href":"https:\/\/www.europesays.com\/no\/wp-json\/wp\/v2\/types\/post"}],"author":[{"embeddable":true,"href":"https:\/\/www.europesays.com\/no\/wp-json\/wp\/v2\/users\/2"}],"replies":[{"embeddable":true,"href":"https:\/\/www.europesays.com\/no\/wp-json\/wp\/v2\/comments?post=344895"}],"version-history":[{"count":0,"href":"https:\/\/www.europesays.com\/no\/wp-json\/wp\/v2\/posts\/344895\/revisions"}],"wp:featuredmedia":[{"embeddable":true,"href":"https:\/\/www.europesays.com\/no\/wp-json\/wp\/v2\/media\/344896"}],"wp:attachment":[{"href":"https:\/\/www.europesays.com\/no\/wp-json\/wp\/v2\/media?parent=344895"}],"wp:term":[{"taxonomy":"category","embeddable":true,"href":"https:\/\/www.europesays.com\/no\/wp-json\/wp\/v2\/categories?post=344895"},{"taxonomy":"post_tag","embeddable":true,"href":"https:\/\/www.europesays.com\/no\/wp-json\/wp\/v2\/tags?post=344895"}],"curies":[{"name":"wp","href":"https:\/\/api.w.org\/{rel}","templated":true}]}}