{"id":344899,"date":"2026-09-05T13:11:17","date_gmt":"2026-09-05T13:11:17","guid":{"rendered":"https:\/\/www.europesays.com\/no\/344899\/"},"modified":"2026-09-05T13:11:17","modified_gmt":"2026-09-05T13:11:17","slug":"trumps-menn-i-moskva-med-nytt-fredsforslag-putin-varsler-angrepsstans","status":"publish","type":"post","link":"https:\/\/www.europesays.com\/no\/344899\/","title":{"rendered":"Trumps menn i Moskva med nytt fredsforslag \u2013 Putin varsler angrepsstans"},"content":{"rendered":"<p class=\"extendedContent hyperion-css-eyn926\" data-test-tag=\"lead-text\">USA-utsendingene Steve Witkoff og Jared Kushner ankom l\u00f8rdag Moskva for \u00e5 gj\u00f8re et nytt fors\u00f8k p\u00e5 \u00e5 f\u00e5 slutt p\u00e5 krigen. Samtidig skal Vladimir Putin har beordret en midlertidig stans i angrepene mot Kyiv.<\/p>\n<p><img decoding=\"async\" class=\"image-asset hyperion-css-u06ts1\" data-test-tag=\"image-asset\" src=\"https:\/\/www.europesays.com\/no\/wp-content\/uploads\/2026\/09\/9ffbfa3d-12ab-33b7-b7cf-95f0f2e7c920.jpeg\"  alt=\"President Donald Trump har sendt svigers\u00f8nn Jared Kushner (venstre) og milliard\u00e6r Steve Witkoff (h\u00f8yre) til Moskva. Her tas de imot av Vladimir Putins spesialutsending Kirill Dmitrijev.\"  loading=\"eager\" fetchpriority=\"high\" style=\"aspect-ratio:951 \/ 765\"\/>President Donald Trump har sendt svigers\u00f8nn Jared Kushner (venstre) og milliard\u00e6r Steve Witkoff (h\u00f8yre) til Moskva. Her tas de imot av Vladimir Putins spesialutsending Kirill Dmitrijev. Foto: Acquired by Reuters \/ Reuters<\/p>\n<p>Publisert: 04.09.2026 15:41 |\u00a0Oppdatert: 05.09.2026 14:42<\/p>\n<p class=\"paywall hyperion-css-1j42uic\">L\u00f8rdag formiddag bekreftet statlige russiske medier at de to hadde landet i den russiske hovedstaden for \u00e5 diskutere en ny fredsplan. Etter samtalene drar de etter alt \u00e5 d\u00f8mme videre til Kyiv s\u00f8ndag.<\/p>\n<p class=\"paywall hyperion-css-1j42uic\">Det er ikke klart hvordan de skal komme seg videre til Ukraina, som siden den russiske invasjonen i februar 2022 har stengt luftrommet.<\/p>\n<p class=\"paywall hyperion-css-1j42uic\"><strong>Russlands leder Vladimir Putin har gitt ordre om ikke \u00e5 angripe Kyiv de neste tre dagene som f\u00f8lge av den amerikanske delegasjonens bes\u00f8k. Det opplyser en Kreml-talsmann overfor det russiske nyhetsbyr\u00e5et Interfax.  Stansen gjelder fra midnatt.<\/strong><\/p>\n<p class=\"paywall hyperion-css-1j42uic\">Kreml varsler ogs\u00e5 en pressebrief etter Putins samtaler med Witkoff og Kushner.<\/p>\n<p>Angrepet hyppig<\/p>\n<p class=\"paywall hyperion-css-1j42uic\">De siste dagene har det v\u00e6rt nesten kontinuerlige luftangrep mot Kyiv,<a data-test-tag=\"internal-link\" href=\"https:\/\/www.aftenposten.no\/verden\/i\/vrydew\/russisk-droneangrep-traff-hovedkvarteret-til-ukrainas-sikkerhetstjeneste-i-kyiv\" class=\"hyperion-css-1raymq9\" rel=\"nofollow noopener\" target=\"\" aria-label=\" ogs\u00e5 p\u00e5 dagtid\"> ogs\u00e5 p\u00e5 dagtid<\/a>. Ukraina har redusert luftvernkapasitet for \u00f8yeblikket.<\/p>\n<p class=\"paywall hyperion-css-1j42uic\">L\u00f8rdag ble flyplassene i Kyiv og Boryspil, som ligger rett ved hovedstaden, rammet av russiske missilangrep, if\u00f8lge Ukrainas president Volodymyr Zelenskyj. Han mener angrepene helt klart har sammenheng med at det er blitt vurdert om Witkoff og Kushner skal ankomme Ukraina med fly.<\/p>\n<p class=\"paywall hyperion-css-1j42uic\">Turen blir gjennomf\u00f8rt f\u00e5 dager etter at Ukrainas utenriksminister Andrij Sybiha sa at han tror p\u00e5 en ny dynamikk i fredsprosessen. If\u00f8lge Sybiha er det ventet diplomatisk innsats \u00abi mange av verdens hovedsteder\u00bb i tiden fremover.<\/p>\n<p>Russisk skepsis<\/p>\n<p class=\"paywall hyperion-css-1j42uic\">India har de siste dagene ogs\u00e5 kommet p\u00e5 banen og sagt at landet er klar til \u00e5 bidra for \u00e5 f\u00e5 slutt p\u00e5 krigen.<\/p>\n<p class=\"paywall hyperion-css-1j42uic\">Russland uttrykker imidlertid l\u00f8rdag skepsis til USAs fredsinnsats.<\/p>\n<p class=\"paywall hyperion-css-1j42uic\">\u2013 Det viktigste sp\u00f8rsm\u00e5let er i hvilken grad USAs administrasjon er klar til \u00e5 investere i \u00e5 finne en reell l\u00f8sning p\u00e5 den n\u00e5v\u00e6rende krisen, tatt i betraktning realitetene p\u00e5 bakken, sier Russlands viseutenriksminister Sergej Rjabkov, if\u00f8lge det statlige nyhetsbyr\u00e5et Tass.<\/p>\n<p class=\"paywall hyperion-css-1j42uic\">USAs president Donald Trump bekreftet fredag at Witkoff og Kushner er p\u00e5 vei \u00f8stover til Russland og Ukraina.<\/p>\n<p class=\"paywall hyperion-css-1j42uic\">\u2013 De har gjort en god jobb, og vi sendte dem over for \u00e5 se om vi kan f\u00e5 til noe. Det er en god sjanse for at vi klarer det, sa Trump til pressen.<\/p>\n<p class=\"paywall hyperion-css-1j42uic\">\u2013 De bringer med seg et forslag om \u00e5 avslutte krigen, sa han videre.<\/p>\n<p>Sist gang i januar<\/p>\n<p class=\"paywall hyperion-css-1j42uic\">Trump sier ingenting om hvorvidt planen inneb\u00e6rer at Ukraina m\u00e5 avgi territorium, slik han tidligere har antydet.<\/p>\n<p class=\"paywall hyperion-css-1j42uic\">Sist Witkoff og Kushner bes\u00f8kte Moskva, var i januar, da de hadde et fire timer langt nattlig m\u00f8te med president Vladimir Putin i Kreml.<\/p>\n<p class=\"paywall hyperion-css-1j42uic\">Den siste runden med samtaler mellom Russland og Ukraina fant sted i februar, kort tid f\u00f8r USA og Israel gikk til angrepskrig mot Iran.<\/p>\n<p class=\"paywall hyperion-css-1j42uic\">CIA-sjef John Ratcliffe var i forrige uke p\u00e5 et overraskende bes\u00f8k i Moskva, der han m\u00f8tte sin russiske motpart Sergej Narysjkin. Det er ikke kjent om bes\u00f8ket hadde sammenheng med Witkoff og Kushners bes\u00f8k.<\/p>\n","protected":false},"excerpt":{"rendered":"USA-utsendingene Steve Witkoff og Jared Kushner ankom l\u00f8rdag Moskva for \u00e5 gj\u00f8re et nytt fors\u00f8k p\u00e5 \u00e5 f\u00e5&hellip;\n","protected":false},"author":2,"featured_media":344900,"comment_status":"","ping_status":"","sticky":false,"template":"","format":"standard","meta":{"footnotes":"","_share_on_mastodon":"0"},"categories":[12],"tags":[20,21,24,25,15,22,23,13,30,28,29,14,16,26,27,42,43,44,45],"class_list":["post-344899","post","type-post","status-publish","format-standard","has-post-thumbnail","category-verden","tag-breaking-news","tag-breakingnews","tag-featured-news","tag-featurednews","tag-headlines","tag-latest-news","tag-latestnews","tag-news","tag-no","tag-norge","tag-norway","tag-nyheter","tag-overskrifter","tag-top-stories","tag-topstories","tag-verden","tag-world","tag-world-news","tag-worldnews"],"share_on_mastodon":{"url":"https:\/\/pubeurope.com\/@no\/117218606641001337","error":""},"_links":{"self":[{"href":"https:\/\/www.europesays.com\/no\/wp-json\/wp\/v2\/posts\/344899","targetHints":{"allow":["GET"]}}],"collection":[{"href":"https:\/\/www.europesays.com\/no\/wp-json\/wp\/v2\/posts"}],"about":[{"href":"https:\/\/www.europesays.com\/no\/wp-json\/wp\/v2\/types\/post"}],"author":[{"embeddable":true,"href":"https:\/\/www.europesays.com\/no\/wp-json\/wp\/v2\/users\/2"}],"replies":[{"embeddable":true,"href":"https:\/\/www.europesays.com\/no\/wp-json\/wp\/v2\/comments?post=344899"}],"version-history":[{"count":0,"href":"https:\/\/www.europesays.com\/no\/wp-json\/wp\/v2\/posts\/344899\/revisions"}],"wp:featuredmedia":[{"embeddable":true,"href":"https:\/\/www.europesays.com\/no\/wp-json\/wp\/v2\/media\/344900"}],"wp:attachment":[{"href":"https:\/\/www.europesays.com\/no\/wp-json\/wp\/v2\/media?parent=344899"}],"wp:term":[{"taxonomy":"category","embeddable":true,"href":"https:\/\/www.europesays.com\/no\/wp-json\/wp\/v2\/categories?post=344899"},{"taxonomy":"post_tag","embeddable":true,"href":"https:\/\/www.europesays.com\/no\/wp-json\/wp\/v2\/tags?post=344899"}],"curies":[{"name":"wp","href":"https:\/\/api.w.org\/{rel}","templated":true}]}}