{"id":344903,"date":"2026-09-05T13:42:15","date_gmt":"2026-09-05T13:42:15","guid":{"rendered":"https:\/\/www.europesays.com\/no\/344903\/"},"modified":"2026-09-05T13:42:15","modified_gmt":"2026-09-05T13:42:15","slug":"jakob-ingebrigtsen-beklager-tapere-uttalelse","status":"publish","type":"post","link":"https:\/\/www.europesays.com\/no\/344903\/","title":{"rendered":"Jakob Ingebrigtsen beklager \u00abtapere\u00bb-uttalelse"},"content":{"rendered":"\n<p class=\"_lead_145nj_2 _lead_6fko5_53 layout-component text-serif-m layout-normal text-serif-l layout-component layout-wide layout-padded _wide_17hqh_1 layout-padded\">Jakob Asserson Ingebrigtsen (25) innser at han gikk over streken da han kalte konkurrenter for \u00abtapere\u00bb. Samtidig sender han et stikk til Cole Hockers manager.<\/p>\n<p><img alt=\" Foto: JOHN THYS \/ AFP \/ NTB\" class=\"_image_jw3bv_65 layout-component layout-wide\" data-fullscreen- data-track-element-type=\"Article image fullscreen\" data-track-name=\"ImageFullscreen\" fetchpriority=\"high\" decoding=\"sync\" loading=\"eager\" height=\"4251\" itemprop=\"image\"  src=\"https:\/\/www.europesays.com\/no\/wp-content\/uploads\/2026\/09\/92ddc351-007e-3495-9d64-a44a8f53a2d2.jpeg\"  style=\"object-position:0% 0%\" width=\"6377\"\/> Foto: JOHN THYS \/ AFP \/ NTB<\/p>\n<ul aria-hidden=\"true\" class=\"_images_ntbth_112\">\n<li><a class=\"_link_ntbth_117\" href=\"https:\/\/www.vg.no\/forfatter\/sindre-oegar\" style=\"z-index:1\" title=\"Sindre \u00d8gar\" rel=\"nofollow noopener\" target=\"_blank\"><img alt=\"Bilde av Sindre \u00d8gar\" class=\"_image_ntbth_93\" fetchpriority=\"low\" loading=\"lazy\" decoding=\"async\" itemprop=\"image\"  src=\"https:\/\/www.europesays.com\/no\/wp-content\/uploads\/2026\/09\/1788615735_369_104d6818-f429-4f77-a08f-a7022fcc3fa3.jpeg\"  width=\"480\"\/><\/a><\/li>\n<\/ul>\n<p> Oppdatert l\u00f8rdag 5. september kl. 15:38    <\/p>\n<ul class=\"_list_145nj_3 _list_64s2r_85 _unordered_145nj_106 text-sans-m\">\n<li class=\"_item_145nj_30\">Jakob Ingebrigtsen beklager for \u00e5 ha kalt konkurrentene \u00abtapere\u00bb, men st\u00e5r for kritikken av Cole Hocker.<\/li>\n<li class=\"_item_145nj_30\">Ingebrigtsen st\u00e5r for at Hocker og teamet hans oppf\u00f8rte seg feigt under 1500-meterfinalen i Diamond League.<\/li>\n<li class=\"_item_145nj_30\">Hockers manager kritiserer Ingebrigtsen og hevder han skylder p\u00e5 andre for egne feil.<\/li>\n<\/ul>\n<p>Vis mer <\/p>\n<p class=\"_paragraph_145nj_4 _paragraph_6fko5_10 layout-component text-serif-m layout-normal text-serif-m layout-padded\">\u2013  Jeg burde ikke kalt noen tapere. Det beklager jeg. Det var lavm\u00e5l, uavhengig av adrenalin og f\u00f8lelser, sier <a href=\"https:\/\/www.vg.no\/tag\/jakob-ingebrigtsen?utm_source=vg-article&amp;utm_medium=auto-tagger&amp;utm_campaign=n1lO2m\" class=\"_link_145nj_39\" rel=\"nofollow noopener\" target=\"_blank\">Jakob Ingebrigtsen<\/a> til VG.<\/p>\n<p class=\"_paragraph_145nj_4 _paragraph_6fko5_10 layout-component text-serif-m layout-normal text-serif-m layout-padded\">\u2013 Men jeg st\u00e5r for det jeg sa om at Cole (Hocker) og teamet hans har oppf\u00f8rt seg feigt. De fortalte oss andre ut\u00f8vere og arrang\u00f8r at de g\u00e5r etter en bestemt fart og f\u00e5r inn egen hare for \u00e5 dra, men s\u00e5 gj\u00f8r de noe helt annet, sier friidrettsprofilen.<\/p>\n<p class=\"_paragraph_145nj_4 _paragraph_6fko5_10 layout-component text-serif-m layout-normal text-serif-m layout-padded\">Det er r\u00e5dgiver Espen Skoland som formidler uttalelsen til VG.<\/p>\n<p><img alt=\"Cole Hocker.  Foto: Romina Amato \/ Reuters \/ NTB\" class=\"_image_jw3bv_65 layout-component layout-normal\" data-fullscreen- data-track-element-type=\"Article image fullscreen\" data-track-name=\"ImageFullscreen\" decoding=\"async\" loading=\"lazy\" height=\"1624\" itemprop=\"image\"  src=\"https:\/\/www.europesays.com\/no\/wp-content\/uploads\/2026\/09\/b00dc982-b8c0-3302-b88e-8ae671add17c.jpeg\"  style=\"object-position:0% 0%\" width=\"2050\"\/>Cole Hocker.  Foto: Romina Amato \/ Reuters \/ NTB<\/p>\n<p class=\"_paragraph_145nj_4 _paragraph_6fko5_10 layout-component text-serif-m layout-normal text-serif-m layout-padded\">Nordmannen endte p\u00e5 <a href=\"https:\/\/www.vg.no\/sport\/i\/ArWmBn\/amalie-iuel-loep-karrierens-nest-siste-internasjonale-konkurranse\" data-track-element-type=\"Link\" data-track-id=\"link:ArWmBn\" class=\"_link_145nj_39\" rel=\"nofollow noopener\" target=\"_blank\">fjerdeplass p\u00e5 1500 meter i Diamond League-finalen<\/a> i Brussel. <\/p>\n<p class=\"_paragraph_145nj_4 _paragraph_6fko5_10 layout-component text-serif-m layout-normal text-serif-m layout-padded\">Etterp\u00e5 var han frustrert over tempoet i feltet, og sa at \u00abde var livredde hele gjengen\u00bb.<\/p>\n<p class=\"_paragraph_145nj_4 _paragraph_6fko5_10 layout-component text-serif-m layout-normal text-serif-m layout-padded\"><strong class=\"_strong_145nj_25\">\u2013 For en gjeng med tapere jeg sprang mot. Jeg tapte og var ikke god nok, sa Ingebrigtsen til NRK.<\/strong><\/p>\n<p class=\"_paragraph_145nj_4 _paragraph_6fko5_10 layout-component text-serif-m layout-normal text-serif-m layout-padded\">Han langet ogs\u00e5 ut mot sin amerikanske rival Cole Hocker, som er regjerende OL-mester og regjerende verdensmester.<\/p>\n<p class=\"_paragraph_145nj_4 _paragraph_6fko5_10 layout-component text-serif-m layout-normal text-serif-m layout-padded\">\u2013 Cole fikk byttet ut fartsholderen til sin egen lagkamerat. Dermed trodde alle at han kom til \u00e5 tvinge seg selv til \u00e5 f\u00f8lge farten til sin egen mann. Men det var bare et triks &#8230; Han lurte oss alle sammen, for han bestemte seg i stedet for \u00e5 gjemme seg bak alle andre, sa Ingebrigtsen.<\/p>\n<p class=\"_paragraph_145nj_4 _paragraph_6fko5_10 layout-component text-serif-m layout-normal text-serif-m layout-padded\">L\u00f8rdag gikk <a href=\"https:\/\/www.vg.no\/sport\/i\/43lr4V\/cole-hocker-manager-slaar-hardt-tilbake-mot-ingebrigtsen-det-er-flaut\" data-track-element-type=\"Link\" data-track-id=\"link:43lr4V\" class=\"_link_145nj_39\" rel=\"nofollow noopener\" target=\"_blank\">Cole Hockers manager Ray Flynn ut mot den norske l\u00f8pestjernen<\/a>.<\/p>\n<p class=\"_paragraph_145nj_4 _paragraph_6fko5_10 layout-component text-serif-m layout-normal text-serif-m layout-padded\">\u2013 Jakob vinner ikke lenger l\u00f8p og fremst\u00e5r som en sytete l\u00f8per som skylder p\u00e5 andre. Det er n\u00e5 flaut at en stor mester klager og skylder p\u00e5 andre l\u00f8pere for sine egne feil, sa Flynn til VG.<\/p>\n<p class=\"_paragraph_145nj_4 _paragraph_6fko5_10 layout-component text-serif-m layout-normal text-serif-m layout-padded\">Jakob Ingebrigtsen st\u00e5r for kritikken av Hocker.<\/p>\n<p class=\"_paragraph_145nj_4 _paragraph_6fko5_10 layout-component text-serif-m layout-normal text-serif-m layout-padded\">\u2013 N\u00e5r man lover publikum fart, har man et ansvar for \u00e5 f\u00f8lge opp, ihvertfall i mitt hode. Dette handler ikke om at jeg tapte. Jeg var ikke god nok. Det handler om \u00e5 ta ansvar for de forpliktelsene man har gitt stevnearrang\u00f8r, publikum og konkurrenter, sier han. <\/p>\n<p class=\"_paragraph_145nj_4 _paragraph_6fko5_10 layout-component text-serif-m layout-normal text-serif-m layout-padded\">\u2013 Cole og jeg snakket ut om dette etter l\u00f8pet. Vi er ferdige med saken, s\u00e5 jeg skj\u00f8nner ikke helt hvorfor agenten legger seg opp i alt dette n\u00e5. Hvis man ikke skal f\u00e5 vise litt lidenskap etter et l\u00f8p, b\u00f8r man finne seg en idrett som ikke \u00f8nsker et publikum.\u00a0<\/p>\n","protected":false},"excerpt":{"rendered":"Jakob Asserson Ingebrigtsen (25) innser at han gikk over streken da han kalte konkurrenter for \u00abtapere\u00bb. Samtidig sender&hellip;\n","protected":false},"author":2,"featured_media":344904,"comment_status":"","ping_status":"","sticky":false,"template":"","format":"standard","meta":{"footnotes":"","_share_on_mastodon":"0"},"categories":[59],"tags":[2049,423,422,30,28,29,83,82],"class_list":["post-344903","post","type-post","status-publish","format-standard","has-post-thumbnail","category-sport","tag-diamond-league","tag-friidrett","tag-jakob-ingebrigtsen","tag-no","tag-norge","tag-norway","tag-sport","tag-sports"],"share_on_mastodon":{"url":"https:\/\/pubeurope.com\/@no\/117218728604459273","error":""},"_links":{"self":[{"href":"https:\/\/www.europesays.com\/no\/wp-json\/wp\/v2\/posts\/344903","targetHints":{"allow":["GET"]}}],"collection":[{"href":"https:\/\/www.europesays.com\/no\/wp-json\/wp\/v2\/posts"}],"about":[{"href":"https:\/\/www.europesays.com\/no\/wp-json\/wp\/v2\/types\/post"}],"author":[{"embeddable":true,"href":"https:\/\/www.europesays.com\/no\/wp-json\/wp\/v2\/users\/2"}],"replies":[{"embeddable":true,"href":"https:\/\/www.europesays.com\/no\/wp-json\/wp\/v2\/comments?post=344903"}],"version-history":[{"count":0,"href":"https:\/\/www.europesays.com\/no\/wp-json\/wp\/v2\/posts\/344903\/revisions"}],"wp:featuredmedia":[{"embeddable":true,"href":"https:\/\/www.europesays.com\/no\/wp-json\/wp\/v2\/media\/344904"}],"wp:attachment":[{"href":"https:\/\/www.europesays.com\/no\/wp-json\/wp\/v2\/media?parent=344903"}],"wp:term":[{"taxonomy":"category","embeddable":true,"href":"https:\/\/www.europesays.com\/no\/wp-json\/wp\/v2\/categories?post=344903"},{"taxonomy":"post_tag","embeddable":true,"href":"https:\/\/www.europesays.com\/no\/wp-json\/wp\/v2\/tags?post=344903"}],"curies":[{"name":"wp","href":"https:\/\/api.w.org\/{rel}","templated":true}]}}