{"id":344905,"date":"2026-09-05T13:46:11","date_gmt":"2026-09-05T13:46:11","guid":{"rendered":"https:\/\/www.europesays.com\/no\/344905\/"},"modified":"2026-09-05T13:46:11","modified_gmt":"2026-09-05T13:46:11","slug":"usa-matt-bevin-tidligere-guvernor-i-kentucky-matt-bevin-er-arrestert","status":"publish","type":"post","link":"https:\/\/www.europesays.com\/no\/344905\/","title":{"rendered":"USA, Matt Bevin | Tidligere guvern\u00f8r i Kentucky Matt Bevin er arrestert"},"content":{"rendered":"\n<p><a rel=\"Follow nofollow noopener\" href=\"https:\/\/eu.usatoday.com\/story\/news\/nation\/2026\/09\/03\/ex-kentucky-governor-matt-bevin-arrested-on-warrant\/91602040007\/\" target=\"_blank\">USA Today<\/a> melder at arrestasjonen ble utf\u00f8rt 3. september av sheriffkontoret i Bourbon County, if\u00f8lge opplysninger fra en lokal vaktsentral.<\/p>\n<p>Verken Bevins advokat, den lokale domstolen eller sheriffkontoret har forel\u00f8pig kommentert p\u00e5gripelsen ytterligere, skriver den amerikanske avisen.<\/p>\n<p>Fikk fengselsstraff for forakt for retten<\/p>\n<p>Dommer Angela Johnson utstedte arrestordren mot den tidligere guvern\u00f8ren 5. juni.\u00a0<\/p>\n<p>Bevin skal ha unnlatt \u00e5 m\u00f8te personlig i flere rettsm\u00f8ter vedr\u00f8rende barnebidrag, og han br\u00f8t i tillegg en frist for \u00e5 levere n\u00f8dvendige finansielle dokumenter.<\/p>\n<p>Avisen skriver at Bevin fikk mulighet til \u00e5 unng\u00e5 fengsel ved \u00e5 betale en bot p\u00e5 250 dollar og levere dokumentene innen en uke. Han skal ha levert flere dokumenter bare noen minutter f\u00f8r fristen 5. juni, men ba om mer tid til resten, noe dommeren avslo.<\/p>\n<p><b>Les ogs\u00e5: <a href=\"https:\/\/www.nettavisen.no\/okonomi\/jubeltall-for-donald-trump\/s\/80-95-55181\" rel=\"Follow nofollow noopener\" target=\"_blank\">Jubeltall for Trump: Langer ut<\/a><\/b><\/p>\n<p>\u2013 Matt har selv n\u00f8kkelen til sin egen fengselscelle som ut\u00f8ver av sivil forakt for retten. Ved \u00e5 konsekvent nekte \u00e5 rette seg etter p\u00e5legg om \u00e5 legge fram dokumenter, etter \u00e5 ha f\u00e5tt gjentatte sjanser, har han selv l\u00e5st d\u00f8ren bak seg, skrev dommeren i avgj\u00f8relsen, if\u00f8lge USA Today.<\/p>\n<p>Ordren inneb\u00e6rer at Bevin m\u00e5 sone 60 dager bak murene og betale en bot p\u00e5 500 dollar.<\/p>\n<p>   <img decoding=\"async\" width=\"4457\" height=\"2971\" fetchpriority=\"low\"  loading=\"lazy\"  src=\"https:\/\/www.europesays.com\/no\/wp-content\/uploads\/2026\/09\/NTB_yyc07u066tc.jpg\" alt=\"\" class=\"brick-c-cFOWSL\" style=\"--brick-image-ratio: 4457 \/ 2971;\"\/><\/p>\n<p>      D\u00c5RLIG OPPM\u00d8TE: Den tidligere guvern\u00f8ren har ikke m\u00f8tt opp godt nok under rettsm\u00f8tene.<br \/>\n      Foto: Timothy D. Easley (AP\/NTB)\n    <\/p>\n<p>  Adoptert s\u00f8nn krever barnebidrag<\/p>\n<p>Saken dreier seg if\u00f8lge avisen om et krav fra Jonah Bevin, en av fire etiopiske barn som Matt Bevin og hans ekskone adopterte i 2012, om \u00e5 f\u00e5 utbetalt tilbakevirkende barnebidrag.<\/p>\n<p>Jonah Bevin har fortalt at han ble utsatt for overgrep over flere \u00e5r ved ulike internatskoler, blant annet p\u00e5 Jamaica der skolen ble aksjonert mot av politiet. Adoptivforeldrene stilte ikke opp i et omsorgsovertakelsesm\u00f8te da skolen ble stengt, noe som f\u00f8rte til at han kortvarig ble satt under statlig vergem\u00e5l der, skriver USA Today.<\/p>\n<p><b>Les mer her: <a href=\"https:\/\/www.nettavisen.no\/nyheter\/nettavisen-maling-flertallet-vil-ikke-ha-trump-i-kong-haralds-gravferd\/s\/80-95-51911\" rel=\"nofollow noopener\" target=\"_blank\">\u00c9n av fem nordmenn vil ha Trump i kong Haralds gravferd<\/a><\/b><\/p>\n<p>Saken gikk til rettssak i slutten av juli uten at den tidligere guvern\u00f8ren var til stede, og det er enn\u00e5 ikke avsagt noen dom, skriver avisen videre.<\/p>\n<p>Skyldte p\u00e5 stor steinblokk<\/p>\n<p>Den tidligere delstatslederen unngikk 29. mai \u00e5 m\u00f8te personlig p\u00e5 et rettsm\u00f8te, og deltok p\u00e5 h\u00f8ringen via Zoom fra Maine. Han forklarte frav\u00e6ret med at en eiendom han eide var blitt skadet.<\/p>\n<p>\u2013 Jeg har en veldig stor steinblokk p\u00e5 baksiden av huset v\u00e5rt, og jeg pr\u00f8ver \u00e5 h\u00e5ndtere det, uttalte Bevin den gang, if\u00f8lge USA Today.<\/p>\n<p><b>Les ogs\u00e5: <a href=\"https:\/\/www.nettavisen.no\/nyheter\/norsk-folkehjelp-sier-nei-til-400-millioner-fra-usa-opptil-50-mister-jobben-i-norge\/s\/80-95-53903\" rel=\"nofollow noopener\" target=\"_blank\">Nekter \u00e5 godta USA-krav \u2013 opptil 50 mister jobben i Norge<\/a><\/b><\/p>\n<p>If\u00f8lge avisen har Bevin over lengre tid hevdet at dommeren ikke gir ham en rettferdig rettergang og at hun bruker saken til \u00e5 skaffe seg medieoppmerksomhet.<\/p>\n","protected":false},"excerpt":{"rendered":"USA Today melder at arrestasjonen ble utf\u00f8rt 3. september av sheriffkontoret i Bourbon County, if\u00f8lge opplysninger fra en&hellip;\n","protected":false},"author":2,"featured_media":344906,"comment_status":"","ping_status":"","sticky":false,"template":"","format":"standard","meta":{"footnotes":"","_share_on_mastodon":"0"},"categories":[12],"tags":[20,21,24,25,15,22,23,13,30,28,29,14,16,26,27,42,43,44,45],"class_list":["post-344905","post","type-post","status-publish","format-standard","has-post-thumbnail","category-verden","tag-breaking-news","tag-breakingnews","tag-featured-news","tag-featurednews","tag-headlines","tag-latest-news","tag-latestnews","tag-news","tag-no","tag-norge","tag-norway","tag-nyheter","tag-overskrifter","tag-top-stories","tag-topstories","tag-verden","tag-world","tag-world-news","tag-worldnews"],"share_on_mastodon":{"url":"https:\/\/pubeurope.com\/@no\/117218744638596633","error":""},"_links":{"self":[{"href":"https:\/\/www.europesays.com\/no\/wp-json\/wp\/v2\/posts\/344905","targetHints":{"allow":["GET"]}}],"collection":[{"href":"https:\/\/www.europesays.com\/no\/wp-json\/wp\/v2\/posts"}],"about":[{"href":"https:\/\/www.europesays.com\/no\/wp-json\/wp\/v2\/types\/post"}],"author":[{"embeddable":true,"href":"https:\/\/www.europesays.com\/no\/wp-json\/wp\/v2\/users\/2"}],"replies":[{"embeddable":true,"href":"https:\/\/www.europesays.com\/no\/wp-json\/wp\/v2\/comments?post=344905"}],"version-history":[{"count":0,"href":"https:\/\/www.europesays.com\/no\/wp-json\/wp\/v2\/posts\/344905\/revisions"}],"wp:featuredmedia":[{"embeddable":true,"href":"https:\/\/www.europesays.com\/no\/wp-json\/wp\/v2\/media\/344906"}],"wp:attachment":[{"href":"https:\/\/www.europesays.com\/no\/wp-json\/wp\/v2\/media?parent=344905"}],"wp:term":[{"taxonomy":"category","embeddable":true,"href":"https:\/\/www.europesays.com\/no\/wp-json\/wp\/v2\/categories?post=344905"},{"taxonomy":"post_tag","embeddable":true,"href":"https:\/\/www.europesays.com\/no\/wp-json\/wp\/v2\/tags?post=344905"}],"curies":[{"name":"wp","href":"https:\/\/api.w.org\/{rel}","templated":true}]}}