{"id":344907,"date":"2026-09-05T13:47:24","date_gmt":"2026-09-05T13:47:24","guid":{"rendered":"https:\/\/www.europesays.com\/no\/344907\/"},"modified":"2026-09-05T13:47:24","modified_gmt":"2026-09-05T13:47:24","slug":"kong-harald-gravferd-kongens-fetter-stenger-dorene-det-er-veldig-unaturlig","status":"publish","type":"post","link":"https:\/\/www.europesays.com\/no\/344907\/","title":{"rendered":"Kong Harald, Gravferd | Kongens fetter stenger d\u00f8rene: \u2013 Det er veldig unaturlig"},"content":{"rendered":"\n<p>(<a href=\"https:\/\/www.ao.no\/ferner-jacobsen-stenger-dorene-under-kong-haralds-gravferd\/s\/80-128-10625\" rel=\"Follow nofollow noopener\" target=\"_blank\">Avisa Oslo<\/a>): \u2013 Det er veldig unaturlig \u00e5 v\u00e6re \u00e5pen i v\u00e5rt \u00f8yemed.<\/p>\n<p>Det sier Carl-Christian \u00abCalle\u00bb Ferner til Avisa Oslo.\u00a0<\/p>\n<p>Han er butikksjef og deleier av tradisjonsrike Ferner Jacobsen, som 110 \u00e5r har holdt d\u00f8rene oppe i Oslo sentrum. Ferner er ogs\u00e5 prinsesse Astrids yngste s\u00f8nn, og dermed fetter av kong Haakon.<\/p>\n<p>   <img decoding=\"async\" width=\"4194\" height=\"2796\" fetchpriority=\"low\"  loading=\"lazy\"  src=\"https:\/\/www.europesays.com\/no\/wp-content\/uploads\/2026\/09\/IMG_8066 (2).JPG\" alt=\"\" class=\"brick-c-cFOWSL\" style=\"--brick-image-ratio: 4194 \/ 2796;\"\/><\/p>\n<p>      Calle Ferner avbildet i 2023 foran Ferner Jacobsen.<br \/>\n      Foto: Emma Glimstad\/Avisa Oslo\n    <\/p>\n<p>N\u00e5 forteller han at de holder d\u00f8rene stengt p\u00e5 butikken p\u00e5 hj\u00f8rnet av Hollenderg\u00e5rden fra 1897 i Stortingsgata under gravferden onsdag 9. september.<\/p>\n<p>\u2013 Vi stenger mest for respekt for kong Harald. Samtidig vil vi gi ansatte muligheten til \u00e5 v\u00e6re til stede under gravferden, enten det er \u00e5 st\u00e5 i Karl Johan eller om det er \u00e5 se sending p\u00e5 tv-en. Det er en historisk dag p\u00e5 mange m\u00e5ter, sier han.<\/p>\n<p>\u2013 Siste hvile<\/p>\n<p>Utenfor butikken i Stortingsgata, som ligger parallelt med Karl Johans gate, har det v\u00e6rt folksomt den siste tiden.\u00a0<\/p>\n<p>Folkemengdene har str\u00f8mmet til Slottsplassen for \u00e5 hedre b\u00e5de den avd\u00f8de kongen og den nye kong Haakon. Samtidig har politisperringer, og sikkerhetstiltak preget bybildet.<\/p>\n<p>   <img decoding=\"async\" width=\"8192\" height=\"5464\" fetchpriority=\"low\"  loading=\"lazy\"  src=\"https:\/\/www.europesays.com\/no\/wp-content\/uploads\/2026\/09\/Malin1.jpg\" alt=\"\" class=\"brick-c-cFOWSL\" style=\"--brick-image-ratio: 8192 \/ 5464;\"\/><\/p>\n<p>      SLOTTET: Folkemassene har str\u00f8mmet til omr\u00e5det i mange dager.<br \/>\n      Foto: Malin Noem\/Avisa Oslo\n    <\/p>\n<p>Under gravferden neste uke er det ventet over 100.000 mennesker i gatene, og for Ferner Jacobsen starter dagen med stengte d\u00f8rer.<\/p>\n<p>\u2013 Ferner Jacobsen kommer til \u00e5 holde stengt til kong Haralds siste hvile.\u00a0<\/p>\n<p>Etter seremonien i Oslo domkirke, som starter klokken 13.00, vil kisten fraktes til festningen der det skal skytes dobbel s\u00f8rgesalutt fra Akershus slott.<\/p>\n<p><b>Les ogs\u00e5: <a href=\"https:\/\/www.nettavisen.no\/nyheter\/slottet-hoffsorg-fram-til-en-maned-etter-kong-haralds-gravferd\/s\/80-95-48380\" rel=\"Follow nofollow noopener\" target=\"_blank\">Hoffsorg til 9. oktober etter kong Haralds d\u00f8d<\/a><\/b><\/p>\n<p>Det er ventet at salutten skjer i 15-tiden. F\u00f8rst da \u00e5pner Ferner Jacobsen d\u00f8rene.<\/p>\n<p>    \u2013 G\u00e5r foran som et godt eksempel<\/p>\n<p>Avgj\u00f8relsen om \u00e5 holde butikken stengt ble tatt allerede mandag.<\/p>\n<p>\u2013 Dette er hva vi har besluttet for v\u00e5r butikk. Jeg har gitt beskjed til andre butikker i omr\u00e5det hva vi tenker \u00e5 gj\u00f8re, ogs\u00e5 h\u00e5per jeg at vi g\u00e5r foran som et godt eksempel. Og at andre f\u00f8lger oss, sier han.<\/p>\n<p>   <img decoding=\"async\" width=\"8192\" height=\"5464\" fetchpriority=\"low\"  loading=\"lazy\"  src=\"https:\/\/www.europesays.com\/no\/wp-content\/uploads\/2026\/09\/IMG_1260.JPG\" alt=\"\" class=\"brick-c-cFOWSL\" style=\"--brick-image-ratio: 8192 \/ 5464;\"\/><\/p>\n<p>      Her stenges d\u00f8rene onsdag 9. september.<br \/>\n      Foto: Malin Noem\/Avisa Oslo\n    <\/p>\n<p>Det er ikke kjent for Avisa Oslo at det er lagt noen restriksjoner p\u00e5 butikker i omr\u00e5det fra politiet, men det er kjent at det vil komme store sperringer i sentrum.\u00a0<\/p>\n<p><b>Les ogs\u00e5: <a href=\"https:\/\/www.nettavisen.no\/kjendis\/hoffsorg-pa-slottet-vi-kommer-ikke-til-a-se-dem\/s\/80-95-47912\" rel=\"Follow nofollow noopener\" target=\"_blank\">\u2013 Vi kommer ikke til \u00e5 se dem<\/a><\/b><\/p>\n<p>Politiet og PST har fredag kalt inn til pressetreff der tema er sikkerhet og tiltak rundt gravferden.<\/p>\n<p>\u2013 Temaet for pressetreffet er sikkerhet og tiltak i samband med gravferden som skal gjennomf\u00f8res p\u00e5 en trygg og verdig m\u00e5te, heter det i invitasjonen fra PST.<\/p>\n<p>    Vil du se neste video?<\/p>\n<p>    <a href=\"https:\/\/www.nettavisen.no\/nyheter\/statsminister-jonas-gahr-store-svarer-frustrert-dieselkunde-og-traktorsjafor\/v\/80-95-33380\" class=\"recommend-poster\" data-adp-clicklabel=\"video-recommend\" data-adp-clickvalue=\"poster\" rel=\"nofollow noopener\" target=\"_blank\"><br \/>\n      <img decoding=\"async\" width=\"200\" height=\"200\" loading=\"lazy\" src=\"https:\/\/www.europesays.com\/no\/wp-content\/uploads\/2026\/09\/1788616044_708_Jonas Gahr St\u00f8re bredde.jpg\" alt=\"\" class=\"brick-c-cFOWSL\" style=\"--brick-image-ratio: 200 \/ 200;\"\/><\/p>\n<p>Svarer lei traktorsja\u030af\u00f8r1:26<\/p>\n<p>    <\/a><\/p>\n","protected":false},"excerpt":{"rendered":"(Avisa Oslo): \u2013 Det er veldig unaturlig \u00e5 v\u00e6re \u00e5pen i v\u00e5rt \u00f8yemed. Det sier Carl-Christian \u00abCalle\u00bb Ferner&hellip;\n","protected":false},"author":2,"featured_media":344908,"comment_status":"","ping_status":"","sticky":false,"template":"","format":"standard","meta":{"footnotes":"","_share_on_mastodon":"0"},"categories":[10],"tags":[20,21,24,25,15,22,23,13,30,28,29,14,16,26,27],"class_list":["post-344907","post","type-post","status-publish","format-standard","has-post-thumbnail","category-norge","tag-breaking-news","tag-breakingnews","tag-featured-news","tag-featurednews","tag-headlines","tag-latest-news","tag-latestnews","tag-news","tag-no","tag-norge","tag-norway","tag-nyheter","tag-overskrifter","tag-top-stories","tag-topstories"],"share_on_mastodon":{"url":"https:\/\/pubeurope.com\/@no\/117218748000400540","error":""},"_links":{"self":[{"href":"https:\/\/www.europesays.com\/no\/wp-json\/wp\/v2\/posts\/344907","targetHints":{"allow":["GET"]}}],"collection":[{"href":"https:\/\/www.europesays.com\/no\/wp-json\/wp\/v2\/posts"}],"about":[{"href":"https:\/\/www.europesays.com\/no\/wp-json\/wp\/v2\/types\/post"}],"author":[{"embeddable":true,"href":"https:\/\/www.europesays.com\/no\/wp-json\/wp\/v2\/users\/2"}],"replies":[{"embeddable":true,"href":"https:\/\/www.europesays.com\/no\/wp-json\/wp\/v2\/comments?post=344907"}],"version-history":[{"count":0,"href":"https:\/\/www.europesays.com\/no\/wp-json\/wp\/v2\/posts\/344907\/revisions"}],"wp:featuredmedia":[{"embeddable":true,"href":"https:\/\/www.europesays.com\/no\/wp-json\/wp\/v2\/media\/344908"}],"wp:attachment":[{"href":"https:\/\/www.europesays.com\/no\/wp-json\/wp\/v2\/media?parent=344907"}],"wp:term":[{"taxonomy":"category","embeddable":true,"href":"https:\/\/www.europesays.com\/no\/wp-json\/wp\/v2\/categories?post=344907"},{"taxonomy":"post_tag","embeddable":true,"href":"https:\/\/www.europesays.com\/no\/wp-json\/wp\/v2\/tags?post=344907"}],"curies":[{"name":"wp","href":"https:\/\/api.w.org\/{rel}","templated":true}]}}