{"id":344909,"date":"2026-09-05T13:49:16","date_gmt":"2026-09-05T13:49:16","guid":{"rendered":"https:\/\/www.europesays.com\/no\/344909\/"},"modified":"2026-09-05T13:49:16","modified_gmt":"2026-09-05T13:49:16","slug":"rutinert-kampdommer-advarer-kai-robin-havnaa-og-frank-loke","status":"publish","type":"post","link":"https:\/\/www.europesays.com\/no\/344909\/","title":{"rendered":"Rutinert kampdommer advarer Kai Robin Havnaa og Frank L\u00f8ke"},"content":{"rendered":"\n<p class=\"_lead_145nj_2 _lead_6fko5_53 layout-component text-serif-m layout-normal text-serif-l layout-component layout-wide layout-padded _wide_17hqh_1 layout-padded\">Mikael H\u00f6\u00f6k (64) har d\u00f8mt hundrevis av proffkamper. I kveld st\u00e5r han mellom Kai Robin Havnaa (37) og Frank L\u00f8ke (46) \u2013 med klar beskjed om hva han ikke vil akseptere.<\/p>\n<p> <img class=\"_image_jw3bv_65 layout-component layout-wide\" data-fullscreen- data-track-element-type=\"Article image fullscreen\" data-track-name=\"ImageFullscreen\" fetchpriority=\"high\" decoding=\"sync\" loading=\"eager\" height=\"102\" itemprop=\"image\"  src=\"https:\/\/www.europesays.com\/no\/wp-content\/uploads\/2026\/09\/6211f56e8c1def42ed1790160f57fded.jpg\"  style=\"object-position:50% 50%;aspect-ratio:1.75;height:auto;object-fit:cover;width:100%\" width=\"102\"\/>  <\/p>\n<ul aria-hidden=\"true\" class=\"_images_ntbth_112\">\n<li><a class=\"_link_ntbth_117\" href=\"https:\/\/www.vg.no\/forfatter\/per-opsahl\" style=\"z-index:1\" title=\"Per Opsahl\" rel=\"nofollow noopener\" target=\"_blank\"><img alt=\"Bilde av Per Opsahl\" class=\"_image_ntbth_93\" fetchpriority=\"low\" loading=\"lazy\" decoding=\"async\" itemprop=\"image\"  src=\"https:\/\/www.europesays.com\/no\/wp-content\/uploads\/2026\/09\/66d2bf0a-e0a8-491f-ade2-e848104671c4.jpeg\"  width=\"480\"\/><\/a><\/li>\n<\/ul>\n<p>Arendal Oppdatert l\u00f8rdag 5. september kl. 14:32    <\/p>\n<ul class=\"_list_145nj_3 _list_64s2r_85 _unordered_145nj_106 text-sans-m\">\n<li class=\"_item_145nj_30\">Mikael H\u00f6\u00f6k d\u00f8mmer kveldens showkamp mellom Kai Robin Havnaa og Frank L\u00f8ke.<\/li>\n<li class=\"_item_145nj_30\">H\u00f6\u00f6k har klare regler: ingen slag n\u00e5r han sier \u00abstopp\u00bb og \u00abbreak\u00bb.<\/li>\n<li class=\"_item_145nj_30\">Slag mot hodet er ikke lov, og kampene g\u00e5r seks to minutters runder.<\/li>\n<li class=\"_item_145nj_30\">Det er ventet 4000 tilskuere til showkampen i kveld.<\/li>\n<\/ul>\n<p>Vis mer <\/p>\n<p class=\"_paragraph_145nj_4 _paragraph_6fko5_10 layout-component text-serif-m layout-normal text-serif-m layout-padded\">\u2013 Jeg har \u00e9n veldig viktig regel, og det er at n\u00e5r jeg sier \u00abstopp\u00bb og \u00abbreak\u00bb, da er det ingen slag. Frank og Kai Robin m\u00e5 f\u00f8lge mine regler, sier H\u00f6\u00f6k til VG. <\/p>\n<p class=\"_paragraph_145nj_4 _paragraph_6fko5_10 layout-component text-serif-m layout-normal text-serif-m layout-padded\">Svensken er tidligere bokser p\u00e5 h\u00f8yt niv\u00e5, og som dommer har han v\u00e6rt med p\u00e5 alle niv\u00e5er. Han har v\u00e6rt kampleder i flere av de st\u00f8rste kampene til Cecilia Br\u00e6khus, og i kamper med en rekke store internasjonale profiler.<\/p>\n<p><img alt=\"RUTINERT: Mikael H\u00f6\u00f6k sammen med Cecilia Br\u00e6khus etter VM-seieren mot Jessica Balogun i 2012.  Foto: Erlend Aas \/ NTB\" class=\"_image_jw3bv_65 layout-component layout-normal\" data-fullscreen- data-track-element-type=\"Article image fullscreen\" data-track-name=\"ImageFullscreen\" decoding=\"async\" loading=\"lazy\" height=\"2456\" itemprop=\"image\"  src=\"https:\/\/www.europesays.com\/no\/wp-content\/uploads\/2026\/09\/98d8dc49-1f28-3a09-81f9-8d43cf71c4f7.jpeg\"  style=\"object-position:55.34250585480094% 36.48208469055375%\" width=\"3416\"\/>RUTINERT: Mikael H\u00f6\u00f6k sammen med Cecilia Br\u00e6khus etter VM-seieren mot Jessica Balogun i 2012.  Foto: Erlend Aas \/ NTB<\/p>\n<p class=\"_paragraph_145nj_4 _paragraph_6fko5_10 layout-component text-serif-m layout-normal text-serif-m layout-padded\">I kveld deler han ringen i showkampen mellom Havnaa og L\u00f8ke, og understreker at han tar den like seri\u00f8st som alle andre boksedueller.<\/p>\n<p class=\"_paragraph_145nj_4 _paragraph_6fko5_10 layout-component text-serif-m layout-normal text-serif-m layout-padded\">\u2013 Men det er showkamp og da m\u00e5 publikum f\u00e5 underholdning, sier 64-\u00e5ringen. <\/p>\n<p class=\"_paragraph_145nj_4 _paragraph_6fko5_10 layout-component text-serif-m layout-normal text-serif-m layout-padded\"><strong class=\"_strong_145nj_25\">Kampen mellom <a href=\"https:\/\/tv.vg.no\/video\/364448\/frank-loke-kai-robin-havnaa\" class=\"_link_145nj_39\" rel=\"nofollow noopener\" target=\"_blank\">Havnaa og L\u00f8ke vises p\u00e5 VG+ Sport<\/a>, og er ventet \u00e5 starte en gang mellom kl. 21.30 og 22.00.<\/strong> <strong class=\"_strong_145nj_25\">Sendingen starter kl. 18.05.<\/strong><\/p>\n<p><img alt=\"KAMPLEDER: Mikael H\u00f6\u00f6k er oppe i ringen l\u00f8rdag kveld. Fredag kveld sjekket han forholdene i Pollen i Arendal.  Foto: Per Opsahl\" class=\"_image_jw3bv_65 layout-component layout-normal\" data-fullscreen- data-track-element-type=\"Article image fullscreen\" data-track-name=\"ImageFullscreen\" decoding=\"async\" loading=\"lazy\" height=\"3549\" itemprop=\"image\"  src=\"https:\/\/www.europesays.com\/no\/wp-content\/uploads\/2026\/09\/a8b1f4ef-70f1-3c7c-adde-a0b8ddd68f9d.jpeg\"  style=\"object-position:45.42476754015215% 40.70160608622147%\" width=\"4732\"\/>KAMPLEDER: Mikael H\u00f6\u00f6k er oppe i ringen l\u00f8rdag kveld. Fredag kveld sjekket han forholdene i Pollen i Arendal.  Foto: Per Opsahl<\/p>\n<p class=\"_paragraph_145nj_4 _paragraph_6fko5_10 layout-component text-serif-m layout-normal text-serif-m layout-padded\">H\u00f6\u00f6k har studert kaoset som oppsto underveis og etter at L\u00f8ke og <a href=\"https:\/\/www.vg.no\/sport\/i\/935Ox9\/ole-klemetsen-54-vant-showkampen-mot-frank-loeke-54\" data-track-element-type=\"Link\" data-track-id=\"link:935Ox9\" class=\"_link_145nj_39\" rel=\"nofollow noopener\" target=\"_blank\">Ole Klemetsen m\u00f8ttes i Stavanger i fjor. L\u00f8ke ble til slutt disket<\/a>.<\/p>\n<p class=\"_paragraph_145nj_4 _paragraph_6fko5_10 layout-component text-serif-m layout-normal text-serif-m layout-padded\">\u2013 Dersom noen snur seg og l\u00f8per vil jeg gripe inn og s\u00f8rge for at de bokser. Det er en boksekamp folk forventer \u00e5 f\u00e5 se, sier H\u00f6\u00f6k og vifter med pekefingeren.<\/p>\n<p class=\"_paragraph_145nj_4 _paragraph_6fko5_10 layout-component text-serif-m layout-normal text-serif-m layout-padded\">\u2013 Det var flere stygge episoder i Stavanger, og det er min jobb at det ikke skal skje n\u00e5. Jeg kommer til \u00e5 ligge mye n\u00e6rmere \u2013 nesten inne i slagsonen. Jeg er ikke redd for det, sier H\u00f6\u00f6k. <\/p>\n<p class=\"_paragraph_145nj_4 _paragraph_6fko5_10 layout-component text-serif-m layout-normal text-serif-m layout-padded\">\u2013 Hvis jeg blir truffet av et slag er det i s\u00e5 fall f\u00f8rste gangen det skjer, sier han og gliser.<\/p>\n<p class=\"_paragraph_145nj_4 _paragraph_6fko5_10 layout-component text-serif-m layout-normal text-serif-m layout-padded\">Kamplederen understreker ogs\u00e5 at hanskene som skal brukes er st\u00f8rre og har mer polstring enn vanlige kamphansker.<\/p>\n<p class=\"_paragraph_145nj_4 _paragraph_6fko5_10 layout-component text-serif-m layout-normal text-serif-m layout-padded\"><strong class=\"_strong_145nj_25\">Hovedreglene i kampen mellom Havnaa og L\u00f8ke er:<\/strong><\/p>\n<ul class=\"_list_145nj_3 _list_6fko5_9 _unordered_145nj_106 layout-component text-serif-m layout-normal text-serif-m layout-padded\">\n<li class=\"_item_145nj_30\">Seks to minutters runder.<\/li>\n<li class=\"_item_145nj_30\">Bokserne skal bruke 16 oz hansker \u2013 i proffkamper er det vanlig med 8\u201310 oz. <\/li>\n<li class=\"_item_145nj_30\">Ikke lov med knockout mot hodet. <\/li>\n<li class=\"_item_145nj_30\">Dersom kampen g\u00e5r tiden ut vil tre poengdommere avgj\u00f8re hvem som vinner. <\/li>\n<\/ul>\n<p class=\"_paragraph_145nj_4 _paragraph_6fko5_10 layout-component text-serif-m layout-normal text-serif-m layout-padded\">L\u00f8ke har flere ganger sagt at han ikke bryr seg s\u00e5 mye om knockoutregelen, men H\u00f6\u00f6k er klar p\u00e5 at den likevel er viktig. <\/p>\n<p class=\"_paragraph_145nj_4 _paragraph_6fko5_10 layout-component text-serif-m layout-normal text-serif-m layout-padded\">\u2013 Dersom noen rystes av slag mot hodet er jeg raskt inne og gir st\u00e5ende telling, eller stopper kampen. Det er min jobb \u00e5 passe p\u00e5 at dette g\u00e5r bra. <\/p>\n<p class=\"_paragraph_145nj_4 _paragraph_6fko5_10 layout-component text-serif-m layout-normal text-serif-m layout-padded\">\u2013 Er det noen som skal mislykkes l\u00f8rdag kveld, s\u00e5 er det jeg som kommer inn for sent.<\/p>\n<p><img alt=\"VEIDE INN: Frank L\u00f8ke (t.v.) og Kai Robin Havnaa m\u00f8tte hverandre ansikt til ansikt fredag kveld. De ble intervjuet at Svein-Erik Edvartsen etter seansen i Pollen.  Foto: Per Opsahl\" class=\"_image_jw3bv_65 layout-component layout-normal\" data-fullscreen- data-track-element-type=\"Article image fullscreen\" data-track-name=\"ImageFullscreen\" decoding=\"async\" loading=\"lazy\" height=\"2348\" itemprop=\"image\"  src=\"https:\/\/www.europesays.com\/no\/wp-content\/uploads\/2026\/09\/0c244de0-b960-3aea-90ee-403f5840c74e.jpeg\"  style=\"object-position:60.84318109230278% 47.891822827938675%\" width=\"3131\"\/>VEIDE INN: Frank L\u00f8ke (t.v.) og Kai Robin Havnaa m\u00f8tte hverandre ansikt til ansikt fredag kveld. De ble intervjuet at Svein-Erik Edvartsen etter seansen i Pollen.  Foto: Per Opsahl<\/p>\n<p class=\"_paragraph_145nj_4 _paragraph_6fko5_10 layout-component text-serif-m layout-normal text-serif-m layout-padded\">\u2013 Jeg d\u00f8mmer ogs\u00e5 ungdomskamper der man taper kampen hvis man knocker motstanderen med slag mot hodet. Jeg har god erfaring med dette og skal passe p\u00e5 at det ikke skjer, forklarer H\u00f6\u00f6k.<\/p>\n<p class=\"_paragraph_145nj_4 _paragraph_6fko5_10 layout-component text-serif-m layout-normal text-serif-m layout-padded\">\u2013 Hva med slag mot kroppen? <\/p>\n<p class=\"_paragraph_145nj_4 _paragraph_6fko5_10 layout-component text-serif-m layout-normal text-serif-m layout-padded\">\u2013 Det har jeg ingen problemer med. Der kan de sl\u00e5 s\u00e5 mye de vil til en av dem eventuelt g\u00e5r ned. Da blir det telling og kampen kan eventuelt stoppes.<\/p>\n<p class=\"_paragraph_145nj_4 _paragraph_6fko5_10 layout-component text-serif-m layout-normal text-serif-m layout-padded\">Fredag kveld var det en uh\u00f8ytidelig form for innveiing i Pollen i Arendal. L\u00f8ke ankom i kjent breial stil f\u00f8r han kledde av seg og gikk p\u00e5 vekten som viste 105 kilo \u2013 fem kilo mer enn tidligere proffbokser Havnaa. <\/p>\n<p class=\"_paragraph_145nj_4 _paragraph_6fko5_10 layout-component text-serif-m layout-normal text-serif-m layout-padded\">Sistnevne er ubeseiret i proffkarieren, og vant 15 av sine 18 kamper p\u00e5 knockout. Han <a href=\"https:\/\/www.vg.no\/sport\/i\/GyQd7B\/kai-robin-havnaa-legger-opp-vurderte-aa-amputere-tommelen\" data-track-element-type=\"Link\" data-track-id=\"link:GyQd7B\" class=\"_link_145nj_39\" rel=\"nofollow noopener\" target=\"_blank\">m\u00e5tte legge opp p\u00e5 grunn av et tommelbrudd i 2023<\/a>. <\/p>\n<p class=\"_paragraph_145nj_4 _paragraph_6fko5_10 layout-component text-serif-m layout-normal text-serif-m layout-padded\">At L\u00f8ke n\u00e5 flere ganger har entret bokseringen er omstridt. <a href=\"https:\/\/www.vg.no\/sport\/i\/LMwLXx\/ole-klemetsen-mot-frank-loeke-dette-sirkuset-er-som-i-gamle-dager\" data-track-element-type=\"Link\" data-track-id=\"link:LMwLXx\" class=\"_link_145nj_39\" rel=\"nofollow noopener\" target=\"_blank\">Bokseforbundet har tatt fullstendig avstand<\/a>, og flere profiler har lite sans for utviklingen.<\/p>\n<p class=\"_paragraph_145nj_4 _paragraph_6fko5_10 layout-component text-serif-m layout-normal text-serif-m layout-padded\">\u2013 Hva tenker du om sirkuset L\u00f8ke har tatt med seg inn i showboksingen?<\/p>\n<p class=\"_paragraph_145nj_4 _paragraph_6fko5_10 layout-component text-serif-m layout-normal text-serif-m layout-padded\">\u2013 Jeg tror det er bra for boksing, og en del av fremtiden. Kombinasjonen mellom showkamper, proffkamper og amat\u00f8rkamper. Det her er vel kanskje ikke det vi \u00f8nsker \u00e5 se mest av, men det er publikum som avgj\u00f8r det, sier H\u00f6\u00f6k og avslutter: <\/p>\n<p class=\"_paragraph_145nj_4 _paragraph_6fko5_10 layout-component text-serif-m layout-normal text-serif-m layout-padded\">\u2013 Kommer det flere tusen p\u00e5 en showkamp og 300 p\u00e5 en skikkelig kamp, da m\u00e5 boksesporten f\u00e5 drahjelp av showboksingen. Da er det virkelig viktig at det foreg\u00e5r med klare regler og trygge rammer. <\/p>\n<p class=\"_paragraph_145nj_4 _paragraph_6fko5_10 layout-component text-serif-m layout-normal text-serif-m layout-padded\">Det er ventet rundt 4000 tilskuere til kveldens showboksestevne. <\/p>\n","protected":false},"excerpt":{"rendered":"Mikael H\u00f6\u00f6k (64) har d\u00f8mt hundrevis av proffkamper. I kveld st\u00e5r han mellom Kai Robin Havnaa (37) og&hellip;\n","protected":false},"author":2,"featured_media":344910,"comment_status":"","ping_status":"","sticky":false,"template":"","format":"standard","meta":{"footnotes":"","_share_on_mastodon":"0"},"categories":[59],"tags":[1561,6828,843,30,28,29,83,82],"class_list":["post-344909","post","type-post","status-publish","format-standard","has-post-thumbnail","category-sport","tag-frank-loke","tag-kai-robin-havnaa","tag-kampsport","tag-no","tag-norge","tag-norway","tag-sport","tag-sports"],"share_on_mastodon":{"url":"https:\/\/pubeurope.com\/@no\/117218756273033954","error":""},"_links":{"self":[{"href":"https:\/\/www.europesays.com\/no\/wp-json\/wp\/v2\/posts\/344909","targetHints":{"allow":["GET"]}}],"collection":[{"href":"https:\/\/www.europesays.com\/no\/wp-json\/wp\/v2\/posts"}],"about":[{"href":"https:\/\/www.europesays.com\/no\/wp-json\/wp\/v2\/types\/post"}],"author":[{"embeddable":true,"href":"https:\/\/www.europesays.com\/no\/wp-json\/wp\/v2\/users\/2"}],"replies":[{"embeddable":true,"href":"https:\/\/www.europesays.com\/no\/wp-json\/wp\/v2\/comments?post=344909"}],"version-history":[{"count":0,"href":"https:\/\/www.europesays.com\/no\/wp-json\/wp\/v2\/posts\/344909\/revisions"}],"wp:featuredmedia":[{"embeddable":true,"href":"https:\/\/www.europesays.com\/no\/wp-json\/wp\/v2\/media\/344910"}],"wp:attachment":[{"href":"https:\/\/www.europesays.com\/no\/wp-json\/wp\/v2\/media?parent=344909"}],"wp:term":[{"taxonomy":"category","embeddable":true,"href":"https:\/\/www.europesays.com\/no\/wp-json\/wp\/v2\/categories?post=344909"},{"taxonomy":"post_tag","embeddable":true,"href":"https:\/\/www.europesays.com\/no\/wp-json\/wp\/v2\/tags?post=344909"}],"curies":[{"name":"wp","href":"https:\/\/api.w.org\/{rel}","templated":true}]}}