{"id":34491,"date":"2025-09-13T17:12:10","date_gmt":"2025-09-13T17:12:10","guid":{"rendered":"https:\/\/www.europesays.com\/no\/34491\/"},"modified":"2025-09-13T17:12:10","modified_gmt":"2025-09-13T17:12:10","slug":"traktor-ulykke-mann-i-80-arene-floyet-til-sykehus-etter-traktorulykke","status":"publish","type":"post","link":"https:\/\/www.europesays.com\/no\/34491\/","title":{"rendered":"Traktor, Ulykke | Mann i 80-\u00e5rene fl\u00f8yet til sykehus etter traktorulykke"},"content":{"rendered":"\n<p>En mann fikk en traktor over seg ved Gl\u00e5mos i R\u00f8ros kommune l\u00f8rdag formiddag.<\/p>\n<p>\u2013 Det fremst\u00e5r som en ulykke der traktoren har kommet i gir i forbindelse med p\u00e5kobling av noe utstyr. Personen har s\u00e5 ramlet og havnet under traktoren, skriver operasjonsleder Martin Hammervik Aarhoug i Tr\u00f8ndelag politidistrikt.<\/p>\n<p>Mannen var v\u00e5ken og klar da n\u00f8detatene kom til stedet, men han ble likevel fl\u00f8yet til sykehus med luftambulanse. Det er uklart hvilke skader mannen har f\u00e5tt.<\/p>\n<p>Politiet jobbet med avh\u00f8r av vitner og gjorde unders\u00f8kelser for \u00e5 klarlegge hendelsesforl\u00f8pet. Det var ingen andre personer involvert i ulykken. Traktoren skal ha stanset av seg selv.<\/p>\n<p>Politiet fikk melding om hendelsen klokken 11.16 l\u00f8rdag.<\/p>\n<p>Les mer om: artikkelemnene<\/p>\n","protected":false},"excerpt":{"rendered":"En mann fikk en traktor over seg ved Gl\u00e5mos i R\u00f8ros kommune l\u00f8rdag formiddag. \u2013 Det fremst\u00e5r som&hellip;\n","protected":false},"author":2,"featured_media":34492,"comment_status":"","ping_status":"","sticky":false,"template":"","format":"standard","meta":{"footnotes":""},"categories":[10],"tags":[36,20,21,24,25,15,22,23,13,30,28,29,14,16,1510,26,27,3286,270,51],"class_list":{"0":"post-34491","1":"post","2":"type-post","3":"status-publish","4":"format-standard","5":"has-post-thumbnail","7":"category-norge","8":"tag-art","9":"tag-breaking-news","10":"tag-breakingnews","11":"tag-featured-news","12":"tag-featurednews","13":"tag-headlines","14":"tag-latest-news","15":"tag-latestnews","16":"tag-news","17":"tag-no","18":"tag-norge","19":"tag-norway","20":"tag-nyheter","21":"tag-overskrifter","22":"tag-story","23":"tag-top-stories","24":"tag-topstories","25":"tag-traktor","26":"tag-trondelag","27":"tag-ulykke"},"share_on_mastodon":{"url":"","error":""},"_links":{"self":[{"href":"https:\/\/www.europesays.com\/no\/wp-json\/wp\/v2\/posts\/34491","targetHints":{"allow":["GET"]}}],"collection":[{"href":"https:\/\/www.europesays.com\/no\/wp-json\/wp\/v2\/posts"}],"about":[{"href":"https:\/\/www.europesays.com\/no\/wp-json\/wp\/v2\/types\/post"}],"author":[{"embeddable":true,"href":"https:\/\/www.europesays.com\/no\/wp-json\/wp\/v2\/users\/2"}],"replies":[{"embeddable":true,"href":"https:\/\/www.europesays.com\/no\/wp-json\/wp\/v2\/comments?post=34491"}],"version-history":[{"count":0,"href":"https:\/\/www.europesays.com\/no\/wp-json\/wp\/v2\/posts\/34491\/revisions"}],"wp:featuredmedia":[{"embeddable":true,"href":"https:\/\/www.europesays.com\/no\/wp-json\/wp\/v2\/media\/34492"}],"wp:attachment":[{"href":"https:\/\/www.europesays.com\/no\/wp-json\/wp\/v2\/media?parent=34491"}],"wp:term":[{"taxonomy":"category","embeddable":true,"href":"https:\/\/www.europesays.com\/no\/wp-json\/wp\/v2\/categories?post=34491"},{"taxonomy":"post_tag","embeddable":true,"href":"https:\/\/www.europesays.com\/no\/wp-json\/wp\/v2\/tags?post=34491"}],"curies":[{"name":"wp","href":"https:\/\/api.w.org\/{rel}","templated":true}]}}