{"id":344911,"date":"2026-09-05T13:50:17","date_gmt":"2026-09-05T13:50:17","guid":{"rendered":"https:\/\/www.europesays.com\/no\/344911\/"},"modified":"2026-09-05T13:50:17","modified_gmt":"2026-09-05T13:50:17","slug":"timer-for-forraeder-innspillingen-snudde-alt","status":"publish","type":"post","link":"https:\/\/www.europesays.com\/no\/344911\/","title":{"rendered":"Timer f\u00f8r \u00abForr\u00e6der\u00bb-innspillingen snudde alt"},"content":{"rendered":"<p>Christoffer Falleth (39) driver til daglig herrebutikken Mandy i Sarpsborg. Gjennom lekne videoer p\u00e5 sosiale medier, under brukernavnet MandyCandy, presenterer han b\u00e5de kl\u00e6rne han selger og seg selv med et glimt i \u00f8yet.<\/p>\n<p> N\u00e5 er han p\u00e5 plass i herskapshuset p\u00e5 Midt\u00e5sen, hvor han m\u00f8ter spillet med den samme energien og det gode hum\u00f8ret.<\/p>\n<p>        <img class=\"image__img lazyload\" itemprop=\"image\" title=\"Foto: Espen Solli \/ TV 2\" alt=\"GLEDESSPREDER: De andre deltakerne trekker fram Falleths gode hum\u00f8r. Foto: Espen Solli \/ TV 2\" width=\"675\" height=\"513\" bad-src=\"https:\/\/www.europesays.com\/no\/wp-content\/uploads\/2026\/09\/19194684.webp\" fetchpriority=\"auto\" \/><\/p>\n<p>      GLEDESSPREDER: De andre deltakerne trekker fram Falleths gode hum\u00f8r.<br \/>\n         Foto: Espen Solli \/ TV 2<\/p>\n<p>Men dette er ikke f\u00f8rste gang Falleth er aktuell med \u00abForr\u00e6der\u00bb. For snaut to \u00e5r siden var han nemlig klar for innspillingen av den femte sesongen av programmet, som rullet over TV-skjermen i fjor h\u00f8st.<\/p>\n<p>P\u00e5 f\u00f8rste innspillingsdag fikk han imidlertid en trist beskjed som gjorde at han m\u00e5tte trekke seg.<\/p>\n<p>\u2013 Jeg har aldri hatt en s\u00e5 kontrastfylt dag i mitt liv, sier han til TV 2.<\/p>\n<p>\u2013 Det var helt grusomt\u00a0<\/p>\n<p>Falleth forteller at spenningen rundt innspillingen br\u00e5tt ble avl\u00f8st av en helt annen beskjed. Et n\u00e6rt familiemedlem var blitt alvorlig syk, og han m\u00e5tte reise hjem.<\/p>\n<p>Da hadde han allerede rukket \u00e5 v\u00e6re gjennom pressedagen, og han sto p\u00e5 terskelen til det som skulle bli hans realitydebut.\u00a0<\/p>\n<p>\u2013 Det gikk fra f\u00f8rste skoledag-f\u00f8lelse, til nyheten om at et n\u00e6rt familiemedlem ligger for d\u00f8den, og at jeg m\u00e5 dra hjem og er p\u00e5 sykehuset samme natta.<\/p>\n<p>        <img class=\"image__img lazyload\" itemprop=\"image\" title=\"Foto: Odd Arne Hartvigsen \/ TV 2\" alt=\"\u00c5PENHJERTIG: Christoffer Falleth forteller om en periode som satte spor. Foto: Odd Arne Hartvigsen \/ TV 2\" width=\"675\" height=\"446\" bad-src=\"https:\/\/www.europesays.com\/no\/wp-content\/uploads\/2026\/09\/19194655.webp\" fetchpriority=\"auto\" \/><\/p>\n<p>      \u00c5PENHJERTIG: Christoffer Falleth forteller om en periode som satte spor.<br \/>\n         Foto: Odd Arne Hartvigsen \/ TV 2<\/p>\n<p>Kort tid senere mistet han morfaren sin. <\/p>\n<p>\u2013 Det var helt grusomt. Man blir helt tom. Det var en t\u00f8ff dag, og ikke minst en t\u00f8ff tid.<\/p>\n<p>\u2013 Ble veldig godt ivaretatt\u00a0<\/p>\n<p>Tiden som fulgte ble preget av sorg.\u00a0<\/p>\n<p>\u2013 Det var litt s\u00e5nn, hva skjedde egentlig? Hvor man er i en sorgprosess, samtidig som en har bygd seg opp til \u00e5 v\u00e6re med p\u00e5 noe s\u00e5nt som det her.<\/p>\n<p>Dermed ble \u00abForr\u00e6der\u00bb-eventyret satt p\u00e5 vent. Men selv om det var en t\u00f8ff situasjon, trekker Falleth fram hvordan produksjonen tok vare p\u00e5 ham da han m\u00e5tte trekke seg.<\/p>\n<p>        <img class=\"image__img lazyload\" itemprop=\"image\" title=\"Foto: Odd Arne Hartvigsen \/ TV 2\" alt=\"GOD ST\u00d8TTE: \u00abForr\u00e6der\u00bb-deltakeren forteller om st\u00f8tten han fikk fra produksjonen. Foto: Odd Arne Hartvigsen \/ TV 2\" width=\"675\" height=\"453\" bad-src=\"https:\/\/www.europesays.com\/no\/wp-content\/uploads\/2026\/09\/19194653.webp\" fetchpriority=\"auto\" \/><\/p>\n<p>      GOD ST\u00d8TTE: \u00abForr\u00e6der\u00bb-deltakeren forteller om st\u00f8tten han fikk fra produksjonen.<br \/>\n         Foto: Odd Arne Hartvigsen \/ TV 2<\/p>\n<p>\u2013 Det bekrefta hvor fine folk det er p\u00e5 settet her. For jeg ble veldig godt ivaretatt i det som p\u00e5 mange m\u00e5ter var en ekstremsituasjon, hvor du plutselig f\u00e5r ut av det bl\u00e5 beskjed om at en av de n\u00e6rmeste kanskje ikke holder ut natta.<\/p>\n<p><strong>Fikk en ny sjanse<\/strong><\/p>\n<p>Ett \u00e5r senere kom imidlertid muligheten tilbake. Denne gangen fikk Falleth ta steget inn d\u00f8rene til det mektige \u00abForr\u00e6der\u00bb-huset i Sandefjord.<\/p>\n<p>Og med det hadde han ogs\u00e5 hatt god tid til \u00e5 forberede seg.<\/p>\n<p>\u2013 Jeg kan si at det er nok en av de mest forberedte deltakerne. Jeg har jo forberedt meg i to \u00e5r, s\u00e5 jeg har kommet inn som ekspert. Det er ingen som har v\u00e6rt s\u00e5 godt forberedt p\u00e5 \u00e5 komme inn f\u00f8r, sp\u00f8ker han. <\/p>\n<p>Dermed fikk han endelig oppleve det han hadde sett fram til s\u00e5 lenge. Denne gangen med en helt spesiell person i tankene.<\/p>\n<p>\u2013 Jeg hadde min kj\u00e6re morfar med meg, sier han og legger til:\u00a0<\/p>\n<p>\u2013 Han var en legende.<\/p>\n","protected":false},"excerpt":{"rendered":"Christoffer Falleth (39) driver til daglig herrebutikken Mandy i Sarpsborg. Gjennom lekne videoer p\u00e5 sosiale medier, under brukernavnet&hellip;\n","protected":false},"author":2,"featured_media":344912,"comment_status":"","ping_status":"","sticky":false,"template":"","format":"standard","meta":{"footnotes":"","_share_on_mastodon":"0"},"categories":[58],"tags":[71,30,28,29,72],"class_list":["post-344911","post","type-post","status-publish","format-standard","has-post-thumbnail","category-underholdning","tag-entertainment","tag-no","tag-norge","tag-norway","tag-underholdning"],"share_on_mastodon":{"url":"https:\/\/pubeurope.com\/@no\/117218759380807463","error":""},"_links":{"self":[{"href":"https:\/\/www.europesays.com\/no\/wp-json\/wp\/v2\/posts\/344911","targetHints":{"allow":["GET"]}}],"collection":[{"href":"https:\/\/www.europesays.com\/no\/wp-json\/wp\/v2\/posts"}],"about":[{"href":"https:\/\/www.europesays.com\/no\/wp-json\/wp\/v2\/types\/post"}],"author":[{"embeddable":true,"href":"https:\/\/www.europesays.com\/no\/wp-json\/wp\/v2\/users\/2"}],"replies":[{"embeddable":true,"href":"https:\/\/www.europesays.com\/no\/wp-json\/wp\/v2\/comments?post=344911"}],"version-history":[{"count":0,"href":"https:\/\/www.europesays.com\/no\/wp-json\/wp\/v2\/posts\/344911\/revisions"}],"wp:featuredmedia":[{"embeddable":true,"href":"https:\/\/www.europesays.com\/no\/wp-json\/wp\/v2\/media\/344912"}],"wp:attachment":[{"href":"https:\/\/www.europesays.com\/no\/wp-json\/wp\/v2\/media?parent=344911"}],"wp:term":[{"taxonomy":"category","embeddable":true,"href":"https:\/\/www.europesays.com\/no\/wp-json\/wp\/v2\/categories?post=344911"},{"taxonomy":"post_tag","embeddable":true,"href":"https:\/\/www.europesays.com\/no\/wp-json\/wp\/v2\/tags?post=344911"}],"curies":[{"name":"wp","href":"https:\/\/api.w.org\/{rel}","templated":true}]}}