{"id":344915,"date":"2026-09-05T13:54:15","date_gmt":"2026-09-05T13:54:15","guid":{"rendered":"https:\/\/www.europesays.com\/no\/344915\/"},"modified":"2026-09-05T13:54:15","modified_gmt":"2026-09-05T13:54:15","slug":"politiet-med-paraplynekt","status":"publish","type":"post","link":"https:\/\/www.europesays.com\/no\/344915\/","title":{"rendered":"Politiet med paraplynekt"},"content":{"rendered":"<p>Politiet sier at alle trygt kan komme til kong Haralds gravferd i Oslo sentrum, men l\u00f8rdag kommer de med en viktig presisering: De som skal innenfor den sikrede sonen p\u00e5 gravferdsdagen f\u00e5r ikke mulighet til \u00e5 ta med seg paraply.\u00a0<\/p>\n<p>Varsler lokale ettermiddagsbyger<\/p>\n<p>If\u00f8lge Storms meteorologer, kommer det imidlertid til \u00e5 bli gr\u00e5v\u00e6r med ustabile luftmasser. Om morgenen er det opphold, men utover dagen kan alt skje.\u00a0<\/p>\n<p>\u2013 Det kan komme lokale ettermiddagsbyger, det er vanskelig \u00e5 si hvor p\u00e5 \u00d8stlandet, og de kan bli kraftige mens de st\u00e5r p\u00e5, sier Olav Krogs\u00e6ther til TV 2.<\/p>\n<p>Mange vil nok vurdere \u00e5 ta med seg paraplyen, men er det egentlig greit? Under andre arrangementer med mye folk til stede, har politiet ofte bedt folk om \u00e5 la paraplyen ligge hjemme.\u00a0<\/p>\n<p>        <img class=\"image__img lazyload\" itemprop=\"image\" title=\"Foto: Terje Pedersen \/ NTB\" alt=\"DOMKIRKEN: Det er stort sikkerhetsoppbud i forbindelse med kong Haralds gravferd. Foto: Terje Pedersen \/ NTB\" width=\"978\" height=\"551\" bad-src=\"https:\/\/www.europesays.com\/no\/wp-content\/uploads\/2026\/09\/19197065.webp\" fetchpriority=\"auto\" \/><\/p>\n<p>      DOMKIRKEN: Det er stort sikkerhetsoppbud i forbindelse med kong Haralds gravferd.<br \/>\n         Foto: Terje Pedersen \/ NTB<\/p>\n<p>Advarte mot bunadeffekt \u2013 glemte paraply<\/p>\n<p>Politiet advarte ikke mot paraplyer p\u00e5 sin pressekonferanse fredag.\u00a0<\/p>\n<p>\u2013 Det er trygt \u00e5 komme til Oslo sentrum. Det er en historisk nasjonal begivenhet, sier Oslos politimester Ida Melbo \u00d8ystese. Hun lover \u00e5 ta vare p\u00e5 sikkerheten for de fremm\u00f8tte.\u00a0<\/p>\n<p>Sikkerhetsoppbudet i hovedstaden kommer til \u00e5 v\u00e6re massivt under gravferden. Hele sentrum stenges for bil- og elsparkesykkeltrafikk. Det blir sikkerhetskontroller og flyforbud.<\/p>\n<p>\u2013 Et godt r\u00e5d hvis du har tenkt \u00e5 ha p\u00e5 deg bunad den dagen \u2013 s\u00e5 la kniven bli igjen hjemme, sier \u00d8ystese.<\/p>\n<p>Men ingen spurte om paraplyene.\u00a0<\/p>\n<p>N\u00e5r TV 2 kontakter politiets pressetalsmann Tomm Berger l\u00f8rdag, m\u00e5 han ta en runde p\u00e5 sp\u00f8rsm\u00e5let.<\/p>\n<p>\u2013 Paraplyer vil bli forbudt, sier Berger til TV 2 l\u00f8rdag.\u00a0<\/p>\n<p>Kort tid etter sender politiet ut en pressemelding om paraplyforbudet.\u00a0<\/p>\n<p>\u2013 Paraplyer vil hindre politiet<\/p>\n<p>Oslo politidistrikt har besluttet at de som skal innenfor den sikrede sonen p\u00e5 gravferdsdagen ikke f\u00e5r mulighet til \u00e5 ta med seg paraply, skriver politiet i pressemeldingen.\u00a0<\/p>\n<p>\u2013 Publikum slipper ikke inn med paraply. Politiet har ikke kapasitet til \u00e5 ta vare p\u00e5 disse. Ta derfor med regnjakke eller annet t\u00f8y som t\u00e5ler vann.<\/p>\n<p>Oslo politidistrikt har ansvaret for at gravferden skal gjennomf\u00f8res p\u00e5 en sikker og verdig m\u00e5te. Paraply vil kunne hindre politiets mulighet til \u00e5 ivareta sikkerheten, legger de til.\u00a0<\/p>\n<p>\u2013 Vi forventer at mange vil delta, og bruk av paraply vil kunne hindre sikt, og det vil kunne f\u00f8re til uro og ordensforstyrrelser, presiserer politiet i pressemeldingen.\u00a0<\/p>\n<p>\u2013 Solgl\u00f8tt i gr\u00e5v\u00e6ret<\/p>\n<p>Krogs\u00e6ther sier det er umulig \u00e5 si sikkert om det kommer til \u00e5 regne p\u00e5 de oppm\u00f8tte, men det er usannsynlig at vi f\u00e5r langvarig p\u00f8sregn.<\/p>\n<p>Det blir en gr\u00e5 dag der Oslo er i sorg.\u00a0<\/p>\n<p>\u2013 Det er en trist dag der vi tar farvel med kongen, men vi har jo ogs\u00e5 mange gode minner. Det vil komme solgl\u00f8tt i gr\u00e5v\u00e6ret innimellom, sier Krogs\u00e6ther, som kondolerer til kongefamilien p\u00e5 vegne av meteorologene.<\/p>\n","protected":false},"excerpt":{"rendered":"Politiet sier at alle trygt kan komme til kong Haralds gravferd i Oslo sentrum, men l\u00f8rdag kommer de&hellip;\n","protected":false},"author":2,"featured_media":344916,"comment_status":"","ping_status":"","sticky":false,"template":"","format":"standard","meta":{"footnotes":"","_share_on_mastodon":"0"},"categories":[10],"tags":[20,21,24,25,15,22,23,13,30,28,29,14,16,26,27],"class_list":["post-344915","post","type-post","status-publish","format-standard","has-post-thumbnail","category-norge","tag-breaking-news","tag-breakingnews","tag-featured-news","tag-featurednews","tag-headlines","tag-latest-news","tag-latestnews","tag-news","tag-no","tag-norge","tag-norway","tag-nyheter","tag-overskrifter","tag-top-stories","tag-topstories"],"share_on_mastodon":{"url":"https:\/\/pubeurope.com\/@no\/117218775108728915","error":""},"_links":{"self":[{"href":"https:\/\/www.europesays.com\/no\/wp-json\/wp\/v2\/posts\/344915","targetHints":{"allow":["GET"]}}],"collection":[{"href":"https:\/\/www.europesays.com\/no\/wp-json\/wp\/v2\/posts"}],"about":[{"href":"https:\/\/www.europesays.com\/no\/wp-json\/wp\/v2\/types\/post"}],"author":[{"embeddable":true,"href":"https:\/\/www.europesays.com\/no\/wp-json\/wp\/v2\/users\/2"}],"replies":[{"embeddable":true,"href":"https:\/\/www.europesays.com\/no\/wp-json\/wp\/v2\/comments?post=344915"}],"version-history":[{"count":0,"href":"https:\/\/www.europesays.com\/no\/wp-json\/wp\/v2\/posts\/344915\/revisions"}],"wp:featuredmedia":[{"embeddable":true,"href":"https:\/\/www.europesays.com\/no\/wp-json\/wp\/v2\/media\/344916"}],"wp:attachment":[{"href":"https:\/\/www.europesays.com\/no\/wp-json\/wp\/v2\/media?parent=344915"}],"wp:term":[{"taxonomy":"category","embeddable":true,"href":"https:\/\/www.europesays.com\/no\/wp-json\/wp\/v2\/categories?post=344915"},{"taxonomy":"post_tag","embeddable":true,"href":"https:\/\/www.europesays.com\/no\/wp-json\/wp\/v2\/tags?post=344915"}],"curies":[{"name":"wp","href":"https:\/\/api.w.org\/{rel}","templated":true}]}}