{"id":344917,"date":"2026-09-05T13:56:31","date_gmt":"2026-09-05T13:56:31","guid":{"rendered":"https:\/\/www.europesays.com\/no\/344917\/"},"modified":"2026-09-05T13:56:31","modified_gmt":"2026-09-05T13:56:31","slug":"sostrenes-kamper-en-pa-banen-en-i-hodet","status":"publish","type":"post","link":"https:\/\/www.europesays.com\/no\/344917\/","title":{"rendered":"S\u00f8strenes kamper \u2013 \u00e9n p\u00e5 banen, \u00e9n i hodet"},"content":{"rendered":"<p>      <a href=\"https:\/\/play.tv2.no\/sport\/fotball\/fotball-nm-kvinner-1e9zpbgw\/brann-aalesund-aeqd6mk9?utm_source=tv2.no&amp;utm_medium=promo&amp;utm_campaign=Fotball-NM%2C+kvinner&amp;utm_term=Brann+-+Aalesund&amp;utm_content=www.tv2.no\/sport\/sostrenes-kamper-en-pa-banen-en-i-hodet\/19193226\/\" rel=\"nofollow noopener\" target=\"_blank\"><\/p>\n<p>    <img class=\"image__img lazyload\" itemprop=\"image\" title=\"\" alt=\"\" width=\"978\" height=\"551\" bad-src=\"https:\/\/www.europesays.com\/no\/wp-content\/uploads\/2026\/09\/19197143.webp\" fetchpriority=\"auto\" \/><\/p>\n<p>              Brann &#8211; Aalesund<\/p>\n<p>\n                  TV 2 Play\n              <\/p>\n<p>      <\/a><\/p>\n<p>En lang og varm klem deles mellom to s\u00f8stre.<\/p>\n<p>Kj\u00e6rligheten er enorm.<\/p>\n<p>\u00c5rsaken er b\u00e5de fin og vakker, men ogs\u00e5 m\u00f8rk og dyster.\u00a0<\/p>\n<p>Dette intervjuet med s\u00f8strene Josefine og Milie Birkelund inneholder latter, t\u00e5rer og glede, men ogs\u00e5 beskrivelser av \u00e5 ha det ufattelig vondt.<\/p>\n<p>\u2013 Jeg har sagt det tidligere, og det mener jeg, at hadde det ikke v\u00e6rt for s\u00f8steren min, s\u00e5 hadde ikke jeg v\u00e6rt her i dag, sier Milie.\u00a0<\/p>\n<p>        <img class=\"image__img lazyload\" itemprop=\"image\" title=\"\" alt=\"\" width=\"675\" height=\"473\" bad-src=\"https:\/\/www.europesays.com\/no\/wp-content\/uploads\/2026\/09\/19194436.webp\" fetchpriority=\"auto\" \/><\/p>\n<p>Josefine spiller fotball for Brann i Bergen.\u00a0<\/p>\n<p>Milie er programleder for NRK-programmet\u00a0\u00abUnormal\u00bb og bor i Trondheim.\u00a0<\/p>\n<p>Stores\u00f8ster er p\u00e5 bes\u00f8k i Vestlandets hovedstad i et par dager.\u00a0<\/p>\n<p>\u2013 Sykt sta<\/p>\n<p>De har sluttet \u00e5 spille spill sammen. Konkurranseinstinktet er for stort hos begge, s\u00e5 det g\u00e5r ikke.\u00a0<\/p>\n<p>        <img class=\"image__img lazyload\" itemprop=\"image\" title=\"Foto: Privat\" alt=\"ERTERIS: Milie (til venstre) og Josefine har fulgt hverandre tett helt siden de var bitte sm\u00e5. Foto: Privat\" width=\"675\" height=\"466\" bad-src=\"https:\/\/www.europesays.com\/no\/wp-content\/uploads\/2026\/09\/19194479.webp\" fetchpriority=\"auto\" \/><\/p>\n<p>      ERTERIS: Milie (til venstre) og Josefine har fulgt hverandre tett helt siden de var bitte sm\u00e5.<br \/>\n         Foto: Privat<\/p>\n<p>Men de har spilt mye p\u00e5 lag, likevel.<\/p>\n<p>N\u00e5 sitter de tett inntil hverandre og forteller om hvordan de har hjulpet hverandre i situasjoner der de ellers hadde gitt opp.\u00a0<\/p>\n<p>Josefine var skadet og fikk beskjed om \u00e5 legge opp.\u00a0<\/p>\n<p>Millie var syk og ville avslutte livet.\u00a0<\/p>\n<p>\u2013 Av de fem \u00e5rene jeg spilte i Lyn var jeg skadet i tre av dem. Det er ganske sykt, sier Josefine.\u00a0<\/p>\n<p>        <img class=\"image__img lazyload\" itemprop=\"image\" title=\"Foto: Privat\" alt=\"NYOPERERT: Josefine Birkelund har v\u00e6rt satt p\u00e5 sidelinjen av to alvorlige kneskader. Foto: Privat\" width=\"675\" height=\"466\" bad-src=\"https:\/\/www.europesays.com\/no\/wp-content\/uploads\/2026\/09\/19194536.webp\" fetchpriority=\"auto\" \/><\/p>\n<p>      NYOPERERT: Josefine Birkelund har v\u00e6rt satt p\u00e5 sidelinjen av to alvorlige kneskader.<br \/>\n         Foto: Privat<\/p>\n<p>To solide kneskader kunne satt en stopper for karrieren, det var i hvert fall det hun fikk beskjed om.\u00a0<\/p>\n<p>\u2013 Jeg har f\u00e5tt h\u00f8re det s\u00e5 mange ganger.\u00a0\u00abHvorfor gidder du?\u00bb,\u00a0\u00abdu m\u00e5 slutte med fotball\u00bb, og \u00abdet finnes jo et liv etter karrieren\u00bb.<\/p>\n<p>Millie mener det er spesielt \u00e9n egenskap s\u00f8steren som har gjort at hun fremdeles spiller.\u00a0<\/p>\n<p>\u2013 Du er s\u00e5 sykt sta!\u00a0<\/p>\n<p>Latteren runger ut over Tveitevannet i Bergen.\u00a0<\/p>\n<p>        <img class=\"image__img lazyload\" itemprop=\"image\" title=\"\" alt=\"\" width=\"675\" height=\"453\" bad-src=\"https:\/\/www.europesays.com\/no\/wp-content\/uploads\/2026\/09\/19194542.webp\" fetchpriority=\"auto\" \/><\/p>\n<p>\u2013 Ja, det er riktig, sier Josefine.\u00a0<\/p>\n<p>Men, selv hvor dystert det h\u00f8res ut, Brann-spilleren mener staheten har v\u00e6rt akkompagnert av en styrke hun ikke hadde f\u00e5tt om ikke stores\u00f8steren hadde tilbrakt flere \u00e5r i et m\u00f8rke.\u00a0<\/p>\n<p>\u2013 Det er sant. Jeg har sett hvor langt nede hun har v\u00e6rt mentalt. N\u00e5r hun har klart \u00e5 st\u00e5 gjennom det hun har klart, da skal jeg klare det ogs\u00e5. Jeg har nok tenkt s\u00e5nn, ja.\u00a0<\/p>\n<p>Selv om Milie har slitt med langt mer alvorlig sykdom enn en kneskade, er hun mektig imponert over lilles\u00f8steren.<\/p>\n<p>\u2013 Det at du alltid er s\u00e5 sinnssykt disiplinert og har jobbet knallhardt de gangene de fleste andre bare hadde gitt opp, det gj\u00f8r meg utrolig stolt, sier Milie om hvordan Josefine har kjempet seg tilbake p\u00e5 banen.<\/p>\n<p>        <img class=\"image__img lazyload\" itemprop=\"image\" title=\"\" alt=\"ST\u00d8TTE: Milie gir Josefine en god klem etter vel gjennomf\u00f8rt kamp for Brann. Stores\u00f8steren pr\u00f8ver \u00e5 v\u00e6re p\u00e5 alle de kampene hun kan.\" width=\"675\" height=\"608\" bad-src=\"https:\/\/www.europesays.com\/no\/wp-content\/uploads\/2026\/09\/19194544.webp\" fetchpriority=\"auto\" \/><\/p>\n<p>      ST\u00d8TTE: Milie gir Josefine en god klem etter vel gjennomf\u00f8rt kamp for Brann. Stores\u00f8steren pr\u00f8ver \u00e5 v\u00e6re p\u00e5 alle de kampene hun kan.<\/p>\n<p>\u2013 N\u00e5 m\u00e5 du gi deg, jeg begynner \u00e5 gr\u00e5te, svarer Josefine, i en miks av t\u00e5rer og latter.\u00a0<\/p>\n<p>\u00c5pen om mentalt m\u00f8rke<\/p>\n<p>Milie har v\u00e6rt \u00e5pen om en oppvekst preget av usikkerhet, angst, til og med vold.\u00a0<\/p>\n<p>Josefine har alltid smilt.\u00a0<\/p>\n<p>        <img class=\"image__img lazyload\" itemprop=\"image\" title=\"\" alt=\"\" width=\"675\" height=\"453\" bad-src=\"https:\/\/www.europesays.com\/no\/wp-content\/uploads\/2026\/09\/19194651.webp\" fetchpriority=\"auto\" \/><\/p>\n<p>\u2013 Du er s\u00e5 jordn\u00e6r og omtenksom, du ser alle rundt deg. Du ser folk og tar vare p\u00e5 folk, ogs\u00e5 de som faller litt utenfor, er Milies attest til lilles\u00f8ster.\u00a0<\/p>\n<p>\u00c5 falle utenfor kjenner Milie til, litt for godt.\u00a0<\/p>\n<p>NRK-programlederen har tidligere <a href=\"https:\/\/www.nrk.no\/ytring\/mine-superkrefter-1.17335276\" target=\"_blank\" rel=\"nofollow noopener\">skrevet om vonde og brutale opplevelser<\/a>.<\/p>\n<p>Her er et lite, men beskrivende utdrag:\u00a0<\/p>\n<p>\u00ab<strong>Volden jeg ble <\/strong>utsatt for gravde fram et s\u00e5r jeg ogs\u00e5 hadde hatt som liten. Det minnet meg p\u00e5 lille Milie som ble hengt ut av medelever fordi hun trodde at to jenter kunne v\u00e6re kj\u00e6rester\u00bb.<\/p>\n<p>I flere \u00e5r har hun kjempet mot noen hissige demoner.\u00a0<\/p>\n<p>Hun har f\u00f8lt seg annerledes. Slitt med \u00e5 v\u00e6re seg selv.\u00a0<\/p>\n<p>\u2013 Jeg husker da jeg var fjorten. Da var jeg ganske syk. Jeg var veldig, veldig deprimert.\u00a0<\/p>\n<p>23-\u00e5ringen var ikke som alle andre, samtidig var hun plaget av en bipolar lidelse, uten at noen visste det.\u00a0<\/p>\n<p>        Bipolar lidelse, faser og symptomer:<\/p>\n<ul>\n<li>\n<p><strong>Mani:<\/strong> En tilstand med unormalt oppstemt eller irritabelt hum\u00f8r, mye energi, lite s\u00f8vnbehov og h\u00f8y aktivitet.<\/p>\n<\/li>\n<li>\n<p><strong>Hypomani:<\/strong> En mildere og mindre hemmende utgave av mani.<\/p>\n<\/li>\n<li>\n<p><strong>Depresjon:<\/strong> En periode med dyp nedstemthet, lite energi, h\u00e5pl\u00f8shet og tapt matlyst eller interesse for ting.<\/p>\n<\/li>\n<li>\n<p><strong>Stabile perioder:<\/strong> Tid mellom episodene hvor hum\u00f8ret er helt normalt.<\/p>\n<\/li>\n<\/ul>\n<p>Kilde: Store medisinske leksikon\u00a0<\/p>\n<p>\u2013 Jeg har alltid f\u00f8lt at fokuset har v\u00e6rt veldig p\u00e5 meg fordi det har v\u00e6rt s\u00e5 mye greier med meg. Det har jo gjort at jeg f\u00f8ler at du ikke har f\u00e5tt nok oppmerksomhet.\u00a0<\/p>\n<p>\u2013 Klarte s\u00e5 vidt \u00e5 b\u00e6re meg selv<\/p>\n<p>Da alt var som m\u00f8rkest ville Milie ta sitt eget liv.\u00a0<\/p>\n<p>N\u00e5 er hun programleder i \u00abNRK Unormal\u00bb og podkasten\u00a0\u00abBaksnakk\u00bb. Der er 23-\u00e5ringen et forbilde for flere som kjenner seg igjen.<\/p>\n<p>Milie er tydelig p\u00e5 at det ikke hadde skjedd uten hjelp fra lilles\u00f8steren.\u00a0<\/p>\n<p>\u2013 Det er veldig m\u00f8rkt, men de gangene jeg har tenkt at jeg ikke orker eller vil mer, s\u00e5 har jeg sett for meg at hun st\u00e5r ved siden av meg og bare er der. Da har jeg tenkt at jeg skal fortsette \u00e5 kjempe.\u00a0<\/p>\n<p>Milie henvender seg direkte til lilles\u00f8steren.\u00a0<\/p>\n<p>        <img class=\"image__img lazyload\" itemprop=\"image\" title=\"\" alt=\"\" width=\"978\" height=\"551\" bad-src=\"https:\/\/www.europesays.com\/no\/wp-content\/uploads\/2026\/09\/19194575.webp\" fetchpriority=\"auto\" \/><\/p>\n<p>        <img class=\"image__img lazyload\" itemprop=\"image\" title=\"\" alt=\"\" width=\"978\" height=\"551\" bad-src=\"https:\/\/www.europesays.com\/no\/wp-content\/uploads\/2026\/09\/19194572.webp\" fetchpriority=\"auto\" \/><\/p>\n<p>\u2013 Du er en person som er der. Gjentatte ganger har du st\u00e5tt p\u00e5 siden og st\u00f8ttet meg. Du har egentlig v\u00e6rt stores\u00f8ster, selv om det er min rolle. Det har jeg fremdeles litt d\u00e5rlig samvittighet for, fordi jeg skulle \u00f8nske det ikke var s\u00e5nn.<\/p>\n<p>Samtidig som Milie har slitt med sitt eget m\u00f8rke og depresjon, har hun hatt d\u00e5rlig samvittighet overfor en lilles\u00f8ster som har fors\u00f8kt \u00e5 gj\u00f8re hverdagen lysere ved \u00e5 smile.<\/p>\n<p>        <img class=\"image__img lazyload\" itemprop=\"image\" title=\"\" alt=\"\" width=\"675\" height=\"379\" bad-src=\"https:\/\/www.europesays.com\/no\/wp-content\/uploads\/2026\/09\/19194567.webp\" fetchpriority=\"auto\" \/><\/p>\n<p>\u2013 Jeg \u00f8nsket jo \u00e5 gi deg den st\u00f8tten tidligere ogs\u00e5, men jeg klarte det ikke fordi jeg s\u00e5 vidt klarte \u00e5 b\u00e6re meg selv.\u00a0<\/p>\n<p>\u2013 Jeg vet at du er en person som kanskje f\u00f8ler at du m\u00e5 v\u00e6re blid, sier Milie til Josefine.<\/p>\n<p>Brann-spilleren tenker seg om f\u00f8r hun svarer.<\/p>\n<p>\u00a0\u2013 Jeg f\u00f8ler jeg er blitt flinkere til \u00e5 la det v\u00e6re en naturlig greie de siste \u00e5rene. Da du gikk gjennom mye og var i de t\u00f8ffe periodene, s\u00e5 ble det p\u00e5 en m\u00e5te en vane. At jeg m\u00e5 ta p\u00e5 det smilet for \u00e5 unng\u00e5 at du f\u00e5r det enda verre. At jeg p\u00e5 en m\u00e5te m\u00e5tte v\u00e6re lyset.\u00a0<\/p>\n<p>Gir tilbake<\/p>\n<p>For tre \u00e5r siden fikk Milie diagnosen bipolar. Det har gjort livet lettere \u00e5 leve.\u00a0<\/p>\n<p>N\u00e5 fungerer 23-\u00e5ringen i hverdagen og gir tilbake s\u00e5 mye hun kan.\u00a0<\/p>\n<p>\u2013 Jeg pr\u00f8ver \u00e5 v\u00e6re til stede p\u00e5 alle kampene jeg har mulighet.<\/p>\n<p>S\u00f8ndag er en parkbenk i Bergen byttet ut med tribuneplass p\u00e5 Ullevaal for \u00e5 heie p\u00e5 lilles\u00f8ster i Cupfinalen.<\/p>\n<p>\u2013 Det vil bety sinnssykt mye hvis de vinner, men mest fordi jeg vet at det betyr s\u00e5 mye for Josefine.<\/p>\n<p>        <img class=\"image__img lazyload\" itemprop=\"image\" title=\"\" alt=\"\" width=\"978\" height=\"551\" bad-src=\"https:\/\/www.europesays.com\/no\/wp-content\/uploads\/2026\/09\/19194637.webp\" fetchpriority=\"auto\" \/><\/p>\n<p>Branns h\u00f8yreback har tro p\u00e5 at det vil bli g\u00f8y for s\u00f8steren og resten av fansen p\u00e5 tribunen.<\/p>\n<p>\u2013 Jeg gleder meg helt enormt. Det er jo en barndomsdr\u00f8m \u00e5 kunne spille den for Brann ogs\u00e5. Jeg har masse familie herfra, s\u00e5 det blir stort.\u00a0<\/p>\n<p>\u2013 Spesielt etter det sure tapet i Wien s\u00e5 tror jeg sjansen er stor. Vi har alt i v\u00e5re hender.\u00a0<\/p>\n<p>        <img class=\"image__img lazyload\" itemprop=\"image\" title=\"Foto: Armin Rauthner \/ BILDBYR\u00c5N\" alt=\"TAP: Josefine Birkelund og Brann var sjansel\u00f8se i m\u00f8tet med Austria Wien i kampen om Champions League-plass. Foto: Armin Rauthner \/ BILDBYR\u00c5N\" width=\"675\" height=\"439\" bad-src=\"https:\/\/www.europesays.com\/no\/wp-content\/uploads\/2026\/09\/19194635.webp\" fetchpriority=\"auto\" \/><\/p>\n<p>      TAP: Josefine Birkelund og Brann var sjansel\u00f8se i m\u00f8tet med Austria Wien i kampen om Champions League-plass.<br \/>\n         Foto: Armin Rauthner \/ BILDBYR\u00c5N<\/p>\n<p>Tirsdag r\u00f8k Brann ut av Champions League s\u00e5 det sang med 0-4-tap i Wien.\u00a0<\/p>\n<p>\u2013 Er det en ulempe for Aalesund at dere fikk dere en tr\u00f8kk?\u00a0<\/p>\n<p>\u2013 Det tror jeg absolutt. De b\u00f8r v\u00e6re litt redde n\u00e5, sier Josefine Birkelund og gj\u00f8r som hun stort sett alltid gj\u00f8r, hun ler.\u00a0<\/p>\n<p>\u00a0<\/p>\n","protected":false},"excerpt":{"rendered":"Brann &#8211; Aalesund TV 2 Play En lang og varm klem deles mellom to s\u00f8stre. Kj\u00e6rligheten er enorm.&hellip;\n","protected":false},"author":2,"featured_media":344918,"comment_status":"","ping_status":"","sticky":false,"template":"","format":"standard","meta":{"footnotes":"","_share_on_mastodon":"0"},"categories":[59],"tags":[30,28,29,83,82],"class_list":["post-344917","post","type-post","status-publish","format-standard","has-post-thumbnail","category-sport","tag-no","tag-norge","tag-norway","tag-sport","tag-sports"],"share_on_mastodon":{"url":"https:\/\/pubeurope.com\/@no\/117218783270117341","error":""},"_links":{"self":[{"href":"https:\/\/www.europesays.com\/no\/wp-json\/wp\/v2\/posts\/344917","targetHints":{"allow":["GET"]}}],"collection":[{"href":"https:\/\/www.europesays.com\/no\/wp-json\/wp\/v2\/posts"}],"about":[{"href":"https:\/\/www.europesays.com\/no\/wp-json\/wp\/v2\/types\/post"}],"author":[{"embeddable":true,"href":"https:\/\/www.europesays.com\/no\/wp-json\/wp\/v2\/users\/2"}],"replies":[{"embeddable":true,"href":"https:\/\/www.europesays.com\/no\/wp-json\/wp\/v2\/comments?post=344917"}],"version-history":[{"count":0,"href":"https:\/\/www.europesays.com\/no\/wp-json\/wp\/v2\/posts\/344917\/revisions"}],"wp:featuredmedia":[{"embeddable":true,"href":"https:\/\/www.europesays.com\/no\/wp-json\/wp\/v2\/media\/344918"}],"wp:attachment":[{"href":"https:\/\/www.europesays.com\/no\/wp-json\/wp\/v2\/media?parent=344917"}],"wp:term":[{"taxonomy":"category","embeddable":true,"href":"https:\/\/www.europesays.com\/no\/wp-json\/wp\/v2\/categories?post=344917"},{"taxonomy":"post_tag","embeddable":true,"href":"https:\/\/www.europesays.com\/no\/wp-json\/wp\/v2\/tags?post=344917"}],"curies":[{"name":"wp","href":"https:\/\/api.w.org\/{rel}","templated":true}]}}