{"id":344921,"date":"2026-09-05T13:58:12","date_gmt":"2026-09-05T13:58:12","guid":{"rendered":"https:\/\/www.europesays.com\/no\/344921\/"},"modified":"2026-09-05T13:58:12","modified_gmt":"2026-09-05T13:58:12","slug":"kunstdirektoren-for-alien-isolation-2-avslorer-hvordan-man-kan-gjore-spillet-mindre-skummelt","status":"publish","type":"post","link":"https:\/\/www.europesays.com\/no\/344921\/","title":{"rendered":"Kunstdirekt\u00f8ren for \u00abAlien: Isolation 2\u00bb avsl\u00f8rer hvordan man kan gj\u00f8re spillet mindre skummelt"},"content":{"rendered":"<p>Det kan virke rart at en person som jobber med et skrekk-spill skal komme med r\u00e5d om hvordan man kan gj\u00f8re opplevelsen mindre skremmende, men kunstdirekt\u00f8ren for Alien: Isolation 2, Ana Sopikova, \u00f8nsker ikke at folk skal bli utsatt for for mye spenning altfor tidlig. I stedet b\u00f8r de f\u00f8le seg trygge p\u00e5 visse tidspunkt, for s\u00e5 \u00e5 f\u00e5 den roen fullstendig revet bort i andre \u00f8yeblikk.<\/p>\n<p>Men hvis du er en av dem som ikke tror du i det hele tatt kan n\u00e6rme deg et spill som \u00ab Alien: Isolation 2 p\u00e5 grunn av skrekkfaktoren, har Sopikova et fint tips for \u00e5 hindre at du blir for redd. \u00abMitt r\u00e5d til alle som er for redde, er rett og slett \u00e5 skru ned musikken. Mange innser ikke hvor mye musikken bidrar til \u00e5 bygge opp spenningen,\u00bb forteller hun <a href=\"https:\/\/www.gamesradar.com\/games\/survival-horror\/alien-isolation-2-dev-doesnt-want-you-on-the-verge-of-having-a-heart-attack-playing-the-sequel-so-turn-the-music-down-if-you-have-to\/\" target=\"_blank\" rel=\"nofollow noopener\">til GamesRadar<\/a> i et nylig intervju.<\/p>\n<p>Selv om du er en skrekkveteran, er ikke hensikten med \u00ab Alien: Isolation 2 \u00e5 f\u00e5 deg til \u00e5 f\u00f8le deg fullstendig livredd hele tiden. \u00abVi vil ikke at spillerne hele tiden skal v\u00e6re p\u00e5 toppen av redselen, p\u00e5 randen av \u00e5 f\u00e5 et hjerteinfarkt, for da blir de bare vant til det, og det er ikke skummelt lenger. Det er jo et narrativt spill. Det er en historie \u00e5 f\u00f8lge. S\u00e5 du skj\u00f8nner, vi tar med alle elementene, b\u00e5de det visuelle og lyden, hvordan alt henger sammen, animasjon og spillbarhet, og vi pr\u00f8ver bare \u00e5 bygge opp den opplevelsen med alle de ulike delene for \u00e5 virkelig understreke h\u00f8ydepunktene og lavpunktene,\u00bb forklarte Sopikova.<\/p>\n<p>Vi har v\u00e5re egne inntrykk og et intervju fra v\u00e5r hands-on med \u00ab Alien: Isolation 2 p\u00e5 vei, s\u00e5 hold \u00f8ynene \u00e5pne for mer om denne uhyggelige oppf\u00f8lgeren.<\/p>\n<p><img loading=\"lazy\" decoding=\"async\" id=\"img-2136563-4923213\" data-fullsize=\"\/media\/32\/_4923213b.jpg\" data-lazy=\"\" src=\"https:\/\/www.gamereactor.nohttps:\/\/www.gamereactor.no\/media\/32\/_4923213_650x.jpg\" width=\"650\" onclick=\"if (!window.__cfRLUnblockHandlers) return false; gallery_openmodal('2136563','4923213',false,'42a61b38226d9f4a3bdeef465b616eb7');\" height=\"273\" alt=\"Alien: Isolation 2\" class=\"rwd_col_content lazy\" data-cf-modified-1d92f098a693aeb4d411038f-=\"\"\/><\/p>\n","protected":false},"excerpt":{"rendered":"Det kan virke rart at en person som jobber med et skrekk-spill skal komme med r\u00e5d om hvordan&hellip;\n","protected":false},"author":2,"featured_media":344922,"comment_status":"","ping_status":"","sticky":false,"template":"","format":"standard","meta":{"footnotes":"","_share_on_mastodon":"0"},"categories":[57],"tags":[30,28,29,65,63,64,66,70,69,67,68],"class_list":["post-344921","post","type-post","status-publish","format-standard","has-post-thumbnail","category-vitenskap-og-teknologi","tag-no","tag-norge","tag-norway","tag-science","tag-science-and-technology","tag-scienceandtechnology","tag-technology","tag-teknologi","tag-vitenskap","tag-vitenskap-og-teknologi","tag-vitenskapteknologi"],"share_on_mastodon":{"url":"https:\/\/pubeurope.com\/@no\/117218791504650559","error":""},"_links":{"self":[{"href":"https:\/\/www.europesays.com\/no\/wp-json\/wp\/v2\/posts\/344921","targetHints":{"allow":["GET"]}}],"collection":[{"href":"https:\/\/www.europesays.com\/no\/wp-json\/wp\/v2\/posts"}],"about":[{"href":"https:\/\/www.europesays.com\/no\/wp-json\/wp\/v2\/types\/post"}],"author":[{"embeddable":true,"href":"https:\/\/www.europesays.com\/no\/wp-json\/wp\/v2\/users\/2"}],"replies":[{"embeddable":true,"href":"https:\/\/www.europesays.com\/no\/wp-json\/wp\/v2\/comments?post=344921"}],"version-history":[{"count":0,"href":"https:\/\/www.europesays.com\/no\/wp-json\/wp\/v2\/posts\/344921\/revisions"}],"wp:featuredmedia":[{"embeddable":true,"href":"https:\/\/www.europesays.com\/no\/wp-json\/wp\/v2\/media\/344922"}],"wp:attachment":[{"href":"https:\/\/www.europesays.com\/no\/wp-json\/wp\/v2\/media?parent=344921"}],"wp:term":[{"taxonomy":"category","embeddable":true,"href":"https:\/\/www.europesays.com\/no\/wp-json\/wp\/v2\/categories?post=344921"},{"taxonomy":"post_tag","embeddable":true,"href":"https:\/\/www.europesays.com\/no\/wp-json\/wp\/v2\/tags?post=344921"}],"curies":[{"name":"wp","href":"https:\/\/api.w.org\/{rel}","templated":true}]}}