{"id":344929,"date":"2026-09-05T14:05:09","date_gmt":"2026-09-05T14:05:09","guid":{"rendered":"https:\/\/www.europesays.com\/no\/344929\/"},"modified":"2026-09-05T14:05:09","modified_gmt":"2026-09-05T14:05:09","slug":"mannen-min-ble-kona-mi-andrea-om-livet-med-kevin-og-alyssa","status":"publish","type":"post","link":"https:\/\/www.europesays.com\/no\/344929\/","title":{"rendered":"Mannen min ble kona mi: Andrea om livet med Kevin og Alyssa"},"content":{"rendered":"<p class=\"kicker \" style=\"\">Andrea angrer ikke p\u00e5 valget<\/p>\n<p class=\"subtitle \" style=\"\">Andrea falt for den sterke, maskuline Kevin for 30 \u00e5r siden. Lite visste hun\u00a0hva han skjulte bak sitt t\u00f8ffe ytre.<\/p>\n<p>\n    STERK KJ\u00c6RLIGHET: Kevin heter Alyssa n\u00e5r han er kvinne. Andrea (til h\u00f8yre) elsker begge variantene av ektemannen. Foto: Privat\n  <\/p>\n<p> Andrea (50) lever et spesielt liv. Hun er gift med Kevin (54), men deler like mye av livet sitt med Alyssa. <\/p>\n<p>\u2013 Jeg f\u00e5r virkelig det beste fra begge verdener. Jeg f\u00e5r den maskuline og beskyttende siden til Kevin, og den myke og feminine siden til Alyssa, forteller Andrea som bor i Utah i USA.<\/p>\n<p>Ektemannen Kevin er nemlig transkj\u00f8nnet.<\/p>\n<p>        <img loading=\"lazy\" decoding=\"async\" src=\"https:\/\/www.europesays.com\/no\/wp-content\/uploads\/2026\/09\/85086894.webp\" width=\"667\" height=\"621\" alt=\"\" class=\"\" style=\"--aspect-ratio-image: 1.07; \"\/><\/p>\n<p>\n        FREMDELES T\u00d8FF: Som Kevin er<br \/>\nhan fremdeles en maskulin mann med brede<br \/>\nskuldre og kraftige muskler. Foto: Privat\n    <\/p>\n<p>Duoen m\u00f8ttes i desember 1995, da Kevinsstorebror giftet seg med Andreas beste venninne. Kort tid senere dro de p\u00e5 dobbeltdate. Kevin var 24 \u00e5r, jobbet med salg og turisme og elsket sport.<\/p>\n<p>        R\u00d8RT: L\u00f8rdag kveld holdt kong Haakon sin aller f\u00f8rste tale til det norske folk som monark. Han ble tydelig ber\u00f8rt da han gratulerte moren, dronning Sonja, med bryllupsdagen.<\/p>\n<p>\u2013 Han var sterk, bredskuldret og en skikkelig gentleman, forteller Andrea.<\/p>\n<p>Det f\u00f8rste kysset tok henne med storm.<\/p>\n<p>\u2013 Det var som et fyrverkeri. Jeg visste at jeg hadde funnet den perfekte mannen, forteller hun.<\/p>\n<p>        <img loading=\"lazy\" decoding=\"async\" src=\"https:\/\/www.europesays.com\/no\/wp-content\/uploads\/2026\/09\/85086904.webp\" width=\"686\" height=\"899\" alt=\"\" class=\"\" style=\"--aspect-ratio-image: 0.76; \"\/><\/p>\n<p>\n        HADDE FORTALT: Allerede f\u00f8r de<br \/>\ngiftet seg, hadde Kevin avsl\u00f8rt at han likte<br \/>\n\u00e5 g\u00e5 i kvinnekl\u00e6r. Det var greit for Andrea. Foto: Privat\n    <\/p>\n<p>Kevin fridde etter bare noen m\u00e5neder. Da de planla bryllupet, la Andrea merke til at forloveden var sv\u00e6rt opptatt av blomster, pynt og brudepikekjoler.<\/p>\n<p>En dag hun kommenterte det, fortalte han at han likte \u00e5 ha p\u00e5 seg kjole selv. Andrea hade aldri h\u00f8rt om menn som gikk i kvinnekl\u00e6r, men tenkte at det var vel ikke noe galt \u2013 s\u00e5 lenge det gjorde ham lykkelig.<\/p>\n<p>    <a itemprop=\"url\" href=\"https:\/\/www.seher.no\/sterke-historier\/harper-10-lider-av-et-sjeldent-syndrom\/84836244\" rel=\"nofollow noopener\" target=\"_blank\"><\/p>\n<p>        <img loading=\"lazy\" decoding=\"async\" src=\"https:\/\/www.europesays.com\/no\/wp-content\/uploads\/2026\/09\/84836432.webp\" width=\"180\" height=\"81\" alt=\"\" class=\"lazyload\" style=\"--aspect-ratio-image: 2.22; \"\/><\/p>\n<p>        Harper (10) lider av et sjeldent syndrom<\/p>\n<p>    <\/a><\/p>\n<p>Etter bryllupet merket Andrea at Kevin ble stadig mer nysgjerrig p\u00e5 hvordan det var \u00e5 v\u00e6re kvinne. En morgen tilb\u00f8d hun seg \u00e5 sminke ham.<\/p>\n<p>\u2013 Begge var nerv\u00f8se da jeg tok p\u00e5 mascara og leppestift. \u00abHva synes du?\u00bb spurte jeg. \u00abJeg synes jeg er vakker\u00bb, svarte han. De bestemte seg for \u00e5 utforske Kevins feminine sider. De v\u00e5get ikke \u00e5 gj\u00f8re det i konservative Utah, s\u00e5 de tok turen til Las Vegas. Her kj\u00f8pte Kevin flagrende kl\u00e6r, h\u00f8yh\u00e6lte sko og en lang, blond parykk, og s\u00e5 gikk de ut p\u00e5 byen.<\/p>\n<p>        <img loading=\"lazy\" decoding=\"async\" src=\"https:\/\/www.europesays.com\/no\/wp-content\/uploads\/2026\/09\/85086906.webp\" width=\"686\" height=\"1029\" alt=\"\" class=\"\" style=\"--aspect-ratio-image: 0.67; \"\/><\/p>\n<p>\n        FULLE AV FOR- ST\u00c5ELSE: Andrea og<br \/>\nKevin samen med sine<br \/>\ntre barn &#8211; Samantha (26),<br \/>\nBrockton (24) og Adilyn<br \/>\n(20). De akspterer begge<br \/>\nversjonene av faren sin. Foto: Privat\n    <\/p>\n<p>\u2013 Jeg fikk se en ny, bekymringsl\u00f8s og selvsikker side av mannen min. Og jeg likte det, sier hun.<\/p>\n<p>De neste \u00e5rene dro de til Las Vegas flere ganger for \u00e5 f\u00e5 en frihelg.<\/p>\n<p>\u2013 F\u00f8lelsene forandret seg ikke. Vi var fortsatt tiltrukket av hverandre,sier Andrea.<\/p>\n<p>        HARALD OG SONJA: Det tidligere kongeparets unike kj\u00e6rlighetshistorie g\u00e5r viralt. Video: Sanne Holt\/R\u00f8d L\u00f8per, \u00abTil minne om kong Harald\u00bb\/ NRK TV, Instagram\/ @detnorskekongehuset<\/p>\n<p>Paret fikk tre barn, og Kevin levde etter hvert ut den feminine siden sin \u00e9n kveld i m\u00e5neden. Han barberte seg, tok p\u00e5 sminke og parykk \u2013 og s\u00e5 hadde paret en date isofaen.<\/p>\n<p>Godtatt av ungene\t<\/p>\n<p>Etter hvert skj\u00f8nte de at Kevin var trans-kj\u00f8nnet. Han fortalte barna og resten av familien om hemmeligheten for \u00e5tte \u00e5r siden.Eldstedatteren Samantha var da 18 \u00e5r gammel. <\/p>\n<p>\u2013 Jeg elsker deg uansett, sa hun.<\/p>\n<p>    <a itemprop=\"url\" href=\"https:\/\/www.seher.no\/sterke-historier\/drommeparet-er-nygift\/84836504\" rel=\"nofollow noopener\" target=\"_blank\"><\/p>\n<p>        <img loading=\"lazy\" decoding=\"async\" src=\"https:\/\/www.europesays.com\/no\/wp-content\/uploads\/2026\/09\/84836518.webp\" width=\"180\" height=\"81\" alt=\"\" class=\"lazyload\" style=\"--aspect-ratio-image: 2.22; \"\/><\/p>\n<p>        Dr\u00f8mmeparet er nygift!<\/p>\n<p>    <\/a><\/p>\n<p>De yngre barna Brockton og Adilyn tok ogs\u00e5 nyheten godt.<\/p>\n<p>Etter hvert fikk de hilse p\u00e5 Alyssa, og de tok henne godt imot. <\/p>\n<p>Litt normalt. Siden den tid har de levd et normalt familieliv \u2013 p\u00e5 sin m\u00e5te.<\/p>\n<p>\u2013 Jeg kan legge meg sammen med Kevin og v\u00e5kne ved siden av Alyssa, sier Andrea og ler.<\/p>\n<p>Hun forteller at ektemannens to uttrykk er helt ulike. Kevin elsker sport og \u00e5 snakke om forretninger, mens Alyssa er oppmerksom, omtenksom og elsker shopping og mote.<\/p>\n<p>        &#8211; Vi er s\u00e5 takknemlige \/\/ Foto:  Privat, Instagram \/\/ Stemme: AI \/\/ Klipp: Nico Aagaard<\/p>\n<p>\u00a0Hvordan fremtiden blir, vet de ikke. Men f\u00f8lelsene er uansett like sterke etter 30 \u00e5r.<\/p>\n<p>\u2013 Jeg elsker dem like mye som p\u00e5 den f\u00f8rste daten. Faktisk enda mer. Ekteskapet v\u00e5rt er sterkere enn noen gang \u2013 med oss alle tre i det.<\/p>\n","protected":false},"excerpt":{"rendered":"Andrea angrer ikke p\u00e5 valget Andrea falt for den sterke, maskuline Kevin for 30 \u00e5r siden. Lite visste&hellip;\n","protected":false},"author":2,"featured_media":344930,"comment_status":"","ping_status":"","sticky":false,"template":"","format":"standard","meta":{"footnotes":"","_share_on_mastodon":"0"},"categories":[58],"tags":[4104,71,30,28,29,4291,72],"class_list":["post-344929","post","type-post","status-publish","format-standard","has-post-thumbnail","category-underholdning","tag-eksklusivt","tag-entertainment","tag-no","tag-norge","tag-norway","tag-sterke-historier","tag-underholdning"],"share_on_mastodon":{"url":"","error":""},"_links":{"self":[{"href":"https:\/\/www.europesays.com\/no\/wp-json\/wp\/v2\/posts\/344929","targetHints":{"allow":["GET"]}}],"collection":[{"href":"https:\/\/www.europesays.com\/no\/wp-json\/wp\/v2\/posts"}],"about":[{"href":"https:\/\/www.europesays.com\/no\/wp-json\/wp\/v2\/types\/post"}],"author":[{"embeddable":true,"href":"https:\/\/www.europesays.com\/no\/wp-json\/wp\/v2\/users\/2"}],"replies":[{"embeddable":true,"href":"https:\/\/www.europesays.com\/no\/wp-json\/wp\/v2\/comments?post=344929"}],"version-history":[{"count":0,"href":"https:\/\/www.europesays.com\/no\/wp-json\/wp\/v2\/posts\/344929\/revisions"}],"wp:featuredmedia":[{"embeddable":true,"href":"https:\/\/www.europesays.com\/no\/wp-json\/wp\/v2\/media\/344930"}],"wp:attachment":[{"href":"https:\/\/www.europesays.com\/no\/wp-json\/wp\/v2\/media?parent=344929"}],"wp:term":[{"taxonomy":"category","embeddable":true,"href":"https:\/\/www.europesays.com\/no\/wp-json\/wp\/v2\/categories?post=344929"},{"taxonomy":"post_tag","embeddable":true,"href":"https:\/\/www.europesays.com\/no\/wp-json\/wp\/v2\/tags?post=344929"}],"curies":[{"name":"wp","href":"https:\/\/api.w.org\/{rel}","templated":true}]}}