{"id":344991,"date":"2026-09-05T15:14:22","date_gmt":"2026-09-05T15:14:22","guid":{"rendered":"https:\/\/www.europesays.com\/no\/344991\/"},"modified":"2026-09-05T15:14:22","modified_gmt":"2026-09-05T15:14:22","slug":"peter-mygind-fra-sommerdahl-mordene-om-kona","status":"publish","type":"post","link":"https:\/\/www.europesays.com\/no\/344991\/","title":{"rendered":"Peter Mygind fra Sommerdahl-mordene om kona"},"content":{"rendered":"<p class=\"kicker \" style=\"\">Peter Mygind fra \u00abSommerdahl-mordene\u00bb<\/p>\n<p class=\"subtitle \" style=\"\">TV-serien sendes i hundre land. N\u00e5 \u00e5pner han om familielivet &#8211; som ikke bare har v\u00e6rt rosenr\u00f8dt.<\/p>\n<p>\n    BASSENG I HAGEN: : Peter Mygind hjemme i sin egen hage i Charlottenlund, en forstad til K\u00f8benhavn. Her har han et herlig basseng \u00e5 kj\u00f8le seg ned i p\u00e5 varme dager. Foto: Hanne Juul\n  <\/p>\n<p>De fleste nordmenn kjenner <a href=\"https:\/\/www.seher.no\/kjendis\/kroppen-sa-stopp\/84648376\" rel=\"nofollow noopener\" target=\"_blank\">Peter Mygind<\/a> (62) som den sympatiske kriminalsjefen Dan Sommerdahl i TV-serien \u00abSommerdahl-mordene\u00bb. Sesong syv av serien kunne du se p\u00e5 TV 2 i sommer \u2013 og sesong \u00e5tte er allerede under innspilling.<\/p>\n<p>    <a itemprop=\"url\" href=\"https:\/\/www.seher.no\/kjendis\/haper-ikke-noen-lar-seg-lure\/84987504\" rel=\"nofollow noopener\" target=\"_blank\"><\/p>\n<p>        <img loading=\"lazy\" decoding=\"async\" src=\"https:\/\/www.europesays.com\/no\/wp-content\/uploads\/2026\/09\/84987550.webp\" width=\"180\" height=\"81\" alt=\"\" class=\"lazyload\" style=\"--aspect-ratio-image: 2.22; \"\/><\/p>\n<p>        &#8211; H\u00e5per ikke noen lar seg lure<\/p>\n<p>    <\/a><\/p>\n<p>Serien sendes i 100 land, og Peter er derfor godt vant til \u00e5 bli gjenkjent uansett hvor han drar.<\/p>\n<p>        <img loading=\"lazy\" decoding=\"async\" src=\"https:\/\/www.europesays.com\/no\/wp-content\/uploads\/2026\/09\/84969985.webp\" width=\"686\" height=\"913\" alt=\"\" class=\"\" style=\"--aspect-ratio-image: 0.75; \"\/><\/p>\n<p>\n        ROMANTISK: Peter og kona Lise M\u00fchlhausen har nytt en romantisk ferie i n\u00e6re str\u00f8k i sommer. Foto: @peter_mygind\/instagram\n    <\/p>\n<p>\u2013 N\u00e5r jeg er ute og reiser, roper folk \u00abKommissar\u00bb, og folk skriver til meg fra Canada, Australia og USA. Jeg har aldri hatt en s\u00e5 stor rolle som har v\u00e6rt i s\u00e5 mange land. S\u00e5 jeg er meget ydmyk og takknemlig over det, sa han til danske BilledBladet tidligere i sommer.<\/p>\n<p>        D\u00d8MT: Netflix-dokumentaren \u00abKollisjonen\u00bb forteller historien om Mackenzie Shirilla som er d\u00f8mt til livstid i fengsel. Video: Nora Skavhaug\/R\u00f8d L\u00f8per, \u00abKollisjonen\u00bb\/Netflix. <\/p>\n<p>Derfor bestemte han og kona Lise M\u00fchlhausen (59) seg like godt for \u00e5 feriere i Danmark i sommer. Men det er slett ingen tr\u00f8stepremie.<\/p>\n<p>        <img loading=\"lazy\" decoding=\"async\" src=\"https:\/\/www.europesays.com\/no\/wp-content\/uploads\/2026\/09\/84969998.webp\" width=\"686\" height=\"481\" alt=\"\" class=\"\" style=\"--aspect-ratio-image: 1.43; \"\/><\/p>\n<p>\n        KJENT OG KJ\u00c6R: Peter Mygind i TV-serein \u00abSommerdahl\u00bb. Den har blitt solgt til over 100 land! I Norge kan du se den p\u00e5 TV 2. Foto: TV2\n    <\/p>\n<p> \u2013 Det er noe helt eget med \u00e5 reise rundt i Danmark. Fra de bornholmske klipper i Allinge til Mols Bjerge og videre mot Vesterhavetsbrus i Hanstholm. Med ferger, broer og de vakreste landskap som minner meg om hvor utrolig vakkert v\u00e5rt lille land er, skriver han p\u00e5 Facebook og deler mange bilder fra ferien.<\/p>\n<p>    <a itemprop=\"url\" href=\"https:\/\/www.seher.no\/kjendis\/rekord-etter-gullar\/84969639\" rel=\"nofollow noopener\" target=\"_blank\"><\/p>\n<p>        <img loading=\"lazy\" decoding=\"async\" src=\"https:\/\/www.europesays.com\/no\/wp-content\/uploads\/2026\/09\/84969783.webp\" width=\"180\" height=\"81\" alt=\"\" class=\"lazyload\" style=\"--aspect-ratio-image: 2.22; \"\/><\/p>\n<p>        Rekord etter gull\u00e5r<\/p>\n<p>    <\/a><\/p>\n<p>\u2013 Og s\u00e5 er det alt som h\u00f8rer med. Maten skapt av lokale r\u00e5varer. Solnedgangene over havet. Stillheten. Duften av saltvann. Lyden av b\u00f8lgene. De sm\u00e5 hoteller og restauranter hvor man f\u00f8ler seg hjemme fra det \u00f8yeblikket man g\u00e5r inn, fortsetter han.<\/p>\n<p>        <img loading=\"lazy\" decoding=\"async\" src=\"https:\/\/www.europesays.com\/no\/wp-content\/uploads\/2026\/09\/84970005.webp\" width=\"686\" height=\"1029\" alt=\"\" class=\"\" style=\"--aspect-ratio-image: 0.67; \"\/><\/p>\n<p>\n        SPREKE: Peter har passert 60 \u00e5r,<br \/>\nog Lise kommer snart etter. Men de liker<br \/>\nlikevel godt \u00e5 dra p\u00e5 festival \u2013 her er de p\u00e5<br \/>\nSmukfest i fjor. Foto: Dan Mariegaard\n    <\/p>\n<p>Peter har hatt kjempesuksess p\u00e5 jobb i over fire ti\u00e5r, og ved hans side har journalisten Lise M\u00fchlhausen (59) st\u00e5tt helt siden de m\u00f8tte hverandre for f\u00f8rste gang.<\/p>\n<p>        Se og H\u00f8r erfarer:\u00a0\u00abSkal vi danse\u00bb-kjendisene avsl\u00f8rt \u2013 Det hadde v\u00e6rt g\u00f8y \/\/ TV2, Shad Madian, NTB, Andreas Fadum \/\/ Stemme: AI \/\/ Klipp: Nico Aagaard<\/p>\n<p>\u2013 \u00c5 ha en livspartner, en bestevenn og en lagkamerat som alltid er der, betyr utrolig mye for meg, sier Peter Mygind til BilledBladet.<\/p>\n<p>Han takker ogs\u00e5 kona for suksessen.<\/p>\n<p>    <a itemprop=\"url\" href=\"https:\/\/www.seher.no\/kjendis\/deler-gladnyhet\/84986898\" rel=\"nofollow noopener\" target=\"_blank\"><\/p>\n<p>        <img loading=\"lazy\" decoding=\"async\" src=\"https:\/\/www.europesays.com\/no\/wp-content\/uploads\/2026\/09\/84986932.webp\" width=\"180\" height=\"81\" alt=\"\" class=\"lazyload\" style=\"--aspect-ratio-image: 2.22; \"\/><\/p>\n<p>        Deler gladnyhet<\/p>\n<p>    <\/a><\/p>\n<p>\u2013 Jeg tar ingen beslutninger uten \u00e5 involvere Lise. Hun er med p\u00e5 alt \u2013 vi er et team. Hvis man er et godt team, passer man p\u00e5 hverandre og snakker sammen, sier han.<\/p>\n<p>        <img loading=\"lazy\" decoding=\"async\" src=\"https:\/\/www.europesays.com\/no\/wp-content\/uploads\/2026\/09\/84970021.webp\" width=\"686\" height=\"563\" alt=\"\" class=\"\" style=\"--aspect-ratio-image: 1.22; \"\/><\/p>\n<p>\n        BODDE SAMMEN: Julius og familien hans<br \/>\nbodde en stund i samme hus som Peter og Lisa.<br \/>\nMen n\u00e5 har de flyttet \u2013 150 meter unna. Foto: Hanne Juul\n    <\/p>\n<p>Peter og Lise hadde bare v\u00e6rt kj\u00e6rester i fem uker da hun ble gravid. Hun var 23 \u00e5r gammel, han var tre \u00e5r eldre. De bestemte seg for \u00e5 f\u00e5 barnet, og satse p\u00e5 hverandre. <\/p>\n<p>        NY ROLLE: Carina Dahl blir \u00e5 se i en helt ny rolle p\u00e5 ny\u00e5ret. Video: Karolina Grace\/Bj\u00f8rge Dahle Johansen\/Nora Skavhaug\/R\u00f8d L\u00f8per, \u00abSkal vi danse\u00bb\/TV 2.<\/p>\n<p>Senere har de snakket om at hadde de ikke blitt med barn, er det ikke sikkert de hadde v\u00e6rt sammen med hverandre n\u00e5.<\/p>\n<p>Men de fikk to \u2013 Julius (32) og Valdemar (29), og i dag har de to barnebarn \u2013 Rosa (7) og Hugo (4). <\/p>\n<p>    <a itemprop=\"url\" href=\"https:\/\/www.seher.no\/kjendis\/jeg-sliter-alltid-med-det\/84982899\" rel=\"nofollow noopener\" target=\"_blank\"><\/p>\n<p>        <img loading=\"lazy\" decoding=\"async\" src=\"https:\/\/www.europesays.com\/no\/wp-content\/uploads\/2026\/09\/84982925.webp\" width=\"180\" height=\"81\" alt=\"\" class=\"lazyload\" style=\"--aspect-ratio-image: 2.22; \"\/><\/p>\n<p>        Etter diagnosen: &#8211; Brikkene falt p\u00e5 plass<\/p>\n<p>    <\/a><\/p>\n<p>Peter og eldstes\u00f8nnen Julius har reist rundt i Danmark med et foredrag \u2013 hvor de forteller sin personlige historie om hvordan Julius ble rusmisbruker som ten\u00e5ring.<\/p>\n<p>        <img loading=\"lazy\" decoding=\"async\" src=\"https:\/\/www.europesays.com\/no\/wp-content\/uploads\/2026\/09\/84970036.webp\" width=\"686\" height=\"1029\" alt=\"\" class=\"\" style=\"--aspect-ratio-image: 0.67; \"\/><\/p>\n<p>\n        STOLTE BESTEFORELDRE:<br \/>\nPeter og Lisa med Lisas mamma Tove,<br \/>\nsamt barnebarna Rosa og Hugo for to<br \/>\n\u00e5r siden. Foto: Lars H. Laursen\n    <\/p>\n<p>I et intervju med danske Billed-Bladet forteller de om hvordan den vanskelige perioden forandret hele familien.<\/p>\n<p>\u2013 Det er et personlig foredrag som handler om Julius&#8217; oppvekst og om v\u00e5re fors\u00f8k p\u00e5 \u00e5 v\u00e6re gode foreldre. Man tror man gj\u00f8r det riktige, men man er slett ikke klar over hva som foreg\u00e5r inne i ten\u00e5ringens hjerne, sier Peter Mygind til danske Billed-Bladet.<\/p>\n<p>        BEGRAVELSE: Vokalist i DDE, Bjarne Br\u00f8ndbo, forteller om hvordan det var \u00e5 hedre Olaf Tufte med l\u00e5ta \u00abDet umulige e mulig\u00bb. Reporter: Herman S\u00f8nju. Video: Sander Aadalen<\/p>\n<p>Julius begynte \u00e5 r\u00f8yke hasj tidlig i ten\u00e5rene, uten at foreldrene forsto hvor alvorlig situasjonen var.<\/p>\n<p>Utad fungerte han godt sosialt, men innvendig slet han med usikkerhet og f\u00f8lelsen av \u00e5 ikke strekke til p\u00e5 skolen.<\/p>\n<p>    <a itemprop=\"url\" href=\"https:\/\/www.seher.no\/kongelig\/vil-fjerne-fotlenken\/84985598\" rel=\"nofollow noopener\" target=\"_blank\"><\/p>\n<p>        <img loading=\"lazy\" decoding=\"async\" src=\"https:\/\/www.europesays.com\/no\/wp-content\/uploads\/2026\/09\/84985637.webp\" width=\"180\" height=\"81\" alt=\"\" class=\"lazyload\" style=\"--aspect-ratio-image: 2.22; \"\/><\/p>\n<p>        Vil fjerne fotlenken<\/p>\n<p>    <\/a><\/p>\n<p>\u2013 Jeg tok p\u00e5 meg masken som den morsomme, fordi jeg er sosial, slik at jeg slapp \u00e5 snakke om det jeg syntes var vanskelig, forteller han til Billed-Bladet.<\/p>\n<p>        <img loading=\"lazy\" decoding=\"async\" src=\"https:\/\/www.europesays.com\/no\/wp-content\/uploads\/2026\/09\/84970040.webp\" width=\"686\" height=\"1050\" alt=\"\" class=\"\" style=\"--aspect-ratio-image: 0.65; \"\/><\/p>\n<p>\n        STOR<br \/>\nSUKSESS: Peter sammen med<br \/>\nSofie Gr\u00e5b\u00f8l (57)<br \/>\ni TV-suksessen<br \/>\n\u00abNicolai og Julie\u00bb<br \/>\nfra 2003. Foto: Hanne Juul\n    <\/p>\n<p>I 2016 fortalte Julius hvor fristende hasjen hadde v\u00e6rt i starten.<\/p>\n<p>\u2013 Jeg var 14 \u00e5r da jeg r\u00f8ykte min f\u00f8rste joint, og irriterende nok var det en veldig god opplevelse. Man kunne v\u00e6re seg selv og slapp \u00e5 tenke p\u00e5 alt annet, sa han til Ekstra Bladet.<\/p>\n<p>        KONGELIG: Svenske-kongen er glad i \u00e5 by p\u00e5 seg selv. Det viste han p\u00e5 speiderleiren Jamboree. Video: Nora Skavhaug\/R\u00f8d L\u00f8per, Mikael Persson\/MiP Media AB.<\/p>\n<p>Men det som begynte som hasjr\u00f8yking i helgene, utviklet seg til et langvarig misbruk som gjorde ham stadig mer isolert. Samtidig fikk han diagnosen ADHD, og brukte hasj som en form for selvmedisinering.<\/p>\n<p>Foreldrene spurte flere ganger om s\u00f8nnen brukte hasj, men fikk hver gang et nei til svar.<\/p>\n<p>    <a itemprop=\"url\" href=\"https:\/\/www.seher.no\/kjendis\/savner-livet-for-george\/84968798\" rel=\"nofollow noopener\" target=\"_blank\"><\/p>\n<p>        <img loading=\"lazy\" decoding=\"async\" src=\"https:\/\/www.europesays.com\/no\/wp-content\/uploads\/2026\/09\/84968847.webp\" width=\"180\" height=\"81\" alt=\"\" class=\"lazyload\" style=\"--aspect-ratio-image: 2.22; \"\/><\/p>\n<p>        &#8211; Savner livet f\u00f8r George<\/p>\n<p>    <\/a><\/p>\n<p>Til slutt fant de en klump p\u00e5 rommet hans.<\/p>\n<p>\u2013 Da konfronterte vi ham med det. Etter hvert fant vi ut at det var et kjempeproblem, forteller Peter til BilledBladet.<\/p>\n<p>Selv om Peter Myginds kone har utdanning innen psykologi og kommunikasjon, klarte de ikke \u00e5 l\u00f8se utfordringene alene. <\/p>\n<p>        OVERRASKER: Tidligere programleder for \u00abDebatten\u00bb Fredrik Solvang byr p\u00e5 et uventet syn under sommerferien i Kina. Video: Karolina Grace\/R\u00f8d L\u00f8per, @fsolva\/@chongqingmotorbikecompany\/Instagram. <\/p>\n<p>Det skj\u00f8nner Julius godt.<\/p>\n<p>\u2013 Som forelder m\u00e5 man erkjenne at man ikke alltid kan hjelpe barnet sitt, og at man m\u00e5 f\u00e5 hjelp utenfra av personer barnet har en annen type respekt for, sier han til Billed-Bladet.<\/p>\n<p>Vil hjelpe andre\t<\/p>\n<p>I dag er den vanskelige tiden bak dem. Tobarnsfaren Julius jobber som coach, har skrevet b\u00f8ker, holder workshops og bruker sine erfaringer til \u00e5 hjelpe andre mennesker.<\/p>\n<p>Peter er glad for hvor bra de har det i dag.<\/p>\n<p>    <a itemprop=\"url\" href=\"https:\/\/www.seher.no\/kjendis\/svarer-trump\/84947346\" rel=\"nofollow noopener\" target=\"_blank\"><\/p>\n<p>        <img loading=\"lazy\" decoding=\"async\" src=\"https:\/\/www.europesays.com\/no\/wp-content\/uploads\/2026\/09\/84947364.webp\" width=\"180\" height=\"81\" alt=\"\" class=\"lazyload\" style=\"--aspect-ratio-image: 2.22; \"\/><\/p>\n<p>        Svarer Trump<\/p>\n<p>    <\/a><\/p>\n<p>\u2013 N\u00e5 pr\u00f8ver vi \u00e5 inspirere foreldre og unge til \u00e5 ta kloke valg. Det er dypt inspirerende \u00e5 st\u00e5 p\u00e5 scenen sammen med Julius, sier han.<\/p>\n<p>Julius og kona Stine Lykke Winther bodde lenge i samme hus som Peter og Lisa, men har n\u00e5 flyttet i sitt eget \u2013 150 meter unna foreldrene.<\/p>\n<p>        Deltagere avsl\u00f8rt \/\/ Foto:Privat, Montasje, TV2, Shad Madian, NTB, Andreas Fadum, Espen Solli \/\/ Stemme: AI \/\/ Klipp: Nico Aagaard<\/p>\n<p> Dermed kan bestefaren fortsatt v\u00e6re en viktig del av hverdagen til barnebarna.<\/p>\n<p>\u2013 Mitt eneste m\u00e5l er at barnebarna mine skal like meg og ha lyst til \u00e5 komme til meg, sier Peter Mygind. <\/p>\n","protected":false},"excerpt":{"rendered":"Peter Mygind fra \u00abSommerdahl-mordene\u00bb TV-serien sendes i hundre land. N\u00e5 \u00e5pner han om familielivet &#8211; som ikke bare&hellip;\n","protected":false},"author":2,"featured_media":344992,"comment_status":"","ping_status":"","sticky":false,"template":"","format":"standard","meta":{"footnotes":"","_share_on_mastodon":"0"},"categories":[58],"tags":[4104,71,479,30,28,29,21439,21438,72],"class_list":["post-344991","post","type-post","status-publish","format-standard","has-post-thumbnail","category-underholdning","tag-eksklusivt","tag-entertainment","tag-kjendis","tag-no","tag-norge","tag-norway","tag-peter-mygind","tag-sommerdahl","tag-underholdning"],"share_on_mastodon":{"url":"https:\/\/pubeurope.com\/@no\/117219090666844036","error":""},"_links":{"self":[{"href":"https:\/\/www.europesays.com\/no\/wp-json\/wp\/v2\/posts\/344991","targetHints":{"allow":["GET"]}}],"collection":[{"href":"https:\/\/www.europesays.com\/no\/wp-json\/wp\/v2\/posts"}],"about":[{"href":"https:\/\/www.europesays.com\/no\/wp-json\/wp\/v2\/types\/post"}],"author":[{"embeddable":true,"href":"https:\/\/www.europesays.com\/no\/wp-json\/wp\/v2\/users\/2"}],"replies":[{"embeddable":true,"href":"https:\/\/www.europesays.com\/no\/wp-json\/wp\/v2\/comments?post=344991"}],"version-history":[{"count":0,"href":"https:\/\/www.europesays.com\/no\/wp-json\/wp\/v2\/posts\/344991\/revisions"}],"wp:featuredmedia":[{"embeddable":true,"href":"https:\/\/www.europesays.com\/no\/wp-json\/wp\/v2\/media\/344992"}],"wp:attachment":[{"href":"https:\/\/www.europesays.com\/no\/wp-json\/wp\/v2\/media?parent=344991"}],"wp:term":[{"taxonomy":"category","embeddable":true,"href":"https:\/\/www.europesays.com\/no\/wp-json\/wp\/v2\/categories?post=344991"},{"taxonomy":"post_tag","embeddable":true,"href":"https:\/\/www.europesays.com\/no\/wp-json\/wp\/v2\/tags?post=344991"}],"curies":[{"name":"wp","href":"https:\/\/api.w.org\/{rel}","templated":true}]}}