{"id":345001,"date":"2026-09-05T15:31:13","date_gmt":"2026-09-05T15:31:13","guid":{"rendered":"https:\/\/www.europesays.com\/no\/345001\/"},"modified":"2026-09-05T15:31:13","modified_gmt":"2026-09-05T15:31:13","slug":"reuters-millitaerfly-styrtet-under-flyshow-i-athen","status":"publish","type":"post","link":"https:\/\/www.europesays.com\/no\/345001\/","title":{"rendered":"Reuters: Millit\u00e6rfly styrtet under flyshow i Athen"},"content":{"rendered":"\n<p class=\"_lead_145nj_2 _lead_6fko5_53 layout-component text-serif-m layout-normal text-serif-l layout-component layout-wide layout-padded _wide_17hqh_1 layout-padded\">Et F-4 Phantom-jagerfly styrtet i Tanagra l\u00f8rdag ettermiddag under en flyoppvisning.<\/p>\n<p><img alt=\"R\u00f8yk stiger opp fra stedet hvor jagerflyet styrtet. Foto: THEOPHILE BLOUDANIS \/ AFP \/ NTB\" class=\"_image_jw3bv_65 layout-component layout-wide\" data-fullscreen- data-track-element-type=\"Article image fullscreen\" data-track-name=\"ImageFullscreen\" fetchpriority=\"high\" decoding=\"sync\" loading=\"eager\" height=\"2615\" itemprop=\"image\"  src=\"https:\/\/www.europesays.com\/no\/wp-content\/uploads\/2026\/09\/52b87e1c-a347-3fad-b6ad-77ede52608a3.jpeg\"  style=\"object-position:0% 0%\" width=\"3922\"\/>R\u00f8yk stiger opp fra stedet hvor jagerflyet styrtet. Foto: THEOPHILE BLOUDANIS \/ AFP \/ NTB<\/p>\n<ul aria-hidden=\"true\" class=\"_images_ntbth_112\">\n<li><a class=\"_link_ntbth_117\" href=\"https:\/\/www.vg.no\/forfatter\/julie-grasmo\" style=\"z-index:2\" title=\"Julie Grasmo\" rel=\"nofollow noopener\" target=\"_blank\"><img alt=\"Bilde av Julie Grasmo\" class=\"_image_ntbth_93\" fetchpriority=\"low\" loading=\"lazy\" decoding=\"async\" itemprop=\"image\"  src=\"https:\/\/www.europesays.com\/no\/wp-content\/uploads\/2026\/09\/1788622273_49_862ba328-c867-4252-a67a-e016a42491a4.jpeg\"  width=\"480\"\/><\/a><\/li>\n<li><a class=\"_link_ntbth_117\" href=\"https:\/\/www.vg.no\/forfatter\/joergen-eriksen\" style=\"z-index:1\" title=\"J\u00f8rgen Eriksen\" rel=\"nofollow noopener\" target=\"_blank\"><img alt=\"Bilde av J\u00f8rgen Eriksen\" class=\"_image_ntbth_93\" fetchpriority=\"low\" loading=\"lazy\" decoding=\"async\" itemprop=\"image\"  src=\"https:\/\/www.europesays.com\/no\/wp-content\/uploads\/2026\/09\/1788622273_719_6f7a5aab-1edb-37ee-9929-25a87b75825a.jpeg\"  width=\"480\"\/><\/a><\/li>\n<\/ul>\n<p> Oppdatert l\u00f8rdag 5. september kl. 17:21     <\/p>\n<p class=\"_paragraph_145nj_4 _paragraph_6fko5_10 layout-component text-serif-m layout-normal text-serif-m layout-padded\">Det melder Reuters som henviser til den greske kringkasteren ERT.<\/p>\n<p class=\"_paragraph_145nj_4 _paragraph_6fko5_10 layout-component text-serif-m layout-normal text-serif-m layout-padded\">If\u00f8lge <a href=\"https:\/\/www.ertnews.gr\/eidiseis\/aeroskafos-katepese-stin-tanagra-kata-ti-diarkeia-aeroporikon-epideikseon\/\" class=\"_link_145nj_39\" rel=\"nofollow noopener\" target=\"_blank\">ERT<\/a> hadde flyshowet nettopp startet da flyet styrtet foran flere tusen tilskuere. <\/p>\n<p class=\"_paragraph_145nj_4 _paragraph_6fko5_10 layout-component text-serif-m layout-normal text-serif-m layout-padded\">Det var to personer om bord i flyet, if\u00f8lge nyhetsbyr\u00e5et AFP. Begge d\u00f8de i ulykken.<\/p>\n<p class=\"_paragraph_145nj_4 _paragraph_6fko5_10 layout-component text-serif-m layout-normal text-serif-m layout-padded\">Reuters skriver at en video skal vise r\u00f8yk som stiger opp i luften noen hundre meter fra publikum. <\/p>\n<p class=\"_paragraph_145nj_4 _paragraph_6fko5_10 layout-component text-serif-m layout-normal text-serif-m layout-padded\">\u2013 Et s\u00f8k- og redningsaksjon er i gang, opplyser en tjenestemann i det greske luftforsvaret til Reuters.<\/p>\n<p class=\"_paragraph_145nj_4 _paragraph_6fko5_10 layout-component text-serif-m layout-normal text-serif-m layout-padded\">Ulykken skjedde p\u00e5 Atens Flying Week ved flybasen Tanagra. Det er et flyshow som arrangeres hvert \u00e5r.<\/p>\n","protected":false},"excerpt":{"rendered":"Et F-4 Phantom-jagerfly styrtet i Tanagra l\u00f8rdag ettermiddag under en flyoppvisning. R\u00f8yk stiger opp fra stedet hvor jagerflyet&hellip;\n","protected":false},"author":2,"featured_media":345002,"comment_status":"","ping_status":"","sticky":false,"template":"","format":"standard","meta":{"footnotes":"","_share_on_mastodon":"0"},"categories":[12],"tags":[672,20,21,24,25,15,4061,22,23,13,30,28,29,14,16,26,27,51,42,43,44,45],"class_list":["post-345001","post","type-post","status-publish","format-standard","has-post-thumbnail","category-verden","tag-athen","tag-breaking-news","tag-breakingnews","tag-featured-news","tag-featurednews","tag-headlines","tag-hellas","tag-latest-news","tag-latestnews","tag-news","tag-no","tag-norge","tag-norway","tag-nyheter","tag-overskrifter","tag-top-stories","tag-topstories","tag-ulykke","tag-verden","tag-world","tag-world-news","tag-worldnews"],"share_on_mastodon":{"url":"https:\/\/pubeurope.com\/@no\/117219157292293338","error":""},"_links":{"self":[{"href":"https:\/\/www.europesays.com\/no\/wp-json\/wp\/v2\/posts\/345001","targetHints":{"allow":["GET"]}}],"collection":[{"href":"https:\/\/www.europesays.com\/no\/wp-json\/wp\/v2\/posts"}],"about":[{"href":"https:\/\/www.europesays.com\/no\/wp-json\/wp\/v2\/types\/post"}],"author":[{"embeddable":true,"href":"https:\/\/www.europesays.com\/no\/wp-json\/wp\/v2\/users\/2"}],"replies":[{"embeddable":true,"href":"https:\/\/www.europesays.com\/no\/wp-json\/wp\/v2\/comments?post=345001"}],"version-history":[{"count":0,"href":"https:\/\/www.europesays.com\/no\/wp-json\/wp\/v2\/posts\/345001\/revisions"}],"wp:featuredmedia":[{"embeddable":true,"href":"https:\/\/www.europesays.com\/no\/wp-json\/wp\/v2\/media\/345002"}],"wp:attachment":[{"href":"https:\/\/www.europesays.com\/no\/wp-json\/wp\/v2\/media?parent=345001"}],"wp:term":[{"taxonomy":"category","embeddable":true,"href":"https:\/\/www.europesays.com\/no\/wp-json\/wp\/v2\/categories?post=345001"},{"taxonomy":"post_tag","embeddable":true,"href":"https:\/\/www.europesays.com\/no\/wp-json\/wp\/v2\/tags?post=345001"}],"curies":[{"name":"wp","href":"https:\/\/api.w.org\/{rel}","templated":true}]}}