{"id":345043,"date":"2026-09-05T16:11:51","date_gmt":"2026-09-05T16:11:51","guid":{"rendered":"https:\/\/www.europesays.com\/no\/345043\/"},"modified":"2026-09-05T16:11:51","modified_gmt":"2026-09-05T16:11:51","slug":"rykter-i-usa-aner-ikke-hva-de-snakker-om","status":"publish","type":"post","link":"https:\/\/www.europesays.com\/no\/345043\/","title":{"rendered":"Rykter i USA: &#8211; Aner ikke hva de snakker om"},"content":{"rendered":"<p class=\"subtitle \" style=\"\">Forhenv\u00e6rende toppdommer Svein-Erik Edvartsen (47) reagerer sterkt p\u00e5 meldingen som sjokkerer engelsk fotball.<\/p>\n<p>\n    DUKKET OPP: Tidligere fotballdommer Svein-Erik Edvartsen er p\u00e5 plass i Arendal i forbindelse med boksekampen mellom Frank L\u00f8ke og Kai Robin Havnaa. Foto: Christian August Cederblad \/ Dagbladet\n  <\/p>\n<p>ARENDAL (Dagbladet): Torsdag denne uka <a href=\"https:\/\/www.dagbladet.no\/sport\/raseri-etter-sjokkuttalelser\/85106309\" target=\"_blank\" rel=\"nofollow noopener\">smalt det i England<\/a>: Tidligere Premier League-dommer Mike Dean (61) innr\u00f8mmet at han under kamper moret seg med egne \u00abhemmelige\u00bb utfordringer.<\/p>\n<p>Blant annet testet han hvor lenge han klarte \u00e5 la v\u00e6re \u00e5 bl\u00e5se i fl\u00f8yta, og hvor lenge han kunne holde seg i midtsirkelen.<\/p>\n<p>England reagerte med sjokk.<\/p>\n<p>    <a itemprop=\"url\" href=\"https:\/\/www.dagbladet.no\/sport\/raseri-etter-sjokkuttalelser\/85106309\" rel=\"nofollow noopener\" target=\"_blank\"><\/p>\n<p>        <img loading=\"lazy\" decoding=\"async\" src=\"https:\/\/www.europesays.com\/no\/wp-content\/uploads\/2026\/09\/1788624707_135_85106450.webp\" width=\"180\" height=\"81\" alt=\"\" class=\"lazyload\" style=\"--aspect-ratio-image: 2.22; \"\/><\/p>\n<p>        Raseri etter sjokkuttalelser<\/p>\n<p>    <\/a><\/p>\n<p>Det samme gj\u00f8r Svein-Erik Edvartsen her hjemme i Norge.<\/p>\n<p>&#8211; Jeg trodde det var fleip, men s\u00e5 gikk jeg inn p\u00e5 X og s\u00e5 at han hadde sagt det selv. Jeg tenkte:\u00a0\u00abEr det sant? Er det k\u00f8dd? Er det AI, eller hva er dette for noe?\u00bb sier Edvartsen til Dagbladet.<\/p>\n<p class=\"font-weight-bold m-font-weight-bold\" data-lab-font_weight=\"font-weight-bold\">Det som f\u00f8rst virket som en d\u00e5rlig vits, viste seg \u00e5 v\u00e6re sant.<\/p>\n<p>&#8211; At han slipper den bomben n\u00e5 i starten av sesongen, det undergraver troverdigheten til Premier League-dommerne, sier Edvartsen, som\u00a0forsvant ut av norsk toppfotball etter <a href=\"https:\/\/www.dagbladet.no\/sport\/full-uenighet-om-edvartsen-sparking---vi-ses-i-retten\/68688577\" target=\"_blank\" rel=\"nofollow noopener\">en konflikt<\/a> med NFF i 2017.<\/p>\n<p>        <img loading=\"lazy\" decoding=\"async\" src=\"https:\/\/www.europesays.com\/no\/wp-content\/uploads\/2026\/09\/1788624708_717_85113663.webp\" width=\"667\" height=\"474\" alt=\"\" class=\"\" style=\"--aspect-ratio-image: 1.41; \"\/><\/p>\n<p>\n        I HARDT V\u00c6R: Tidligere Premier League-dommer Mike Dean. Foto: NTB\n    <\/p>\n<p>&#8211; Aldri<\/p>\n<p>Han omtaler Dean som\u00a0\u00aben klovn\u00bb, selv om han samtidig har opplevd ham som en god dommer.<\/p>\n<p>&#8211; Men n\u00e5r han sier det han sier, s\u00e5 er det nesten ikke til \u00e5 tro. Hvis man har en intern konkurranse i dommerteamet om \u00e5 se hvor lenge man kan st\u00e5 i midtsirkelen, eller hvor lang tid det kan g\u00e5 f\u00f8r man bl\u00e5ser frispark, s\u00e5 h\u00f8rer ikke det noen steds hjemme. Det setter troverdigheten til Premier League &#8211; og dommerne fra den gangen &#8211; p\u00e5 spill.<\/p>\n<p class=\"italic m-italic\" data-lab-italic=\"italic\">&#8211; Har du h\u00f8rt om liknende her hjemme i Norge eller i utlandet?<\/p>\n<p>&#8211; Aldri.<\/p>\n<p class=\"italic m-italic\" data-lab-italic=\"italic\">&#8211; Tror du dette kan ha skjedd med andre dommere i Premier League?<\/p>\n<p>&#8211; Jeg h\u00e5per og tror det er et enkelttilfelle. Som jeg sa har Mike Dean alltid v\u00e6rt en klovn.<\/p>\n<p class=\"italic m-italic\" data-lab-italic=\"italic\">&#8211; Hva legger du i det?<\/p>\n<p>&#8211; Han har puttet ballen bak ryggen etter kampen, han viser fordelstegnet i ti minutter etter at en fordel blir scoring. Han har alltid v\u00e6rt en karakter og en klovn. Men dette han kom med n\u00e5 er sv\u00e6rt alvorlig.<\/p>\n<p>        BOKSEKAMP: Frank L\u00f8ke skal m\u00f8te tidligere proffbokser Kai Robin Havnaa i bokseringen og har en klar beskjed til Arendal. Video: Cederblad\/S\u00f8r\u00f8 Olsen\/Dagbladet Sporten<\/p>\n<p>Henter fra Sverige  <\/p>\n<p>Edvartsen er p\u00e5 plass i Arendal i forbindelse med kveldens showboksekamp mellom Kai Robin Havnaa og Frank L\u00f8ke. Edvartsen har f\u00e5tt en rolle som dommersjef &#8211; og skal s\u00f8rge for at det ikke sklir ut mellom kamphanene.<\/p>\n<p>Men Edvartsen skal ikke d\u00f8mme kampen. Til det er stjernedommeren Mikael H\u00f6\u00f6k hentet inn fra Sverige. H\u00f6\u00f6k har d\u00f8mt i over 400 kamper i over 70 land, og hadde internasjonal toppstatus.<\/p>\n<p>        <img loading=\"lazy\" decoding=\"async\" src=\"https:\/\/www.europesays.com\/no\/wp-content\/uploads\/2026\/09\/1788624709_613_85113679.webp\" width=\"667\" height=\"621\" alt=\"\" class=\"\" style=\"--aspect-ratio-image: 1.07; \"\/><\/p>\n<p>\n        HENTET INN: Mikael H\u00f6\u00f6k har ansvaret for boksekampen mellom Frank L\u00f8ke og Kai Robin Havnaa. Foto: Christian August Cederblad \/ Dagbladet\n    <\/p>\n<p>Han var for \u00f8vrig poengdommer i Evander Holyfield &#8211; Nikolaj Valuev i Z\u00fcrich 20. desember 2008, og scoret kampen 115 &#8211; 114 til Valuev. Det ble mye br\u00e5k rundt dommeravgj\u00f8relsen, og H\u00f6\u00f6k fikk kraftig kritikk etter kampen.<\/p>\n<p>Edvartsen p\u00e5peker:<\/p>\n<p>&#8211; Jeg er veldig opptatt av at sikkerheten skal v\u00e6re ivaretatt b\u00e5de for de i ringen og alle rundt. Jeg har snakket med H\u00f6\u00f6k, og han er enig med meg i at det skal v\u00e6re show, og det blir nok ikke noe disking selv om det er tekniske feil, men det er klart at g\u00e5r det l\u00f8s p\u00e5 helse og sikkerhet, s\u00e5 blir det stoppet, sier Edvartsen.<\/p>\n<p>Og:<\/p>\n<p>        <img loading=\"lazy\" decoding=\"async\" src=\"https:\/\/www.europesays.com\/no\/wp-content\/uploads\/2026\/09\/1788624710_851_85113677.webp\" width=\"667\" height=\"661\" alt=\"\" class=\"\" style=\"--aspect-ratio-image: 1.01; \"\/><\/p>\n<p>\n        KLARE FOR KAMP: Frank L\u00f8ke (t.v.) og Kai Robin Havnaa (t.h.). I midten st\u00e5r dommersjef Svein-Erik Edvartsen. Foto: Christian August Cederblad \/ Dagbladet\n    <\/p>\n<p>&#8211; Jeg hadde en veldig fin prat med ham. Han er en erfaren boksedommer. Jeg tror han kommer til \u00e5 lese spillet p\u00e5 en god m\u00e5te.<\/p>\n<p>P\u00e5 fredagens innveiing, der L\u00f8ke gikk p\u00e5 vekta til 105 kilo &#8211; fem mer enn Havnaa, sto Edvartsen mellom de to.<\/p>\n<p>        <img loading=\"lazy\" decoding=\"async\" src=\"https:\/\/www.europesays.com\/no\/wp-content\/uploads\/2026\/09\/1788624711_748_85113892.webp\" width=\"667\" height=\"481\" alt=\"\" class=\"\" style=\"--aspect-ratio-image: 1.39; \"\/><\/p>\n<p>\n        OG STRAKS SMELLER DET: L\u00f8rdag ettermiddag var bokseringen p\u00e5 plass i Pollen i Arendal. Foto: Christian August Cederblad \/ Dagbladet\n    <\/p>\n<p>&#8211; Jeg opplevde en gjensidig respekt mellom Frank og Kai Robin, sier Edvartsen.<\/p>\n<p>Bokseeventet mellom L\u00f8ke og Havnaa starter l\u00f8rdag klokka 18.00. Det er ventet at hovedkampen vil starte rundt klokka 21.00. Hele eventet sendes p\u00e5 VG+ Sport.<\/p>\n","protected":false},"excerpt":{"rendered":"Forhenv\u00e6rende toppdommer Svein-Erik Edvartsen (47) reagerer sterkt p\u00e5 meldingen som sjokkerer engelsk fotball. DUKKET OPP: Tidligere fotballdommer Svein-Erik&hellip;\n","protected":false},"author":2,"featured_media":345044,"comment_status":"","ping_status":"","sticky":false,"template":"","format":"standard","meta":{"footnotes":"","_share_on_mastodon":"0"},"categories":[5],"tags":[20,21,55,24,25,15,19,22,23,17,18,13,30,28,29,14,16,6506,26,27,50,412],"class_list":["post-345043","post","type-post","status-publish","format-standard","has-post-thumbnail","category-overskrifter","tag-breaking-news","tag-breakingnews","tag-donald-trump","tag-featured-news","tag-featurednews","tag-headlines","tag-hovedoppslag","tag-latest-news","tag-latestnews","tag-main-news","tag-mainnews","tag-news","tag-no","tag-norge","tag-norway","tag-nyheter","tag-overskrifter","tag-pete-hegseth","tag-top-stories","tag-topstories","tag-usa","tag-utenriks"],"share_on_mastodon":{"url":"https:\/\/pubeurope.com\/@no\/117219318040433877","error":""},"_links":{"self":[{"href":"https:\/\/www.europesays.com\/no\/wp-json\/wp\/v2\/posts\/345043","targetHints":{"allow":["GET"]}}],"collection":[{"href":"https:\/\/www.europesays.com\/no\/wp-json\/wp\/v2\/posts"}],"about":[{"href":"https:\/\/www.europesays.com\/no\/wp-json\/wp\/v2\/types\/post"}],"author":[{"embeddable":true,"href":"https:\/\/www.europesays.com\/no\/wp-json\/wp\/v2\/users\/2"}],"replies":[{"embeddable":true,"href":"https:\/\/www.europesays.com\/no\/wp-json\/wp\/v2\/comments?post=345043"}],"version-history":[{"count":0,"href":"https:\/\/www.europesays.com\/no\/wp-json\/wp\/v2\/posts\/345043\/revisions"}],"wp:featuredmedia":[{"embeddable":true,"href":"https:\/\/www.europesays.com\/no\/wp-json\/wp\/v2\/media\/345044"}],"wp:attachment":[{"href":"https:\/\/www.europesays.com\/no\/wp-json\/wp\/v2\/media?parent=345043"}],"wp:term":[{"taxonomy":"category","embeddable":true,"href":"https:\/\/www.europesays.com\/no\/wp-json\/wp\/v2\/categories?post=345043"},{"taxonomy":"post_tag","embeddable":true,"href":"https:\/\/www.europesays.com\/no\/wp-json\/wp\/v2\/tags?post=345043"}],"curies":[{"name":"wp","href":"https:\/\/api.w.org\/{rel}","templated":true}]}}