{"id":345059,"date":"2026-09-05T16:34:31","date_gmt":"2026-09-05T16:34:31","guid":{"rendered":"https:\/\/www.europesays.com\/no\/345059\/"},"modified":"2026-09-05T16:34:31","modified_gmt":"2026-09-05T16:34:31","slug":"usa-iran-usa-har-angrepet-tre-iranske-oljetankere","status":"publish","type":"post","link":"https:\/\/www.europesays.com\/no\/345059\/","title":{"rendered":"USA, Iran | USA har angrepet tre iranske oljetankere"},"content":{"rendered":"\n<p>De tre oljetankerne var knyttet til Den iranske revolusjonsgarden (IRGC) , if\u00f8lge nyhetsbyr\u00e5et AFP.<\/p>\n<p>Ingen amerikanske soldater ble s\u00e5ret i angrepene mot de amerikanske skipene.<\/p>\n<p>    Vil du se neste video?<\/p>\n<p>    <a href=\"https:\/\/www.nettavisen.no\/nyheter\/statsminister-jonas-gahr-store-svarer-frustrert-dieselkunde-og-traktorsjafor\/v\/80-95-33380\" class=\"recommend-poster\" data-adp-clicklabel=\"video-recommend\" data-adp-clickvalue=\"poster\" rel=\"nofollow noopener\" target=\"_blank\"><br \/>\n      <img decoding=\"async\" width=\"200\" height=\"200\" loading=\"lazy\" src=\"https:\/\/www.europesays.com\/no\/wp-content\/uploads\/2026\/09\/1788626071_892_Jonas Gahr St\u00f8re bredde.jpg\" alt=\"\" class=\"brick-c-cFOWSL\" style=\"--brick-image-ratio: 200 \/ 200;\"\/><\/p>\n<p>Svarer lei traktorsja\u030af\u00f8r1:26<\/p>\n<p>    <\/a><\/p>\n<p>        Etter nye missilangrep mot amerikanske krigsskip har USA sl\u00e5tt til mot tre iranske oljetankere.<\/p>\n<p> \u2013 La beskjeden til IRGC v\u00e6re klar: skyter dere p\u00e5 to av v\u00e5re skip, vil vi p\u00e5f\u00f8re dere en enda h\u00f8yere \u00f8konomisk kostnad \u2013 ved \u00e5 ta ut tre av deres, sier sjef i den amerikanske sentralkommandoen Centcom, Brad Cooper, p\u00e5 <a href=\"\\&quot;https:\/\/x.com\/CENTCOM\/status\/2096231596449767452\\&quot;\">X.<\/a><\/p>\n<p>Angrepene kommer mens USA oppgir intensjon om \u00e5 ramme Iran hardt \u00f8konomisk, blant annet gjennom en blokade av iranske havner.<\/p>\n<p><b>Les ogs\u00e5: <a class=\"simple-relation related-teaser article--c-eBQpMJ\" href=\"https:\/\/www.nettavisen.no\/nyheter\/trump-sier-usa-kan-snart-angripe-iransk-atomanlegg\/s\/80-95-55832\" rel=\"nofollow noopener\" target=\"_blank\">Trump sier USA kan snart angripe iransk atomanlegg<\/a><\/b><\/p>\n<p><b>Les ogs\u00e5: <a class=\"simple-relation related-teaser article--c-eBQpMJ\" href=\"https:\/\/www.nettavisen.no\/nyheter\/trump-bekrefter-witkoff-og-kushner-reiser-til-russland-og-ukraina-med-fredsforslag\/s\/80-95-55895\" rel=\"nofollow noopener\" target=\"_blank\">Trumps utsendinger til Russland og Ukraina med fredsforslag<\/a><\/b><\/p>\n","protected":false},"excerpt":{"rendered":"De tre oljetankerne var knyttet til Den iranske revolusjonsgarden (IRGC) , if\u00f8lge nyhetsbyr\u00e5et AFP. Ingen amerikanske soldater ble&hellip;\n","protected":false},"author":2,"featured_media":345060,"comment_status":"","ping_status":"","sticky":false,"template":"","format":"standard","meta":{"footnotes":"","_share_on_mastodon":"0"},"categories":[12],"tags":[20,21,24,25,15,22,23,13,30,28,29,14,16,26,27,42,43,44,45],"class_list":["post-345059","post","type-post","status-publish","format-standard","has-post-thumbnail","category-verden","tag-breaking-news","tag-breakingnews","tag-featured-news","tag-featurednews","tag-headlines","tag-latest-news","tag-latestnews","tag-news","tag-no","tag-norge","tag-norway","tag-nyheter","tag-overskrifter","tag-top-stories","tag-topstories","tag-verden","tag-world","tag-world-news","tag-worldnews"],"share_on_mastodon":{"url":"https:\/\/pubeurope.com\/@no\/117219404750918239","error":""},"_links":{"self":[{"href":"https:\/\/www.europesays.com\/no\/wp-json\/wp\/v2\/posts\/345059","targetHints":{"allow":["GET"]}}],"collection":[{"href":"https:\/\/www.europesays.com\/no\/wp-json\/wp\/v2\/posts"}],"about":[{"href":"https:\/\/www.europesays.com\/no\/wp-json\/wp\/v2\/types\/post"}],"author":[{"embeddable":true,"href":"https:\/\/www.europesays.com\/no\/wp-json\/wp\/v2\/users\/2"}],"replies":[{"embeddable":true,"href":"https:\/\/www.europesays.com\/no\/wp-json\/wp\/v2\/comments?post=345059"}],"version-history":[{"count":0,"href":"https:\/\/www.europesays.com\/no\/wp-json\/wp\/v2\/posts\/345059\/revisions"}],"wp:featuredmedia":[{"embeddable":true,"href":"https:\/\/www.europesays.com\/no\/wp-json\/wp\/v2\/media\/345060"}],"wp:attachment":[{"href":"https:\/\/www.europesays.com\/no\/wp-json\/wp\/v2\/media?parent=345059"}],"wp:term":[{"taxonomy":"category","embeddable":true,"href":"https:\/\/www.europesays.com\/no\/wp-json\/wp\/v2\/categories?post=345059"},{"taxonomy":"post_tag","embeddable":true,"href":"https:\/\/www.europesays.com\/no\/wp-json\/wp\/v2\/tags?post=345059"}],"curies":[{"name":"wp","href":"https:\/\/api.w.org\/{rel}","templated":true}]}}