{"id":345061,"date":"2026-09-05T16:35:35","date_gmt":"2026-09-05T16:35:35","guid":{"rendered":"https:\/\/www.europesays.com\/no\/345061\/"},"modified":"2026-09-05T16:35:35","modified_gmt":"2026-09-05T16:35:35","slug":"sentias-finansdirektor-trekker-seg-finansavisen","status":"publish","type":"post","link":"https:\/\/www.europesays.com\/no\/345061\/","title":{"rendered":"Sentias finansdirekt\u00f8r trekker seg | Finansavisen"},"content":{"rendered":"<p>Finansdirekt\u00f8r Sverre H\u00e6rem i Sentia har etter eget \u00f8nske valgt \u00e5 fratre sin stilling, skriver selskapet i en b\u00f8rsmelding l\u00f8rdag ettermidagg.<\/p>\n<p>I meldingen skriver selskapet at H\u00e6rem har v\u00e6rt et verdifullt medlem av konsernledelsen i Sentia.<\/p>\n<p>\u00abHan har spilt en viktig rolle i selskapets vellykkede IPO-prosess og v\u00e6rt konsernets CFO i en viktig fase for konsernet\u00bb, skriver Sentia.<\/p>\n<p><b>\u2013 Sverre har gjort en betydelig innsats for Sentia, og vi vil takke Sverre for det han har bidratt med. Vi \u00f8nsker ham alt godt videre, sier konsernsjef Jan Jahren.<\/b><\/p>\n<p>H\u00e6rem fratrer stillingen i l\u00f8pet av september etter n\u00e6rmere avtale, heter det.<\/p>\n<p>\u2013 Jeg er stolt over det vi har f\u00e5tt til sammen i Sentia, ikke minst b\u00f8rsnoteringen og den videre utviklingen av selskapet. N\u00e5 ser jeg frem til nye utfordringer, og jeg \u00f8nsker Sentia og kollegaene mine lykke til videre, sier H\u00e6rem i meldingen<\/p>\n<p>Finansdirekt\u00f8r og visekonsernsjef i datterselskapet HENT, May Helen Dahlstr\u00f8, vil midlertidig erstatte H\u00e6rem.<\/p>\n<p>\u00abSelskapet vil samtidig starte prosessen med rekruttering av permanent Konserndirekt\u00f8r finans og CFO\u00bb, skriver Sentia.<\/p>\n","protected":false},"excerpt":{"rendered":"Finansdirekt\u00f8r Sverre H\u00e6rem i Sentia har etter eget \u00f8nske valgt \u00e5 fratre sin stilling, skriver selskapet i en&hellip;\n","protected":false},"author":2,"featured_media":345062,"comment_status":"","ping_status":"","sticky":false,"template":"","format":"standard","meta":{"footnotes":"","_share_on_mastodon":"0"},"categories":[10],"tags":[20,21,24,25,15,22,23,13,30,28,29,14,16,26,27],"class_list":["post-345061","post","type-post","status-publish","format-standard","has-post-thumbnail","category-norge","tag-breaking-news","tag-breakingnews","tag-featured-news","tag-featurednews","tag-headlines","tag-latest-news","tag-latestnews","tag-news","tag-no","tag-norge","tag-norway","tag-nyheter","tag-overskrifter","tag-top-stories","tag-topstories"],"share_on_mastodon":{"url":"https:\/\/pubeurope.com\/@no\/117219408782455922","error":""},"_links":{"self":[{"href":"https:\/\/www.europesays.com\/no\/wp-json\/wp\/v2\/posts\/345061","targetHints":{"allow":["GET"]}}],"collection":[{"href":"https:\/\/www.europesays.com\/no\/wp-json\/wp\/v2\/posts"}],"about":[{"href":"https:\/\/www.europesays.com\/no\/wp-json\/wp\/v2\/types\/post"}],"author":[{"embeddable":true,"href":"https:\/\/www.europesays.com\/no\/wp-json\/wp\/v2\/users\/2"}],"replies":[{"embeddable":true,"href":"https:\/\/www.europesays.com\/no\/wp-json\/wp\/v2\/comments?post=345061"}],"version-history":[{"count":0,"href":"https:\/\/www.europesays.com\/no\/wp-json\/wp\/v2\/posts\/345061\/revisions"}],"wp:featuredmedia":[{"embeddable":true,"href":"https:\/\/www.europesays.com\/no\/wp-json\/wp\/v2\/media\/345062"}],"wp:attachment":[{"href":"https:\/\/www.europesays.com\/no\/wp-json\/wp\/v2\/media?parent=345061"}],"wp:term":[{"taxonomy":"category","embeddable":true,"href":"https:\/\/www.europesays.com\/no\/wp-json\/wp\/v2\/categories?post=345061"},{"taxonomy":"post_tag","embeddable":true,"href":"https:\/\/www.europesays.com\/no\/wp-json\/wp\/v2\/tags?post=345061"}],"curies":[{"name":"wp","href":"https:\/\/api.w.org\/{rel}","templated":true}]}}