{"id":34507,"date":"2025-09-13T17:32:11","date_gmt":"2025-09-13T17:32:11","guid":{"rendered":"https:\/\/www.europesays.com\/no\/34507\/"},"modified":"2025-09-13T17:32:11","modified_gmt":"2025-09-13T17:32:11","slug":"arbeidsliv-universitetet-i-innlandet-en-annonse-fikk-sivert-25-til-a-bli-boende","status":"publish","type":"post","link":"https:\/\/www.europesays.com\/no\/34507\/","title":{"rendered":"Arbeidsliv, Universitetet i Innlandet | En annonse fikk Sivert (25) til \u00e5 bli boende"},"content":{"rendered":"\n<p>Han kom til Lillehammer som 16-\u00e5ring. Skolegang var han ikke s\u00e5 opptatt av, men hadde gode nok karakterer til \u00e5 begynne p\u00e5 NTG. Sivert Markeset levde og \u00e5ndet for skihopping.<\/p>\n<p>\u2013 Jeg var ikke spesielt interessert i skolefag verken p\u00e5 ungdomsskolen eller videreg\u00e5ende. At jeg sitter her med en fullf\u00f8rt master og jobb ni \u00e5r etter, er nesten ikke til \u00e5 tro. Men det viser at ting kan snu, sier 25-\u00e5ringen.<\/p>\n<p>\u2013 Hvem skulle trodd det<\/p>\n<p>   <img decoding=\"async\" width=\"4284\" height=\"5712\" fetchpriority=\"low\"  loading=\"lazy\"  src=\"https:\/\/www.europesays.com\/no\/wp-content\/uploads\/2025\/09\/IMG_3652-2.jpg\" alt=\"\" class=\"brick-c-cFOWSL\" style=\"--brick-image-ratio: 4284 \/ 5712;\"\/><\/p>\n<p>    Det har g\u00e5tt ni \u00e5r siden Sivert Markeset flyttet fra Asker til Lillehammer.<br \/>\n    Foto:  Kristin Roset\n  <\/p>\n<p>Markeset fortsatte med skihoppingen en liten stund etter NTG-tiden, men la opp da korona inntok verden. Han valgte likevel \u00e5 bli boende p\u00e5 Lillehammer som student. En bachelorgrad i organisasjon og ledelse ble neste skritt.<\/p>\n<p>\u2013 Starten var litt tung, men da jeg fikk min f\u00f8rste B p\u00e5 v\u00e5rparten begynte ballen \u00e5 rulle. Jeg mestret faktisk \u00e5 sitte p\u00e5 \u00abskolebenken\u00bb, og bestemte meg etter hvert \u00e5 ta en master i innovasjon. Hvem skulle trodd det for noen \u00e5r siden, sier han og ler.<\/p>\n<p>\u2013 Traff blink<\/p>\n<p>H\u00f8sten 2023, kort tid etter semesterstart, var Sivert p\u00e5 leting etter en relevant jobb ved siden av masterstudiene i innovasjon. En annonse p\u00e5 nettsidene til Digital Innlandet skilte seg ut.<\/p>\n<p>\u2013 Jeg var p\u00e5 leting etter en jobb, og fant egentlig ikke s\u00e5 mye. Men plutselig kom jeg over stillingsannonsen deres som prosjektassistent. Beskrivelsen traff blink, og jeg m\u00e5tte bare s\u00f8ke. Etter to runder med intervju fikk jeg jobben, sier han entusiastisk.<\/p>\n<p>Sivert forteller at stillingen bydde p\u00e5 varierte oppgaver.<\/p>\n<p>\u2013 Jeg satte stor pris p\u00e5 \u00e5 v\u00e6re en \u00abpotet\u00bb. Jobben var fleksibel, jeg fikk brukt hodet b\u00e5de p\u00e5 skolen og i arbeidslivet. N\u00e5r jeg skulle skrive masteroppgaven, visste jeg hvem jeg kunne kontakte. Nettverket har gjort det lettere \u00e5 navigere i b\u00e5de akademia og n\u00e6ringslivet.<\/p>\n<p>   <img decoding=\"async\" width=\"5712\" height=\"4284\" fetchpriority=\"low\"  loading=\"lazy\"  src=\"https:\/\/www.europesays.com\/no\/wp-content\/uploads\/2025\/09\/IMG_3675-2.jpg\" alt=\"\" class=\"brick-c-cFOWSL\" style=\"--brick-image-ratio: 5712 \/ 4284;\"\/><\/p>\n<p>    \u2013 Mange tenker p\u00e5 Lillehammer som idrettsbyen, men det finnes s\u00e5 mye mer enn bare idrett her, sier Markeset.<br \/>\n    Foto:  Kristin Roset\n  <\/p>\n<p>  M\u00f8ter studentene<\/p>\n<p>Gunn Mari Sund Rusten er daglig leder i Digital Innlandet, og husker godt f\u00f8rste gangen hun m\u00f8tte masterstudenten.<\/p>\n<p>\u2013 Han var en reflektert ung mann som viste oppriktig nysgjerrighet og st\u00e5 p\u00e5 vilje. Og var det noe han lurte p\u00e5 s\u00e5 spurte han. Det var ingen tvil om at Sivert skulle f\u00e5 muligheten hos oss, sier hun.<\/p>\n<p>Digital Innlandet samler rundt 90 virksomheter i et \u00f8kosystem for digitalisering og teknologisk utvikling. De kobler n\u00e6ringsliv, akademia og offentlig sektor for \u00e5 skape innovasjon, vekst og nasjonale spissmilj\u00f8er innen tech.<\/p>\n<p>\u2013 Vi m\u00f8ter studentene p\u00e5 ulike arrangementer og aktiviteter, og forteller dem hvilke muligheter de har innenfor arbeidslivet i Innlandet. Vi ansetter studenter i ulike prosentstillinger, og har utrolig god erfaring med dette. Studentene representerer ofte en annen generasjon, de tenker annerledes og har ny kunnskap, sier hun.<\/p>\n<p>   <img decoding=\"async\" width=\"3000\" height=\"2000\" fetchpriority=\"low\"  loading=\"lazy\"  src=\"https:\/\/www.europesays.com\/no\/wp-content\/uploads\/2025\/09\/GMR_foto+Nina+Knutsen.jpg\" alt=\"\" class=\"brick-c-cFOWSL\" style=\"--brick-image-ratio: 3000 \/ 2000;\"\/><\/p>\n<p>    \u2013 Vi m\u00e5 bli flinkere til \u00e5 m\u00f8te studentene, sier Gunn Mari Sunde Rusten<br \/>\n    Foto: Frode Slettum\n  <\/p>\n<p>  \u2013 M\u00e5 snakke med dem<\/p>\n<p>Sund Rusten mener vi m\u00e5 bli enda flinkere til \u00e5 bygge en bru mellom n\u00e6ringslivet og studiestedene.<\/p>\n<p>\u2013 Vi snakker ofte om dem, men vi m\u00e5 snakke med dem. Hadde det ikke v\u00e6rt for denne stillingsannonsen som Sivert fattet interesse for, hadde han sannsynligvis flyttet enten hjem eller et helt annet sted. Skal vi beholde studentene i regionen v\u00e5r m\u00e5 vi opps\u00f8ke dem.<\/p>\n<p>Hun mener ogs\u00e5 at universitetene i Innlandet kan bli flinkere til \u00e5 legge til rette for \u00e5 bli kontaktet.<\/p>\n<p>\u2013 Det kan v\u00e6re s\u00e5 enkelt som \u00e5 legge ut informasjon p\u00e5 nettsidene deres. Et navn, telefonnummer og e-post, sier hun.<\/p>\n<p>   <img decoding=\"async\" width=\"3000\" height=\"2000\" fetchpriority=\"low\"  loading=\"lazy\"  src=\"https:\/\/www.europesays.com\/no\/wp-content\/uploads\/2025\/09\/F4A03022.jpg\" alt=\"\" class=\"brick-c-cFOWSL\" style=\"--brick-image-ratio: 3000 \/ 2000;\"\/><\/p>\n<p>    Her er Sivert og Gunn Mari p\u00e5 jobb under Partnerkonferansen i v\u00e5r.<br \/>\n    Foto: Frode Slettum\n  <\/p>\n<p>  Rett i full stilling<\/p>\n<p>Sivert leverte masteroppgaven til en str\u00e5lende A i v\u00e5r. Samtidig avsluttet han jobben i Digital Innlandet. Men det betyr ikke at 25-\u00e5ringen har m\u00e5ttet flytte p\u00e5 seg.<\/p>\n<p>\u2013 Jeg fikk tips om \u00e5 s\u00f8ke jobb i Trainee Innlandet, s\u00e5 n\u00e5 har jeg begynt p\u00e5 en to\u00e5rig reise der. Det f\u00f8rste \u00e5ret skal jeg jobbe i Gl\u00f8r, mens neste \u00e5r venter nye oppgaver i Sparebank 1 \u00d8stlandet p\u00e5 Hamar. Det kan se ut som at jeg fortsetter eventyret i regionen.<\/p>\n<p>   <img decoding=\"async\" width=\"4032\" height=\"3024\" fetchpriority=\"low\"  loading=\"lazy\"  src=\"https:\/\/www.europesays.com\/no\/wp-content\/uploads\/2025\/09\/IMG_3658-2.jpg\" alt=\"\" class=\"brick-c-cFOWSL\" style=\"--brick-image-ratio: 4032 \/ 3024;\"\/><\/p>\n<p>    \u2013 Du m\u00e5 t\u00f8rre \u00e5 ta kontakt, sier Sivert.<br \/>\n    Foto:  Kristin Roset\n  <\/p>\n<p>  En oppfordring<\/p>\n<p>Sivert Markeset mener at nysgjerrighet er avgj\u00f8rende for \u00e5 lykkes.<\/p>\n<p>\u2013 Ingen kommer og sp\u00f8r om du vil ha jobb. Du m\u00e5 v\u00e6re genuint nysgjerrig, interessert i hvordan n\u00e6ringslivet fungerer, og t\u00f8rre \u00e5 ta kontakt. Det er h\u00f8y konkurranse, s\u00e5 du m\u00e5 vise at du tar ansvar og ikke bare venter p\u00e5 oppgaver, sier han.<\/p>\n<p>Han oppfordrer ogs\u00e5 bedrifter til \u00e5 opps\u00f8ke studenter, og nevner Trainee Innlandet som et eksempel p\u00e5 hvordan regionalt n\u00e6ringsliv kan kobles tettere p\u00e5 studiene.<\/p>\n<p>\u2013 Det finnes utrolig mange spennende muligheter her, sier han.<\/p>\n","protected":false},"excerpt":{"rendered":"Han kom til Lillehammer som 16-\u00e5ring. Skolegang var han ikke s\u00e5 opptatt av, men hadde gode nok karakterer&hellip;\n","protected":false},"author":2,"featured_media":34508,"comment_status":"","ping_status":"","sticky":false,"template":"","format":"standard","meta":{"footnotes":""},"categories":[56],"tags":[465,36,60,61,1427,62,30,28,29,14,1510,1330,5535],"class_list":{"0":"post-34507","1":"post","2":"type-post","3":"status-publish","4":"format-standard","5":"has-post-thumbnail","7":"category-naeringsliv","8":"tag-arbeidsliv","9":"tag-art","10":"tag-business","11":"tag-economy","12":"tag-lillehammer","13":"tag-naeringsliv","14":"tag-no","15":"tag-norge","16":"tag-norway","17":"tag-nyheter","18":"tag-story","19":"tag-student","20":"tag-universitetet-i-innlandet"},"share_on_mastodon":{"url":"","error":""},"_links":{"self":[{"href":"https:\/\/www.europesays.com\/no\/wp-json\/wp\/v2\/posts\/34507","targetHints":{"allow":["GET"]}}],"collection":[{"href":"https:\/\/www.europesays.com\/no\/wp-json\/wp\/v2\/posts"}],"about":[{"href":"https:\/\/www.europesays.com\/no\/wp-json\/wp\/v2\/types\/post"}],"author":[{"embeddable":true,"href":"https:\/\/www.europesays.com\/no\/wp-json\/wp\/v2\/users\/2"}],"replies":[{"embeddable":true,"href":"https:\/\/www.europesays.com\/no\/wp-json\/wp\/v2\/comments?post=34507"}],"version-history":[{"count":0,"href":"https:\/\/www.europesays.com\/no\/wp-json\/wp\/v2\/posts\/34507\/revisions"}],"wp:featuredmedia":[{"embeddable":true,"href":"https:\/\/www.europesays.com\/no\/wp-json\/wp\/v2\/media\/34508"}],"wp:attachment":[{"href":"https:\/\/www.europesays.com\/no\/wp-json\/wp\/v2\/media?parent=34507"}],"wp:term":[{"taxonomy":"category","embeddable":true,"href":"https:\/\/www.europesays.com\/no\/wp-json\/wp\/v2\/categories?post=34507"},{"taxonomy":"post_tag","embeddable":true,"href":"https:\/\/www.europesays.com\/no\/wp-json\/wp\/v2\/tags?post=34507"}],"curies":[{"name":"wp","href":"https:\/\/api.w.org\/{rel}","templated":true}]}}