{"id":345167,"date":"2026-09-05T18:08:15","date_gmt":"2026-09-05T18:08:15","guid":{"rendered":"https:\/\/www.europesays.com\/no\/345167\/"},"modified":"2026-09-05T18:08:15","modified_gmt":"2026-09-05T18:08:15","slug":"robert-pattinson-svarer-pa-kritikken-haper-han-liker-filmen","status":"publish","type":"post","link":"https:\/\/www.europesays.com\/no\/345167\/","title":{"rendered":"Robert Pattinson svarer p\u00e5 kritikken: \u2013 H\u00e5per han liker filmen"},"content":{"rendered":"\n<p class=\"_lead_145nj_2 _lead_6fko5_53 layout-component text-serif-m layout-normal text-serif-l layout-component layout-wide layout-padded _wide_17hqh_1 layout-padded\">\u00abTwilight\u00bb-stjernen spiller den kontroversielle TV-verten Chris Hansen i den nye thrilleren \u00abPrimetime\u00bb.<\/p>\n<p><img alt=\"SVARER: Skuespiller Robert Pattinson svarer l\u00f8rdag p\u00e5 kritikken. Foto: ETTORE FERRARI \/ EPA \/ NTB\" class=\"_image_jw3bv_65 layout-component layout-wide\" data-fullscreen- data-track-element-type=\"Article image fullscreen\" data-track-name=\"ImageFullscreen\" fetchpriority=\"high\" decoding=\"sync\" loading=\"eager\" height=\"2076\" itemprop=\"image\"  src=\"https:\/\/www.europesays.com\/no\/wp-content\/uploads\/2026\/09\/b673a1d9-6903-3c83-b643-7590efdde909.jpeg\"  style=\"object-position:52.897135416666664% 48.747591522158%\" width=\"3072\"\/>SVARER: Skuespiller Robert Pattinson svarer l\u00f8rdag p\u00e5 kritikken. Foto: ETTORE FERRARI \/ EPA \/ NTB<\/p>\n<ul aria-hidden=\"true\" class=\"_images_ntbth_112\">\n<li><a class=\"_link_ntbth_117\" href=\"https:\/\/www.vg.no\/forfatter\/ida-brun\" style=\"z-index:1\" title=\"Ida Brun\" rel=\"nofollow noopener\" target=\"_blank\"><img alt=\"Bilde av Ida Brun\" class=\"_image_ntbth_93\" fetchpriority=\"low\" loading=\"lazy\" decoding=\"async\" itemprop=\"image\"  src=\"https:\/\/www.europesays.com\/no\/wp-content\/uploads\/2026\/09\/1788631694_653_78bc21fe-8bc7-43e9-80ad-fe809ccc8aac.jpeg\"  width=\"480\"\/><\/a><\/li>\n<\/ul>\n<p> Oppdatert l\u00f8rdag 5. september kl. 19:43     <\/p>\n<p class=\"_paragraph_145nj_4 _paragraph_6fko5_10 layout-component text-serif-m layout-normal text-serif-m layout-padded\">Under filmfestivalen i <a href=\"https:\/\/www.vg.no\/tag\/venezia?utm_source=vg-article&amp;utm_medium=auto-tagger&amp;utm_campaign=j0xbPw\" class=\"_link_145nj_39\" rel=\"nofollow noopener\" target=\"_blank\">Venezia<\/a> l\u00f8rdag m\u00e5tte Robert Pattinson (40) svare p\u00e5 kritikk fra mannen han portretterer p\u00e5 lerretet, nemlig den tidligere \u00abTo Catch a Predator\u00bb-verten Chris Hansen (66).<\/p>\n<p class=\"_paragraph_145nj_4 _paragraph_6fko5_10 layout-component text-serif-m layout-normal text-serif-m layout-padded\">Hansen har truet med \u00e5 g\u00e5 til rettslige skritt mot filmen, som han mener er laget uten at han ble konsultertkonsultertHar r\u00e5df\u00f8rt seg med eller innhentet r\u00e5d fra noen., melder <a href=\"https:\/\/people.com\/robert-pattinson-responds-to-chris-hansen-comments-about-primetime-venice-12108445\" class=\"_link_145nj_39\" rel=\"nofollow noopener\" target=\"_blank\">People<\/a>.<\/p>\n<p class=\"_paragraph_145nj_4 _paragraph_6fko5_10 layout-component text-serif-m layout-normal text-serif-m layout-padded\">\u2013 Jeg h\u00e5per \u00e5penbart at han liker filmen. Jeg hadde aldri som m\u00e5l \u00e5 lage en film om Chris Hansen, sa Pattinson p\u00e5 pressekonferansen, if\u00f8lge People.<\/p>\n<p class=\"_paragraph_145nj_4 _paragraph_6fko5_10 layout-component text-serif-m layout-normal text-serif-m layout-padded\">Skuespilleren la til at han h\u00e5per Hansen tar det som et kompliment at karakteren har v\u00e6rt til s\u00e5 stor inspirasjon for dem som har jobbet med prosjektet i \u00e5revis.<\/p>\n<p class=\"_paragraph_145nj_4 _paragraph_6fko5_10 layout-component text-serif-m layout-normal text-serif-m layout-padded\">\u2013 Jeg tror det er noe magnetisk ved tilstedev\u00e6relsen hans, sa Pattinson om Hansen.<\/p>\n<p><img alt=\"Pattinson h\u00e5per Hansen liker filmen.  Foto: Scott A Garfitt \/ AP \/ NTB\" class=\"_image_jw3bv_65 layout-component layout-normal\" data-fullscreen- data-track-element-type=\"Article image fullscreen\" data-track-name=\"ImageFullscreen\" decoding=\"async\" loading=\"lazy\" height=\"2496\" itemprop=\"image\"  src=\"https:\/\/www.europesays.com\/no\/wp-content\/uploads\/2026\/09\/63dbc6f4-500d-3858-979d-e1e5d7f18eab.jpeg\"  style=\"object-position:57.946047008547005% 48.737980769230774%\" width=\"3744\"\/>Pattinson h\u00e5per Hansen liker filmen.  Foto: Scott A Garfitt \/ AP \/ NTB<\/p>\n<p class=\"_paragraph_145nj_4 _paragraph_6fko5_10 layout-component text-serif-m layout-normal text-serif-m layout-padded\">Hansen ledet det omstridte skjult kamera-programmet \u00abTo Catch a Predator\u00bb p\u00e5 2000-tallet, der han konfronterte voksne menn som trodde de skulle m\u00f8te mindre\u00e5rige for sex. <\/p>\n<p class=\"_paragraph_145nj_4 _paragraph_6fko5_10 layout-component text-serif-m layout-normal text-serif-m layout-padded\">\u2013 Jeg tror det var noe ved programmet som var veldig banebrytende, og som p\u00e5 mange m\u00e5ter br\u00f8t med reglene for hva TV kunne v\u00e6re, sa Pattinson ogs\u00e5 p\u00e5 pressekonferansen. <\/p>\n<p class=\"_paragraph_145nj_4 _paragraph_6fko5_10 layout-component text-serif-m layout-normal text-serif-m layout-padded\">P\u00e5 Dan Abrams\u2019 podkast forrige uke fortalte Hansen at han vurderer sine juridiske muligheter. P\u00e5 Fox News hevdet han ogs\u00e5 at distribut\u00f8ren A24 ba ham signere bort rettighetene til sitt eget navn og bilde.<\/p>\n<p class=\"_paragraph_145nj_4 _paragraph_6fko5_10 layout-component text-serif-m layout-normal text-serif-m layout-padded\">\u00abPrimetime\u00bb har ogs\u00e5 med Merritt Wever, Bokeem Woodbine og artisten Phoebe Bridgers i sin filmdebut. Filmen har kinopremiere 25. september.<\/p>\n","protected":false},"excerpt":{"rendered":"\u00abTwilight\u00bb-stjernen spiller den kontroversielle TV-verten Chris Hansen i den nye thrilleren \u00abPrimetime\u00bb. SVARER: Skuespiller Robert Pattinson svarer l\u00f8rdag&hellip;\n","protected":false},"author":2,"featured_media":345168,"comment_status":"","ping_status":"","sticky":false,"template":"","format":"standard","meta":{"footnotes":"","_share_on_mastodon":"0"},"categories":[58],"tags":[71,4655,30,28,29,11156,72,2992,46],"class_list":["post-345167","post","type-post","status-publish","format-standard","has-post-thumbnail","category-underholdning","tag-entertainment","tag-filmfestival","tag-no","tag-norge","tag-norway","tag-robert-pattinson","tag-underholdning","tag-venezia","tag-vgai"],"share_on_mastodon":{"url":"https:\/\/pubeurope.com\/@no\/117219774181027157","error":""},"_links":{"self":[{"href":"https:\/\/www.europesays.com\/no\/wp-json\/wp\/v2\/posts\/345167","targetHints":{"allow":["GET"]}}],"collection":[{"href":"https:\/\/www.europesays.com\/no\/wp-json\/wp\/v2\/posts"}],"about":[{"href":"https:\/\/www.europesays.com\/no\/wp-json\/wp\/v2\/types\/post"}],"author":[{"embeddable":true,"href":"https:\/\/www.europesays.com\/no\/wp-json\/wp\/v2\/users\/2"}],"replies":[{"embeddable":true,"href":"https:\/\/www.europesays.com\/no\/wp-json\/wp\/v2\/comments?post=345167"}],"version-history":[{"count":0,"href":"https:\/\/www.europesays.com\/no\/wp-json\/wp\/v2\/posts\/345167\/revisions"}],"wp:featuredmedia":[{"embeddable":true,"href":"https:\/\/www.europesays.com\/no\/wp-json\/wp\/v2\/media\/345168"}],"wp:attachment":[{"href":"https:\/\/www.europesays.com\/no\/wp-json\/wp\/v2\/media?parent=345167"}],"wp:term":[{"taxonomy":"category","embeddable":true,"href":"https:\/\/www.europesays.com\/no\/wp-json\/wp\/v2\/categories?post=345167"},{"taxonomy":"post_tag","embeddable":true,"href":"https:\/\/www.europesays.com\/no\/wp-json\/wp\/v2\/tags?post=345167"}],"curies":[{"name":"wp","href":"https:\/\/api.w.org\/{rel}","templated":true}]}}