{"id":345209,"date":"2026-09-05T18:42:14","date_gmt":"2026-09-05T18:42:14","guid":{"rendered":"https:\/\/www.europesays.com\/no\/345209\/"},"modified":"2026-09-05T18:42:14","modified_gmt":"2026-09-05T18:42:14","slug":"lillestrom-brann-2-1","status":"publish","type":"post","link":"https:\/\/www.europesays.com\/no\/345209\/","title":{"rendered":"Lillestr\u00f8m \u2013 Brann 2-1"},"content":{"rendered":"\n<p class=\"_lead_145nj_2 _lead_6fko5_53 layout-component text-serif-m layout-normal text-serif-l layout-component layout-wide layout-padded _wide_17hqh_1 layout-padded\">I forrige m\u00f8te sendte Brann Lillestr\u00f8m hjem som et nedrykkslag. Denne gangen var bergenserne gavmilde. <\/p>\n<p><img alt=\"HVA SKJEDDE? Vetle Dragsnes tok innover seg forsvarsfeilen som f\u00f8rte til scoring. Foto: Paul S. Amundsen \/ NTB\" class=\"_image_jw3bv_65 layout-component layout-wide\" data-fullscreen- data-track-element-type=\"Article image fullscreen\" data-track-name=\"ImageFullscreen\" fetchpriority=\"high\" decoding=\"sync\" loading=\"eager\" height=\"3392\" itemprop=\"image\"  src=\"https:\/\/www.europesays.com\/no\/wp-content\/uploads\/2026\/09\/0335e4ea-d9a6-34b1-9095-c1374f2aa17a.jpeg\"  style=\"object-position:0% 0%\" width=\"5088\"\/>HVA SKJEDDE? Vetle Dragsnes tok innover seg forsvarsfeilen som f\u00f8rte til scoring. Foto: Paul S. Amundsen \/ NTB<\/p>\n<ul aria-hidden=\"true\" class=\"_images_ntbth_112\">\n<li><a class=\"_link_ntbth_117\" href=\"https:\/\/www.vg.no\/forfatter\/oeyvind-herrebroeden\" style=\"z-index:2\" title=\"\u00d8yvind Herrebr\u00f8den\" rel=\"nofollow noopener\" target=\"_blank\"><img alt=\"Bilde av \u00d8yvind Herrebr\u00f8den\" class=\"_image_ntbth_93\" fetchpriority=\"low\" loading=\"lazy\" decoding=\"async\" itemprop=\"image\"  src=\"https:\/\/www.europesays.com\/no\/wp-content\/uploads\/2026\/09\/1788633731_964_8bb7c2c0-7083-4b77-a732-7b476449021f.jpeg\"  width=\"480\"\/><\/a><\/li>\n<li><a class=\"_link_ntbth_117\" href=\"https:\/\/www.vg.no\/forfatter\/iris-k-hamre\" style=\"z-index:1\" title=\"Iris Katrine Hamre\" rel=\"nofollow noopener\" target=\"_blank\"><img alt=\"Bilde av Iris Katrine Hamre\" class=\"_image_ntbth_93\" fetchpriority=\"low\" loading=\"lazy\" decoding=\"async\" itemprop=\"image\"  src=\"https:\/\/www.europesays.com\/no\/wp-content\/uploads\/2026\/09\/1788633732_779_fae95780-e503-45ed-a00c-66cc9bcd4630.jpeg\"  width=\"480\"\/><\/a><\/li>\n<\/ul>\n<p> Oppdatert l\u00f8rdag 5. september kl. 20:34     <\/p>\n<p class=\"_paragraph_145nj_4 _paragraph_6fko5_10 layout-component text-serif-m layout-normal text-serif-m layout-padded\">To ganger tok Lillestr\u00f8m Brann-forsvaret p\u00e5 sengen i f\u00f8rste omgang \u2013 noe som f\u00f8rte til to scoringer og 2-1-seier p\u00e5 Brann Stadion.<\/p>\n<p class=\"_paragraph_145nj_4 _paragraph_6fko5_10 layout-component text-serif-m layout-normal text-serif-m layout-padded\">\u2013 De to feilene preger kampen v\u00e5r, for det setter litt mer stress i et lag som jobber med \u00e5 finne en rytme. En rytme som ikke kommer naturlig inn i laget, som det har v\u00e6rt f\u00f8r i tiden,  sier Brann-trener Eirik Horneland til TV 2 etter kampen.<\/p>\n<ul class=\"_list_145nj_3 _list_6fko5_9 _unordered_145nj_106 layout-component text-serif-m layout-normal text-serif-m layout-padded\">\n<li class=\"_item_145nj_30\">Etter seks minutter tok F\u00e9lix V\u00e1 vare p\u00e5 muligheten da Thore Pedersen kl\u00f8net med touchene som bakerste mann.<\/li>\n<li class=\"_item_145nj_30\">Etter 22 minutter headet tidligere LSK-spiller tidligere LSK-spiller Dragsnes spilte for Lillestr\u00f8m fra januar 2021 til august 2023. Etter et utenlandsopphold i belgiske Royal Charleroi SC signerte han for SK Brann sommeren 2025.Vetle Dragsnes tilbake til Mathias Dyngeland. Hodest\u00f8tet mot Brann-keeperen ble for svakt, Fredrik Gulbrandsen (33) v\u00e6ret situasjonen, snappet ballen og satte inn 2\u20130 med en utstrakt fot.<\/li>\n<\/ul>\n<p class=\"_paragraph_145nj_4 _paragraph_6fko5_10 layout-component text-serif-m layout-normal text-serif-m layout-padded\">\u2013 Dette er \u00e5revis med erfaring, dette er klokskap. Her vet han at det kan oppst\u00e5 noe, sier TV 2-ekspert Yaw Amankwah om snikskytteraksjonen til Gulbrandsen.<\/p>\n<p class=\"_paragraph_145nj_4 _paragraph_6fko5_10 layout-component text-serif-m layout-normal text-serif-m layout-padded\"><strong class=\"_strong_145nj_25\">\u2013 \u00c5 slippe inn to m\u00e5l litt ut av ingenting \u2013 det er klart at da er det vanskelig \u00e5 vinne fotballkamper, sa Branns forsvarsspiller Vetle Dragsnes til TV 2 i pausen.<\/strong><\/p>\n<p><img alt=\"JUBEL: Fredrik Gulbrandsens luktesans ga uttelling.  Foto: Paul S. Amundsen \/ NTB\" class=\"_image_jw3bv_65 layout-component layout-normal\" data-fullscreen- data-track-element-type=\"Article image fullscreen\" data-track-name=\"ImageFullscreen\" decoding=\"async\" loading=\"lazy\" height=\"1862\" itemprop=\"image\"  src=\"https:\/\/www.europesays.com\/no\/wp-content\/uploads\/2026\/09\/192f59a0-be15-389e-8b96-1b9e46df4f08.jpeg\"  style=\"object-position:0% 0%\" width=\"2793\"\/>JUBEL: Fredrik Gulbrandsens luktesans ga uttelling.  Foto: Paul S. Amundsen \/ NTB<\/p>\n<ul class=\"_list_145nj_3 _list_6fko5_9 _unordered_145nj_106 layout-component text-serif-m layout-normal text-serif-m layout-padded\">\n<li class=\"_item_145nj_30\">Etter 89 minutter reduserte Brann og B\u00e5rd Finne, men til liten nytte for hjemmelaget.<\/li>\n<\/ul>\n<p class=\"_paragraph_145nj_4 _paragraph_6fko5_10 layout-component text-serif-m layout-normal text-serif-m layout-padded\">Dermed tok Europa League-klare Lillestr\u00f8m sin f\u00f8rste seier i serien p\u00e5 ti \u00e5r mot Conference League-klare Brann. <\/p>\n<p class=\"_paragraph_145nj_4 _paragraph_6fko5_10 layout-component text-serif-m layout-normal text-serif-m layout-padded\">Horneland mener de har en del \u00e5 jobbe med for \u00e5 komme tilbake p\u00e5 niv\u00e5et de \u00f8nsker \u00e5 v\u00e6re p\u00e5.<\/p>\n<p class=\"_paragraph_145nj_4 _paragraph_6fko5_10 layout-component text-serif-m layout-normal text-serif-m layout-padded\"><strong class=\"_strong_145nj_25\">\u2013 Symptomene p\u00e5 et velfungerende kollektiv er ikke der. Vi er et skj\u00f8rt fotballag, et litt s\u00e5nn skj\u00f8rt kollektiv, og et lag som leter litt etter fasongen. Det er en fasong vi m\u00e5 jobbe med hver eneste dag.<\/strong><\/p>\n<p><img alt=\"M\u00c5 TERPE: Brann-trener Eirik Horneland sier bergensklubben har flere ting de m\u00e5 ta tak i.  Foto: Paul S. Amundsen \/ NTB\" class=\"_image_jw3bv_65 layout-component layout-normal\" data-fullscreen- data-track-element-type=\"Article image fullscreen\" data-track-name=\"ImageFullscreen\" decoding=\"async\" loading=\"lazy\" height=\"5464\" itemprop=\"image\"  src=\"https:\/\/www.europesays.com\/no\/wp-content\/uploads\/2026\/09\/0135e21b-0232-300f-9d50-c9ae9e242d54.jpeg\"  style=\"object-position:0% 0%\" width=\"8192\"\/>M\u00c5 TERPE: Brann-trener Eirik Horneland sier bergensklubben har flere ting de m\u00e5 ta tak i.  Foto: Paul S. Amundsen \/ NTB<\/p>\n<p class=\"_paragraph_145nj_4 _paragraph_6fko5_10 layout-component text-serif-m layout-normal text-serif-m layout-padded\">Ved forrige bergensbes\u00f8k \u2013 h\u00f8sten 2024 \u2013 reiste kanarifuglene hjem til Romerike som i praksis nedrykksklare etter at Niklas Castro dundret n\u00e5del\u00f8st inn seiersm\u00e5let p\u00e5 straffe tre minutter p\u00e5 overtid.<\/p>\n<p>Brann mot Lillestr\u00f8m i Eliteserien<\/p>\n<p class=\"_paragraph_145nj_4 _paragraph_6fko5_10 _paragraph_1kitn_11 layout-component text-serif-m layout-normal text-sans-m layout-padded\"><strong class=\"_strong_145nj_25\">2024:<\/strong> 2\u20131 hjemme og 2\u20130 borte<\/p>\n<p class=\"_paragraph_145nj_4 _paragraph_6fko5_10 _paragraph_1kitn_11 layout-component text-serif-m layout-normal text-sans-m layout-padded\"><strong class=\"_strong_145nj_25\">2023:<\/strong> 2\u20132 og 2\u20130 <\/p>\n<p class=\"_paragraph_145nj_4 _paragraph_6fko5_10 _paragraph_1kitn_11 layout-component text-serif-m layout-normal text-sans-m layout-padded\"><strong class=\"_strong_145nj_25\">2021:<\/strong> 1\u20131 og 3\u20132 <\/p>\n<p class=\"_paragraph_145nj_4 _paragraph_6fko5_10 _paragraph_1kitn_11 layout-component text-serif-m layout-normal text-sans-m layout-padded\"><strong class=\"_strong_145nj_25\">2019:<\/strong> 1\u20130 og 3\u20131<\/p>\n<p class=\"_paragraph_145nj_4 _paragraph_6fko5_10 _paragraph_1kitn_11 layout-component text-serif-m layout-normal text-sans-m layout-padded\"><strong class=\"_strong_145nj_25\">2018:<\/strong> 1\u20131 og 1\u20131<\/p>\n<p class=\"_paragraph_145nj_4 _paragraph_6fko5_10 _paragraph_1kitn_11 layout-component text-serif-m layout-normal text-sans-m layout-padded\"><strong class=\"_strong_145nj_25\">2017:<\/strong> 2\u20130 og 2\u20130<\/p>\n<p class=\"_paragraph_145nj_4 _paragraph_6fko5_10 _paragraph_1kitn_11 layout-component text-serif-m layout-normal text-sans-m layout-padded\"><strong class=\"_strong_145nj_25\">2016:<\/strong> 1\u20132 og 0\u20131<\/p>\n<p>Vis mer<\/p>\n<p class=\"_paragraph_145nj_4 _paragraph_6fko5_10 layout-component text-serif-m layout-normal text-serif-m layout-padded\">Samtidig kan det bety at Lillestr\u00f8m har funnet formen i grevens tid \u2013 for neste helg kommer rivalen V\u00e5lerenga p\u00e5 bes\u00f8k til \u00c5r\u00e5sen.<\/p>\n<p class=\"_paragraph_145nj_4 _paragraph_6fko5_10 layout-component text-serif-m layout-normal text-serif-m layout-padded\">I de seks seriekampene f\u00f8r Brann-m\u00f8tet i Bergen hadde den ellers seiersvante Hans Erik \u00d8degaard sett mannskapet sitt tape fire og spille to uavgjort. 18. juli var sist \u00d8degaard kjente p\u00e5 f\u00f8lelsen av en trepoenger i <a href=\"https:\/\/www.vg.no\/tag\/eliteserien?utm_source=vg-article&amp;utm_medium=auto-tagger&amp;utm_campaign=xrdb4j\" class=\"_link_145nj_39\" rel=\"nofollow noopener\" target=\"_blank\">Eliteserien<\/a>.<\/p>\n<p><img alt=\"LSK-trener Hans Erik \u00d8degaard kan smile etter en viktig seier.  Foto: Paul S. Amundsen \/ NTB\" class=\"_image_jw3bv_65 layout-component layout-normal\" data-fullscreen- data-track-element-type=\"Article image fullscreen\" data-track-name=\"ImageFullscreen\" decoding=\"async\" loading=\"lazy\" height=\"5004\" itemprop=\"image\"  src=\"https:\/\/www.europesays.com\/no\/wp-content\/uploads\/2026\/09\/9b489880-88eb-3ce3-95ec-b5eb3f5781e9.jpeg\"  style=\"object-position:0% 0%\" width=\"7502\"\/>LSK-trener Hans Erik \u00d8degaard kan smile etter en viktig seier.  Foto: Paul S. Amundsen \/ NTB<\/p>\n<p class=\"_paragraph_145nj_4 _paragraph_6fko5_10 layout-component text-serif-m layout-normal text-serif-m layout-padded\">Fredrik Gulbrandsen beskrev det i pausen som \u00aben voksen fotballkamp\u00bb. Selv hadde han f\u00e5tt en smell i leggen, mens lagkamerat Espen Garn\u00e5s m\u00e5tte bytte med en skadesmell etter bare fire minutters spill.<\/p>\n<p class=\"_paragraph_145nj_4 _paragraph_6fko5_10 layout-component text-serif-m layout-normal text-serif-m layout-padded\">Ulrik Mathisen ble tilkjent straffespark i 2. omgang, da Brann styrte det meste av spillet, men dommer Espen Esk\u00e5s endret mening etter en dobbeltsjekk ved VAR-skjermen. <\/p>\n<p class=\"_paragraph_145nj_4 _paragraph_6fko5_10 layout-component text-serif-m layout-normal text-serif-m layout-padded\">\u2013 Gjennom hele kampen synes jeg vi er urytmiske, un\u00f8yaktige, litt tunge i hodene, litt tunge i kroppene. Vi har veldig mye \u00e5 jobbe med, synes jeg, sier Horneland.<\/p>\n","protected":false},"excerpt":{"rendered":"I forrige m\u00f8te sendte Brann Lillestr\u00f8m hjem som et nedrykkslag. Denne gangen var bergenserne gavmilde. HVA SKJEDDE? Vetle&hellip;\n","protected":false},"author":2,"featured_media":345210,"comment_status":"","ping_status":"","sticky":false,"template":"","format":"standard","meta":{"footnotes":"","_share_on_mastodon":"0"},"categories":[59],"tags":[134,92,729,30,28,29,418,83,82],"class_list":["post-345209","post","type-post","status-publish","format-standard","has-post-thumbnail","category-sport","tag-eliteserien","tag-fotball","tag-lillestrom","tag-no","tag-norge","tag-norway","tag-sk-brann","tag-sport","tag-sports"],"share_on_mastodon":{"url":"https:\/\/pubeurope.com\/@no\/117219908350992087","error":""},"_links":{"self":[{"href":"https:\/\/www.europesays.com\/no\/wp-json\/wp\/v2\/posts\/345209","targetHints":{"allow":["GET"]}}],"collection":[{"href":"https:\/\/www.europesays.com\/no\/wp-json\/wp\/v2\/posts"}],"about":[{"href":"https:\/\/www.europesays.com\/no\/wp-json\/wp\/v2\/types\/post"}],"author":[{"embeddable":true,"href":"https:\/\/www.europesays.com\/no\/wp-json\/wp\/v2\/users\/2"}],"replies":[{"embeddable":true,"href":"https:\/\/www.europesays.com\/no\/wp-json\/wp\/v2\/comments?post=345209"}],"version-history":[{"count":0,"href":"https:\/\/www.europesays.com\/no\/wp-json\/wp\/v2\/posts\/345209\/revisions"}],"wp:featuredmedia":[{"embeddable":true,"href":"https:\/\/www.europesays.com\/no\/wp-json\/wp\/v2\/media\/345210"}],"wp:attachment":[{"href":"https:\/\/www.europesays.com\/no\/wp-json\/wp\/v2\/media?parent=345209"}],"wp:term":[{"taxonomy":"category","embeddable":true,"href":"https:\/\/www.europesays.com\/no\/wp-json\/wp\/v2\/categories?post=345209"},{"taxonomy":"post_tag","embeddable":true,"href":"https:\/\/www.europesays.com\/no\/wp-json\/wp\/v2\/tags?post=345209"}],"curies":[{"name":"wp","href":"https:\/\/api.w.org\/{rel}","templated":true}]}}