{"id":345225,"date":"2026-09-05T18:58:15","date_gmt":"2026-09-05T18:58:15","guid":{"rendered":"https:\/\/www.europesays.com\/no\/345225\/"},"modified":"2026-09-05T18:58:15","modified_gmt":"2026-09-05T18:58:15","slug":"na-beklager-han","status":"publish","type":"post","link":"https:\/\/www.europesays.com\/no\/345225\/","title":{"rendered":"N\u00e5 beklager han"},"content":{"rendered":"<p class=\"subtitle \" style=\"\">Jakob Asserson Ingebrigtsen (25) uttaler seg etter ordene som har satt fyr p\u00e5 friidrettsverden.\u00a0&#8211; Det var lavm\u00e5l, uavhengig av adrenalin og f\u00f8lelser, sier han til Dagbladet.\u00a0<\/p>\n<p>\n    BEKLAGER UTTALELSER: Jakob Ingebrigtsen uttaler seg om de kraftige uttalelsene etter Diamond League-finalen. Foto: Artur Widak \/ NUR \/ NTB\n  <\/p>\n<p>&#8211; Jeg burde aldri kalt noen tapere. Det beklager jeg, sier Jakob Asserson Ingebrigtsen til Dagbladet via sin pressekontakt Espen Skoland l\u00f8rdag formiddag.<\/p>\n<p>    <a itemprop=\"url\" href=\"https:\/\/www.dagbladet.no\/sport\/det-er-urettferdig\/85112603\" rel=\"nofollow noopener\" target=\"_blank\"><\/p>\n<p>        <img loading=\"lazy\" decoding=\"async\" src=\"https:\/\/www.europesays.com\/no\/wp-content\/uploads\/2026\/09\/85112831.webp\" width=\"147\" height=\"98\" alt=\"\" class=\"lazyload\" style=\"--aspect-ratio-image: 1.50; \"\/><\/p>\n<p>        &#8211; Det er urettferdig<\/p>\n<p>    <\/a><\/p>\n<p>Det var etter at 25-\u00e5ringen l\u00f8p inn til fjerdeplass i Diamond League-finalen i Br\u00fcssel at han stilte til en rekke intervjuer. Til <a href=\"https:\/\/www.nrk.no\/sport\/ingebrigtsen-stupte-inn-til-4.--plass-i-diamond-league-finalen-1.18014879\" rel=\"nofollow noopener\" target=\"_blank\">NRK<\/a> sa han blant annet:<\/p>\n<p>&#8211; Fy faen, for en gjeng med tapere jeg l\u00f8per mot. Jeg taper, jeg er ikke god nok. Jeg gir det et \u00e6rlig fors\u00f8k og l\u00f8per for \u00e5 vinne, men jeg er ikke sterk nok. Det er litt s\u00e5nn det er n\u00e5, men fy faen for en gjeng med tapere.\u00a0<\/p>\n<p>Til andre medier, deriblant Citius Mag, var han kritisk til amerikaneren Cole Hocker.\u00a0<\/p>\n<p>&#8211; Cole fikk byttet ut fartsholderen til sin egen lagkamerat. Dermed trodde alle at han kom til \u00e5 tvinge seg selv til \u00e5 f\u00f8lge farten til sin egen mann. Men det var bare et triks &#8230; Han lurte oss alle sammen, for han bestemte seg i stedet for \u00e5 gjemme seg bak alle andre, sa han.<\/p>\n<p>        SKADE?: Jakob Ingebrigtsen l\u00f8p inn til nok et EM-gull p\u00e5 5000m i Birmingham. Men etter han l\u00f8p i m\u00e5l holdt han seg til l\u00e5ret. <\/p>\n<p>Dagbladet var l\u00f8rdag i kontakt med Ray Flynn, agenten til Cole Hocker,\u00a0<\/p>\n<p>&#8211; Jakob framst\u00e5r n\u00e5 som en sutrete l\u00f8per som skylder p\u00e5 andre. Det er pinlig \u00e5 se en stor mester klage og legge skylden p\u00e5 andre l\u00f8pere n\u00e5r han ikke vinner. Det er fullstendig respektl\u00f8st overfor konkurrentene hans, som n\u00e5 sl\u00e5r ham jevnlig p\u00e5 1500 meter, skrev Flynn i en e-post til Dagbladet.\u00a0<\/p>\n<p>        <img loading=\"lazy\" decoding=\"async\" src=\"https:\/\/www.europesays.com\/no\/wp-content\/uploads\/2026\/09\/85113847.webp\" width=\"688\" height=\"393\" alt=\"\" class=\"\" style=\"--aspect-ratio-image: 1.75; \"\/><\/p>\n<p>\n        RIVALER: Jakob Asserson Ingebrigtsen side om side med Cole Hocker p\u00e5 1500 meteren i Brussel. Foto: Omar Havana \/ AP \/ NTB\n    <\/p>\n<p>Til dette svarer n\u00e5 Ingebrigtsen:<\/p>\n<p class=\"no_italic m-no_italic\" data-lab-italic=\"\">&#8211; Det var lavm\u00e5l, uavhengig av adrenalin og f\u00f8lelser. Men jeg st\u00e5r for det jeg sa om at Cole og teamet hans har oppf\u00f8rt seg feigt. De fortalte oss andre ut\u00f8vere og arrang\u00f8r at de g\u00e5r etter en bestemt fart og f\u00e5r inn egen hare for \u00e5 dra, men s\u00e5 gj\u00f8r de noe helt annet. N\u00e5r man lover publikum fart, har man et ansvar for \u00e5 f\u00f8lge opp, ihvertfall i mitt hode.\u00a0<\/p>\n<p class=\"no_italic m-no_italic\" data-lab-italic=\"\">Han fortsetter:\u00a0<\/p>\n<p class=\"no_italic m-no_italic\" data-lab-italic=\"\">&#8211; Dette handler ikke om at jeg tapte. Jeg var ikke god nok. Det handler om \u00e5 ta ansvar for de forpliktelsene man har gitt stevnearrang\u00f8r, publikum og konkurrenter. Cole og jeg snakket ut om dette etter l\u00f8pet. Vi er ferdige med saken, s\u00e5 jeg skj\u00f8nner ikke helt hvorfor agenten legger seg opp i alt dette n\u00e5. Hvis man ikke skal f\u00e5 vise litt lidenskap etter et l\u00f8p, b\u00f8r man finne seg en idrett som ikke \u00f8nsker et publikum.\u00a0<\/p>\n<p>    ULTIMATE CHAMPIONSHIP<\/p>\n<p>Arrangeres for f\u00f8rste gang i Budapest i Ungarn 11.\u201313. september 2026.<\/p>\n<ul>\n<li>Mesterskapet g\u00e5r over tre kvelder\u00a0og skal samle rundt 360 av verdens beste friidrettsut\u00f8vere i 28 \u00f8velser.<\/li>\n<\/ul>\n<ul>\n<li>Ut\u00f8verne kvalifiserer seg blant annet gjennom OL, VM, Diamond League og verdensrankingen. I tillegg kan det deles ut ekstraordin\u00e6re invitasjoner.<\/li>\n<\/ul>\n<ul>\n<li>Den totale\u00a0premiepotten er p\u00e5 10 millioner dollar, tilsvarende rundt 100 millioner kroner.<\/li>\n<\/ul>\n<ul>\n<li>Jakob Ingebrigtsen er kvalifisert til b\u00e5de 1500 og 5000 meter. Han var allerede kvalifisert p\u00e5 5000 meter som regjerende olympisk mester og har f\u00e5tt en ekstraordin\u00e6r invitasjon p\u00e5\u00a0<\/li>\n<p>1500 meter.<\/p>\n<\/ul>\n<p class=\"font-weight-bold m-font-weight-bold\" data-lab-font_weight=\"font-weight-bold\">TIDSPUNKTER:\u00a0<\/p>\n<ul>\n<li>Fredag 11. september: 5000 meter menn, finale kl. 19.36.<\/li>\n<li>S\u00f8ndag 13. september: 1500 meter menn, finale kl. 20.10<\/li>\n<\/ul>\n<p>      Vis mer<br \/>\n      Vis mindre<\/p>\n<p class=\"no_italic m-no_italic\" data-lab-italic=\"\">Dagbladet har ogs\u00e5 spurt Flynn om Hocker selv \u00f8nsker \u00e5 uttale seg. Han fokuserer n\u00e5 p\u00e5 Ultimate Championship i Budapest neste uke, opplyser agenten.\u00a0<\/p>\n<p class=\"no_italic m-no_italic\" data-lab-italic=\"\">Dit skal ogs\u00e5 Ingebrigtsen. Han er klar for b\u00e5de 1500 og 5000 meter, men etter det Dagbladet forst\u00e5r er det mest sannsynlig at han bare l\u00f8per 5000 meter.\u00a0<\/p>\n","protected":false},"excerpt":{"rendered":"Jakob Asserson Ingebrigtsen (25) uttaler seg etter ordene som har satt fyr p\u00e5 friidrettsverden.\u00a0&#8211; Det var lavm\u00e5l, uavhengig&hellip;\n","protected":false},"author":2,"featured_media":345226,"comment_status":"","ping_status":"","sticky":false,"template":"","format":"standard","meta":{"footnotes":"","_share_on_mastodon":"0"},"categories":[5],"tags":[20,21,26416,24,25,423,15,19,422,22,23,17,18,13,30,28,29,14,16,83,26,27],"class_list":["post-345225","post","type-post","status-publish","format-standard","has-post-thumbnail","category-overskrifter","tag-breaking-news","tag-breakingnews","tag-cole-hocker","tag-featured-news","tag-featurednews","tag-friidrett","tag-headlines","tag-hovedoppslag","tag-jakob-ingebrigtsen","tag-latest-news","tag-latestnews","tag-main-news","tag-mainnews","tag-news","tag-no","tag-norge","tag-norway","tag-nyheter","tag-overskrifter","tag-sport","tag-top-stories","tag-topstories"],"share_on_mastodon":{"url":"https:\/\/pubeurope.com\/@no\/117219971313227686","error":""},"_links":{"self":[{"href":"https:\/\/www.europesays.com\/no\/wp-json\/wp\/v2\/posts\/345225","targetHints":{"allow":["GET"]}}],"collection":[{"href":"https:\/\/www.europesays.com\/no\/wp-json\/wp\/v2\/posts"}],"about":[{"href":"https:\/\/www.europesays.com\/no\/wp-json\/wp\/v2\/types\/post"}],"author":[{"embeddable":true,"href":"https:\/\/www.europesays.com\/no\/wp-json\/wp\/v2\/users\/2"}],"replies":[{"embeddable":true,"href":"https:\/\/www.europesays.com\/no\/wp-json\/wp\/v2\/comments?post=345225"}],"version-history":[{"count":0,"href":"https:\/\/www.europesays.com\/no\/wp-json\/wp\/v2\/posts\/345225\/revisions"}],"wp:featuredmedia":[{"embeddable":true,"href":"https:\/\/www.europesays.com\/no\/wp-json\/wp\/v2\/media\/345226"}],"wp:attachment":[{"href":"https:\/\/www.europesays.com\/no\/wp-json\/wp\/v2\/media?parent=345225"}],"wp:term":[{"taxonomy":"category","embeddable":true,"href":"https:\/\/www.europesays.com\/no\/wp-json\/wp\/v2\/categories?post=345225"},{"taxonomy":"post_tag","embeddable":true,"href":"https:\/\/www.europesays.com\/no\/wp-json\/wp\/v2\/tags?post=345225"}],"curies":[{"name":"wp","href":"https:\/\/api.w.org\/{rel}","templated":true}]}}